{"id":223553,"date":"2026-07-08T15:05:11","date_gmt":"2026-07-08T15:05:11","guid":{"rendered":"https:\/\/www.europesays.com\/lt\/223553\/"},"modified":"2026-07-08T15:05:11","modified_gmt":"2026-07-08T15:05:11","slug":"inspektoriai-sustabde-prezo-gamyklos-veikla-kaune-rado-siurksciu-pazeidimu","status":"publish","type":"post","link":"https:\/\/www.europesays.com\/lt\/223553\/","title":{"rendered":"Inspektoriai sustabd\u0117 \u201ePrezo\u201c gamyklos veikl\u0105 Kaune: rado \u0161iurk\u0161\u010di\u0173 pa\u017eeidim\u0173"},"content":{"rendered":"<p>Maisto gamintojams taikomi grie\u017eti saugos reikalavimai, ta\u010diau kai kurios verslo \u012fmon\u0117s linkusios ignoruoti esmines higienos normas. Valstybin\u0117s maisto ir veterinarijos tarnybos (VMVT) Prie\u017ei\u016bros departamento Kauno apygardos prie\u017ei\u016bros skyriaus specialistai, atlik\u0119 planin\u012f patikrinim\u0105 UAB \u201ePREZO GRUP\u0116\u201c miltin\u0117s konditerijos pusgamini\u0173 gamybos \u012fmon\u0117je, u\u017efiksavo \u0161iurk\u0161\u010dius ir sisteminius pa\u017eeidimus. \u012emon\u0117s veikla buvo nedelsiant sustabdyta.<\/p>\n<p>Patikrinimo metu nustatyti tokie <a href=\"https:\/\/kaunas.kasvyksta.lt\/pazeidimai\" title=\"Pa\u017eeidimai\" rel=\"nofollow noopener\" target=\"_blank\">pa\u017eeidimai<\/a>:<\/p>\n<ul class=\"&#10;          list-content list-outside pl-10&#10;          list-disc&#10;        \">\n<li class=\"[&amp;&gt;a]:text-primary dark:[&amp;&gt;a]:text-white [&amp;&gt;a]:underline md:text-lg text-base\">Kritin\u0117 \u012frangos b\u016bkl\u0117 ir pel\u0117sis:\u00a0staigaus su\u0161aldymo (\u0161okinio) \u012frengini\u0173 i\u0161oriniai pavir\u0161iai buvo visi\u0161kai nei\u0161valyti, pasideng\u0119 pel\u0117siu bei kondensatu. Kibin\u0173 gamybos cecho \u0161aldytuvas ir trys konditerijos cecho \u0161aldymo \u012frenginiai skend\u0117jo ne\u0161varumuose\u00a0\u2013 j\u0173 sandarinimo gumos pa\u017eeistos, ventiliatori\u0173 gaubtai aplip\u0119 dulk\u0117mis, o mai\u0161ykli\u0173 plastikiniai gaubtai \u2013 sutr\u016bkin\u0117j\u0119 ir nehigieni\u0161ki.<\/li>\n<li class=\"[&amp;&gt;a]:text-primary dark:[&amp;&gt;a]:text-white [&amp;&gt;a]:underline md:text-lg text-base\">Kry\u017emin\u0117 tar\u0161a tvarkant maist\u0105:\u00a0gamyboje naudojamos \u017ealiavos \u2013 kefyras, spirgu\u010diai, tarkuotas s\u016bris bei kumpis \u2013 buvo laikomi ne\u0161variose, apyvartin\u0117se tiek\u0117j\u0173 d\u0117\u017e\u0117se, ant kuri\u0173 paliktos kit\u0173 maisto produkt\u0173 (m\u0117sos, r\u016bkyt\u0173 gamini\u0173) etiket\u0117s. Margarinas buvo sand\u0117liuojamas tiesiai ant medini\u0173 transportavimo pale\u010di\u0173, o plastikin\u0117s d\u0117\u017e\u0117s apgaubtos dulk\u0117ta, ne\u0161varia pl\u0117vele.<\/li>\n<li class=\"[&amp;&gt;a]:text-primary dark:[&amp;&gt;a]:text-white [&amp;&gt;a]:underline md:text-lg text-base\">Higienos pa\u017eeidimai:\u00a0konditerijos ceche dalis \u0161varaus gamybinio inventoriaus buvo laikoma d\u0117\u017e\u0117se tiesiogiai ant grind\u0173, visai \u0161alia valymo priemoni\u0173. Ma\u017ea to, i\u0161plautas gamybinis inventorius buvo sud\u0117tas tiesiai ant \u0161iuk\u0161liad\u0117\u017ei\u0173.<\/li>\n<li class=\"[&amp;&gt;a]:text-primary dark:[&amp;&gt;a]:text-white [&amp;&gt;a]:underline md:text-lg text-base\">Apleistos patalpos:\u00a0te\u0161los ruo\u0161ini\u0173 gamybiniame ceche dviejose vietose buvo i\u0161kritusi lub\u0173 danga, o darbastali\u0173 apatin\u0117s dalys ir spintel\u0117s skend\u0117jo dulk\u0117se. Lauko bei vidaus \u0161aldymo kamer\u0173 grindys buvo nevalytos, pa\u010dios kameros stipriai pri\u0161alusios, o vir\u0161 kepimo krosni\u0173 esantys ventiliacijos gaubtai \u2013 apsine\u0161\u0119 ne\u0161varumais.<\/li>\n<\/ul>\n<p>Kaip ra\u0161oma VMVT prane\u0161ime \u017einiasklaidai, patikrinimo metu inspektoriai taip pat nustat\u0117 savikontrol\u0117s sistemos pa\u017eeidim\u0173.<\/p>\n<p>Paai\u0161k\u0117jo, kad kasdienio valymo darb\u0173 registracijos \u017eurnalas buvo pildomas ne pagal fakti\u0161kai atliekamus darbus \u2013 tikrinimo dien\u0105 \u012fra\u0161ai jame jau buvo padaryti kelioms dienoms \u012f priek\u012f. Be to, \u012fmon\u0117s vadovyb\u0117s parengtame \u012fsakyme d\u0117l savikontrol\u0117s diegimo nebuvo paskirti atsakingi asmenys.<\/p>\n<p>Gamybos \u012fmon\u0117s veikla stabdoma, kol bus pa\u0161alinti visi nustatyti pa\u017eeidimai. Siekiant priimti galutinius sprendimus d\u0117l tolimesni\u0173 poveikio priemoni\u0173 bei sankcij\u0173 taikymo \u0161iam \u016bkio subjektui, visa surinkta patikrinimo med\u017eiaga skubos tvarka perduota VMVT Poveikio priemoni\u0173 taikymo skyriui.<\/p>\n","protected":false},"excerpt":{"rendered":"Maisto gamintojams taikomi grie\u017eti saugos reikalavimai, ta\u010diau kai kurios verslo \u012fmon\u0117s linkusios ignoruoti esmines higienos normas. Valstybin\u0117s maisto&hellip;\n","protected":false},"author":2,"featured_media":223554,"comment_status":"","ping_status":"","sticky":false,"template":"","format":"standard","meta":{"footnotes":"","_share_on_mastodon":"0"},"categories":[13],"tags":[25,30,31,34,35,24,1061,32,33,37,39,36,38,40,23,22,9230,28,29,33650,26,27,13344,46],"class_list":["post-223553","post","type-post","status-publish","format-standard","has-post-thumbnail","category-lietuva","tag-antrastes","tag-breaking-news","tag-breakingnews","tag-featured-news","tag-featurednews","tag-headlines","tag-kaunas","tag-latest-news","tag-latestnews","tag-lietuva","tag-lietuviu","tag-lithuania","tag-lithuanian","tag-lt","tag-naujienos","tag-news","tag-pazeidimai","tag-populiariausios-naujienos","tag-populiariausiosnaujienos","tag-prezo","tag-top-stories","tag-topstories","tag-valstybines-maisto-ir-veterinarijos-tarnyba","tag-verslas"],"share_on_mastodon":{"url":"https:\/\/pubeurope.com\/@lt\/116884978286006427","error":""},"_links":{"self":[{"href":"https:\/\/www.europesays.com\/lt\/wp-json\/wp\/v2\/posts\/223553","targetHints":{"allow":["GET"]}}],"collection":[{"href":"https:\/\/www.europesays.com\/lt\/wp-json\/wp\/v2\/posts"}],"about":[{"href":"https:\/\/www.europesays.com\/lt\/wp-json\/wp\/v2\/types\/post"}],"author":[{"embeddable":true,"href":"https:\/\/www.europesays.com\/lt\/wp-json\/wp\/v2\/users\/2"}],"replies":[{"embeddable":true,"href":"https:\/\/www.europesays.com\/lt\/wp-json\/wp\/v2\/comments?post=223553"}],"version-history":[{"count":0,"href":"https:\/\/www.europesays.com\/lt\/wp-json\/wp\/v2\/posts\/223553\/revisions"}],"wp:featuredmedia":[{"embeddable":true,"href":"https:\/\/www.europesays.com\/lt\/wp-json\/wp\/v2\/media\/223554"}],"wp:attachment":[{"href":"https:\/\/www.europesays.com\/lt\/wp-json\/wp\/v2\/media?parent=223553"}],"wp:term":[{"taxonomy":"category","embeddable":true,"href":"https:\/\/www.europesays.com\/lt\/wp-json\/wp\/v2\/categories?post=223553"},{"taxonomy":"post_tag","embeddable":true,"href":"https:\/\/www.europesays.com\/lt\/wp-json\/wp\/v2\/tags?post=223553"}],"curies":[{"name":"wp","href":"https:\/\/api.w.org\/{rel}","templated":true}]}}