{"id":223770,"date":"2026-07-08T20:47:13","date_gmt":"2026-07-08T20:47:13","guid":{"rendered":"https:\/\/www.europesays.com\/lt\/223770\/"},"modified":"2026-07-08T20:47:13","modified_gmt":"2026-07-08T20:47:13","slug":"putinas-susvelnino-salygas-del-karo-pries-ukraina-uzbaigimo","status":"publish","type":"post","link":"https:\/\/www.europesays.com\/lt\/223770\/","title":{"rendered":"Putinas su\u0161velnino s\u0105lygas d\u0117l karo prie\u0161 Ukrain\u0105 u\u017ebaigimo"},"content":{"rendered":"\n<p>Paklaustas, ar yra pasireng\u0119s daryti spaudim\u0105 V. Putinui, jei \u0161is atsisakyt\u0173 nutraukti kar\u0105, Balt\u0173j\u0173 r\u016bm\u0173 vadovas atsak\u0117, kad spaudimas jau daromas.<\/p>\n<p>  <img decoding=\"async\" src=\"https:\/\/static.delfi.lt\/portal\/images\/article\/icon-pullout.svg\" alt=\"\"\/> <\/p>\n<p>\u201eMes darome stipr\u0173 spaudim\u0105 Putinui. Nemanau, kad jam patinka tai, kas vyksta. Nemanau, kad jis d\u017eiaugiasi dabartine situacija. Putinui daromas didelis spaudimas, kad jis tai padaryt\u0173. Visi j\u012f spaud\u017eia, kad tai b\u016bt\u0173 pasiekta\u201c, \u2013 teig\u0117 D. Trumpas.<\/p>\n<p>D. Trumpas dar kart\u0105 pakartojo, kad Kremliaus vadovas nori kuo grei\u010diau u\u017ebaigti <a rel=\"noopener nofollow\" target=\"_blank\" href=\"https:\/\/www.delfi.lt\/temos\/karas-ukrainoje\" tag-id=\"73240966\">kar\u0105<\/a>.<\/p>\n<p>JAV prezidentas prid\u016br\u0117: \u201eJis nori kuo grei\u010diau j\u012f u\u017ebaigti. A\u0161 jo apie tai klausiau, mes kalb\u0117jom\u0117s \u2013 a\u0161 daug su juo bendrauju.\u201c<\/p>\n<p>Jis nurod\u0117, kad su V. Zelenskiu bendrauja palyginti nedaug, ta\u010diau j\u0173 santykiai yra labai geri. O su V. Putinu jis kalbasi gerokai da\u017eniau: \u201eA\u0161 daug bendrauju su Putinu, ir jis nori u\u017ebaigti kar\u0105. Daugelis \u017emoni\u0173 tuo netiki.\u201c<\/p>\n<p>Putino s\u0105lygos d\u0117l karo pabaigos kei\u010diasi<\/p>\n<p>Pasak D. Trumpo, dabar pastebima, kad V. Putinas \u0161iek tiek su\u0161velnino s\u0105lygas, kurias anks\u010diau k\u0117l\u0117 d\u0117l karo u\u017ebaigimo.<\/p>\n<p>\u201eBuvo tam tikros s\u0105lygos. Jos buvo \u0161iek tiek kitokios. Jos kei\u010diasi. Tikriausiai kai kuriais aspektais jos tampa \u0161iek tiek geresn\u0117s, kaip jums ir nor\u0117t\u0173si [kreipiasi \u012f Zelensk\u012f \u2013 UNIAN]. Rusija yra sud\u0117tingesn\u0117je pad\u0117tyje. Jai tapo sunkiau, nei tur\u0117jo b\u016bti\u201c, \u2013 sak\u0117 D. Trumpas ir prid\u016br\u0117, kad karo pabaigos nori ir V. Putinas, ir V. Zelenskis.<\/p>\n<p>Kas daro \u012ftak\u0105 Kremliaus s\u0105lygoms d\u0117l karo pabaigos?<\/p>\n<p>V. Zelenskio taip pat buvo paklausta, kokiomis s\u0105lygomis V. Putinas gal\u0117t\u0173 baigti kar\u0105. Ukrainos prezidentas atsak\u0117 ne\u017einantis, kokias taikos s\u0105lygas V. Putinas kelia dabar.<\/p>\n<p>     <img decoding=\"async\" src=\"https:\/\/static.delfi.lt\/portal\/images\/article\/icon-pullout.svg\" alt=\"\"\/> <\/p>\n<p>\u201eJos vis tiek kei\u010diasi, nes pa\u010dioje plataus masto karo prad\u017eioje jis buvo stipresnis, o dabar praranda iniciatyv\u0105 m\u016b\u0161io lauke\u201c, \u2013 sak\u0117 V. Zelenskis.<\/p>\n<p>Pasak jo, tai susij\u0119 su technologij\u0173 pl\u0117tra, o ne su kari\u0173 skai\u010diumi kariuomen\u0117je. Jis sak\u0117, kad Ukraina turi geresnius ir greitesnius technologinius sprendimus nei <a rel=\"noopener nofollow\" target=\"_blank\" href=\"https:\/\/www.delfi.lt\/temos\/rusija\" tag-id=\"40342315\">Rusija<\/a>, tod\u0117l iniciatyva, nors ir ne visi\u0161kai, per\u0117jo \u012f Ukrainos pus\u0119.<\/p>\n<p>\u201eMes bandome perkelti kar\u0105 i\u0161 m\u016b\u0161io lauko \u012f dang\u0173, tod\u0117l ir prad\u0117jome kontroliuoti m\u016b\u0161io lauk\u0105. Tai labai svarbu. Sunku priversti juos [rusus] atsitraukti, kai turime ma\u017eiau \u017emoni\u0173. Ta\u010diau mes radome kit\u0105 b\u016bd\u0105 tai padaryti \u2013 sutrikdyti j\u0173 kariuomen\u0117s logistik\u0105\u201c, \u2013 pabr\u0117\u017e\u0117 V. Zelenskis.<\/p>\n<p>Derybos d\u0117l karo u\u017ebaigimo<\/p>\n<p>Kaip ra\u0161\u0117 UNIAN, pagrindin\u0117 V. Putino s\u0105lyga d\u0117l karo prie\u0161 Ukrain\u0105 pabaigos yra viso <a rel=\"noopener nofollow\" target=\"_blank\" href=\"https:\/\/www.delfi.lt\/temos\/donbasas\" tag-id=\"66604680\">Donbaso<\/a> okupacija. Ukraina \u0161\u012f reikalavim\u0105 atmet\u0117.<\/p>\n<p>Nuo vasario pabaigos derybos su Rusija, vykusios tarpininkaujant D. Trumpui, atsid\u016br\u0117 aklaviet\u0117je, tod\u0117l Europos lyderiai prad\u0117jo ie\u0161koti galimo derybininko savo gretose. Buvo svarstomi keli kandidatai, bet n\u0117 vienas negavo pakankamai palaikymo.<\/p>\n<p>Bir\u017eelio 20 d. Pranc\u016bzijos prezidentas Emmanuelis Macronas parei\u0161k\u0117, kad D. Trumpas per susitikim\u0105 Aliaskoje 2025 m. rugpj\u016bt\u012f vos neatidav\u0117 Ukrainos V. Putinui. Jis teig\u0117, kad susitarimas su V. Putinu numat\u0117 Rusijai perduoti net neokupuotas Ukrainos teritorijas.<\/p>\n<p>Nuo tada Rusijos derybininkai naudoja termin\u0105 \u201eAnkorid\u017eo dvasia\u201c, nor\u0117dami pasakyti, kad b\u016btent tie susitarimai su D. Trumpu tenkina Kremli\u0173.<\/p>\n","protected":false},"excerpt":{"rendered":"Paklaustas, ar yra pasireng\u0119s daryti spaudim\u0105 V. Putinui, jei \u0161is atsisakyt\u0173 nutraukti kar\u0105, Balt\u0173j\u0173 r\u016bm\u0173 vadovas atsak\u0117, kad&hellip;\n","protected":false},"author":2,"featured_media":223771,"comment_status":"","ping_status":"","sticky":false,"template":"","format":"standard","meta":{"footnotes":"","_share_on_mastodon":"0"},"categories":[15],"tags":[25,30,31,194,9110,34,35,24,121,32,33,37,39,36,38,40,141,23,22,44,28,29,119,26,27,360,120,971,74,75,76],"class_list":["post-223770","post","type-post","status-publish","format-standard","has-post-thumbnail","category-pasaulis","tag-antrastes","tag-breaking-news","tag-breakingnews","tag-donaldas-trumpas","tag-donbasas","tag-featured-news","tag-featurednews","tag-headlines","tag-karas-ukrainoje","tag-latest-news","tag-latestnews","tag-lietuva","tag-lietuviu","tag-lithuania","tag-lithuanian","tag-lt","tag-nato","tag-naujienos","tag-news","tag-pasaulis","tag-populiariausios-naujienos","tag-populiariausiosnaujienos","tag-rusija","tag-top-stories","tag-topstories","tag-ukraina","tag-vladimiras-putinas","tag-volodymyras-zelenskis","tag-world","tag-world-news","tag-worldnews"],"share_on_mastodon":{"url":"https:\/\/pubeurope.com\/@lt\/116886323017868771","error":""},"_links":{"self":[{"href":"https:\/\/www.europesays.com\/lt\/wp-json\/wp\/v2\/posts\/223770","targetHints":{"allow":["GET"]}}],"collection":[{"href":"https:\/\/www.europesays.com\/lt\/wp-json\/wp\/v2\/posts"}],"about":[{"href":"https:\/\/www.europesays.com\/lt\/wp-json\/wp\/v2\/types\/post"}],"author":[{"embeddable":true,"href":"https:\/\/www.europesays.com\/lt\/wp-json\/wp\/v2\/users\/2"}],"replies":[{"embeddable":true,"href":"https:\/\/www.europesays.com\/lt\/wp-json\/wp\/v2\/comments?post=223770"}],"version-history":[{"count":0,"href":"https:\/\/www.europesays.com\/lt\/wp-json\/wp\/v2\/posts\/223770\/revisions"}],"wp:featuredmedia":[{"embeddable":true,"href":"https:\/\/www.europesays.com\/lt\/wp-json\/wp\/v2\/media\/223771"}],"wp:attachment":[{"href":"https:\/\/www.europesays.com\/lt\/wp-json\/wp\/v2\/media?parent=223770"}],"wp:term":[{"taxonomy":"category","embeddable":true,"href":"https:\/\/www.europesays.com\/lt\/wp-json\/wp\/v2\/categories?post=223770"},{"taxonomy":"post_tag","embeddable":true,"href":"https:\/\/www.europesays.com\/lt\/wp-json\/wp\/v2\/tags?post=223770"}],"curies":[{"name":"wp","href":"https:\/\/api.w.org\/{rel}","templated":true}]}}