{"id":223863,"date":"2026-07-09T02:17:59","date_gmt":"2026-07-09T02:17:59","guid":{"rendered":"https:\/\/www.europesays.com\/lt\/223863\/"},"modified":"2026-07-09T02:17:59","modified_gmt":"2026-07-09T02:17:59","slug":"trakuose-seimoms-primena-vaikams-reikia-saugiu-namu","status":"publish","type":"post","link":"https:\/\/www.europesays.com\/lt\/223863\/","title":{"rendered":"Trakuose \u0161eimoms primena: vaikams reikia saugi\u0173 nam\u0173"},"content":{"rendered":"<p>Reklama<\/p>\n<p><a href=\"https:\/\/upesezerai.lt\/\" target=\"_blank\" rel=\"noopener sponsored nofollow\" class=\"block w-full text-center hover:opacity-90 transition-opacity\"><img src=\"https:\/\/www.europesays.com\/lt\/wp-content\/uploads\/2026\/07\/1783527372_856_riverways-lt.webp\" class=\"mx-auto rounded-lg shadow-sm\" alt=\"Banner\" loading=\"lazy\" decoding=\"async\" fetchpriority=\"low\" width=\"300\" height=\"250\"\/><\/a><\/p>\n<p>Visoje Lietuvoje vykdoma socialin\u0117 kampanija \u201eTobul\u0173 vaik\u0173 neb\u016bna\u201c kvie\u010dia gyventojus i\u0161 naujo pa\u017evelgti \u012f vaik\u0173 glob\u0105 ir pasvarstyti, ar j\u0173 \u0161eima gal\u0117t\u0173 suteikti saugius namus vaikui, netekusiam t\u0117v\u0173 globos.<\/p>\n<p>Kampanijos \u017einia paprasta: vaikai neprivalo b\u016bti \u201epatog\u016bs\u201c, ram\u016bs ar visada tinkamai reaguojantys, kad b\u016bt\u0173 verti meil\u0117s ir stabilumo. Vaiko teisi\u0173 gyn\u0117jai ir Lietuvos globos centrai primena, kad \u0161iuo metu Lietuvoje 938 t\u0117v\u0173 globos netek\u0119 vaikai vis dar auga ne \u0161eimos aplinkoje.<\/p>\n<p>Globos tema da\u017enai apauga l\u016bkes\u010diais, kurie nepadeda nei vaikams, nei suaugusiesiems. Baiminamasi, kad globojamas vaikas tur\u0117s elgesio sunkum\u0173, patirs stipri\u0173 emocij\u0173 ar sunkiai pasitik\u0117s nauja aplinka. Kampanija primena, kad tokie i\u0161\u0161\u016bkiai n\u0117ra \u201eblogo vaiko\u201c \u017eenklas.<\/p>\n<p>Vaikai, netek\u0119 t\u0117v\u0173 globos, da\u017enai yra patyr\u0119 netekt\u012f, nesaugum\u0105 ar ilg\u0105 laukim\u0105, kol \u0161alia atsiras patikimas suaug\u0119s \u017emogus. Tod\u0117l j\u0173 elgesys gali b\u016bti b\u016bdas pasakyti, kad jie bijo, nepasitiki arba dar nemoka kitaip parodyti savo poreiki\u0173.<\/p>\n<p>R\u016bpestingas glob\u0117jas tokioje situacijoje tampa ne \u017emogumi, kuris i\u0161 karto visk\u0105 i\u0161sprend\u017eia, o suaugusiuoju, kuris i\u0161lieka \u0161alia. Vaikui svarbu \u017einoti, kad jis bus i\u0161girstas, priimtas ir mylimas net tada, kai diena buvo sunki.<\/p>\n<p><img data-synergy-lazy- data-synergy-lazy-src=\"https:\/\/infoerdve.lt\/wp-content\/uploads\/2026\/07\/trakuose-seimoms-primena-vaikams-reikia-saugiu-namu-inline-1.webp\" data-synergy-lazy-  alt=\"Trakuose \u0161eimoms primena: vaikams reikia saugi\u0173 nam\u0173\" decoding=\"async\" fetchpriority=\"low\" height=\"512\" loading=\"lazy\" src=\"data:image\/gif;base64,R0lGODlhAQABAAAAACw=\" style=\"max-width: 100%; height: auto;\" width=\"768\"\/><\/p>\n<p>Socialin\u0117 kampanija \u201eTobul\u0173 vaik\u0173 neb\u016bna\u201c skirta \u017emon\u0117ms, kurie yra svarst\u0119 apie glob\u0105, bet sustojo ties abejon\u0117mis. Ji taip pat kalba visuomenei pla\u010diau: apie tai, kaip vertiname vaikus, kuriems labiausiai reikia \u0161eimos aplinkos.<\/p>\n<p>Kampanijos organizatoriai pabr\u0117\u017eia, kad n\u0117 vienas vaikas n\u0117ra \u201etobulas\u201c pagal suaugusi\u0173j\u0173 \u012fsivaizdavim\u0105. Visi vaikai kartais pyksta, klysta, prie\u0161inasi, i\u0161sig\u0105sta ar reaguoja impulsyviai. Skirtumas tas, kad t\u0117v\u0173 globos netekusiam vaikui da\u017enai reikia daugiau laiko ir jautresnio suaugusi\u0173j\u0173 atsako.<\/p>\n<p>Pana\u0161ios globos \u017einut\u0117s pastaruoju metu skamb\u0117jo ir kituose miestuose. Infoerdv\u0117je jau ra\u0161yta, kaip <a href=\"https:\/\/infoerdve.lt\/palangoje-globos-savaite-griove-tobulumo-mita\/\" rel=\"nofollow noopener\" target=\"_blank\">Palangoje globos savait\u0117 kviet\u0117 atsisakyti tobulumo mito<\/a> ir kalb\u0117ti apie realius vaik\u0173 poreikius.<\/p>\n<p>\u017dmon\u0117ms, kurie svarsto apie glob\u0105, pirmas \u017eingsnis n\u0117ra galutinis sprendimas. Da\u017eniausiai tai pokalbis su globos centro specialistais, kurie paai\u0161kina proces\u0105, pasirengimo mokymus, pagalb\u0105 glob\u0117jams ir tai, koki\u0173 situacij\u0173 galima tik\u0117tis.<\/p>\n<p><img data-synergy-lazy- data-synergy-lazy-src=\"https:\/\/infoerdve.lt\/wp-content\/uploads\/2026\/07\/trakuose-seimoms-primena-vaikams-reikia-saugiu-namu-inline-2.webp\" data-synergy-lazy-  alt=\"Trakuose \u0161eimoms primena: vaikams reikia saugi\u0173 nam\u0173\" decoding=\"async\" fetchpriority=\"low\" height=\"513\" loading=\"lazy\" src=\"data:image\/gif;base64,R0lGODlhAQABAAAAACw=\" style=\"max-width: 100%; height: auto;\" width=\"768\"\/><\/p>\n<p>Praktiniai \u017eingsniai:<\/p>\n<ul>\n<li>pasidom\u0117ti globa artimiausiame globos centre arba svetain\u0117je Globos centrai;<\/li>\n<li>\u012fvertinti savo \u0161eimos galimybes skirti vaikui laik\u0105, d\u0117mes\u012f ir emocin\u012f stabilum\u0105;<\/li>\n<li>u\u017eduoti specialistams klausimus apie pasirengim\u0105, pagalb\u0105 ir glob\u0117jo atsakomyb\u0119;<\/li>\n<li>kalb\u0117tis \u0161eimoje apie tai, kaip globojamas vaikas b\u016bt\u0173 priimtas kasdien\u0117je aplinkoje.<\/li>\n<\/ul>\n<p>Vaiko teisi\u0173 gyn\u0117jai pabr\u0117\u017eia, kad glob\u0117jais netampa \u017emon\u0117s be abejoni\u0173. Svarbiausia, kad abejon\u0117s b\u016bt\u0173 aptartos su specialistais, o sprendimas priimtas atsakingai.<\/p>\n<p>938 t\u0117v\u0173 globos netek\u0119 vaikai, augantys ne \u0161eimos aplinkoje, n\u0117ra vien statistika. Tai vaikai, kuriems reikia kasdienio saugumo: \u017emogaus, kuris paklaust\u0173, kaip pra\u0117jo diena, pad\u0117t\u0173 nusiraminti, palyd\u0117t\u0173 \u012f mokykl\u0105, priimt\u0173 j\u0173 pykt\u012f ir d\u017eiaugsm\u0105.<\/p>\n<p>Lietuvos globos centrai siekia, kad kuo daugiau vaik\u0173 gal\u0117t\u0173 augti \u0161eimos aplinkoje. Kiekviena \u0161eima, kuri pradeda dom\u0117tis globa, padeda ma\u017einti atstum\u0105 tarp sistemos ir vaiko poreikio tur\u0117ti namus.<\/p>\n<p style=\"text-align: right; font-style: italic; font-size: 0.9em;\">\u0160altinis: <a href=\"https:\/\/www.trakai.lt\/naujienos\/6178\/socialine-kampanija-tobulu-vaiku-nebuna-kviecia-atverti-sirdis-ir-namus-vaikams:6211\" target=\"_blank\" rel=\"noopener noreferrer nofollow\">Trak\u0173 rajono savivaldyb\u0117<\/a><\/p>\n<p>                                Kontekstas ir veiksmai<br \/>\n                                Apie straipsn\u012f<\/p>\n<p>                                Prane\u0161ti<br \/>\n                                Dalintis<\/p>\n<p>                    \u0160altinis ir patikra<br \/>\n                    \u0160altinio patikra<\/p>\n<p>Tekstas parengtas remiantis Trak\u0173 rajono savivaldyb\u0117s paskelbta informacija apie nacionalin\u0119 globos kampanij\u0105.<\/p>\n<p>Patikros<\/p>\n<ul class=\"mt-1 grid gap-1 text-xs font-bold text-gray-700\">\n<li>Patikrinta, kad kampanija apib\u016bdinama kaip visoje Lietuvoje vykdoma iniciatyva.<\/li>\n<li>I\u0161laikytas \u0161altinyje nurodytas skai\u010dius: 938 t\u0117v\u0173 globos netek\u0119 vaikai auga ne \u0161eimos apli&#8230;<\/li>\n<li>Atskirtas kampanijos tikslas nuo praktini\u0173 \u017eingsni\u0173 skaitytojams.<\/li>\n<li>Geografin\u0117 apr\u0117ptis nurodyta kaip Lietuva, nes prane\u0161ime kalbama apie nacionalin\u0119 kampanij&#8230;<\/li>\n<\/ul>\n<dl class=\"grid shrink-0 gap-1 text-xs font-black uppercase tracking-wider text-gray-500\">\n<p><dt>\u0160altinis<\/dt>\n<dd class=\"text-gray-900\">Trak\u0173 rajono savivaldyb\u0117<\/dd>\n<\/p>\n<p><dt>Apr\u0117ptis<\/dt>\n<dd class=\"text-gray-900\">Lietuva<\/dd>\n<\/p>\n<p><dt>Atnaujinta<\/dt>\n<dd class=\"text-gray-900\">2026-07-08 13:40<\/dd>\n<\/p>\n<\/dl>\n<p>        Prane\u0161ti<\/p>\n<p>                        Straipsnio kontekstasAsmenys ir temos#5<\/p>\n","protected":false},"excerpt":{"rendered":"Reklama Visoje Lietuvoje vykdoma socialin\u0117 kampanija \u201eTobul\u0173 vaik\u0173 neb\u016bna\u201c kvie\u010dia gyventojus i\u0161 naujo pa\u017evelgti \u012f vaik\u0173 glob\u0105 ir&hellip;\n","protected":false},"author":2,"featured_media":223864,"comment_status":"","ping_status":"","sticky":false,"template":"","format":"standard","meta":{"footnotes":"","_share_on_mastodon":"0"},"categories":[17],"tags":[81,33679,37,39,36,38,40,33680,594,33681,31835,46],"class_list":["post-223863","post","type-post","status-publish","format-standard","has-post-thumbnail","category-verslas","tag-business","tag-globos-centrai","tag-lietuva","tag-lietuviu","tag-lithuania","tag-lithuanian","tag-lt","tag-tobulu-vaiku-nebuna","tag-trakai","tag-vaiko-teisiu-gynejai","tag-vaiku-globa","tag-verslas"],"share_on_mastodon":{"url":"https:\/\/pubeurope.com\/@lt\/116887624777856551","error":""},"_links":{"self":[{"href":"https:\/\/www.europesays.com\/lt\/wp-json\/wp\/v2\/posts\/223863","targetHints":{"allow":["GET"]}}],"collection":[{"href":"https:\/\/www.europesays.com\/lt\/wp-json\/wp\/v2\/posts"}],"about":[{"href":"https:\/\/www.europesays.com\/lt\/wp-json\/wp\/v2\/types\/post"}],"author":[{"embeddable":true,"href":"https:\/\/www.europesays.com\/lt\/wp-json\/wp\/v2\/users\/2"}],"replies":[{"embeddable":true,"href":"https:\/\/www.europesays.com\/lt\/wp-json\/wp\/v2\/comments?post=223863"}],"version-history":[{"count":0,"href":"https:\/\/www.europesays.com\/lt\/wp-json\/wp\/v2\/posts\/223863\/revisions"}],"wp:featuredmedia":[{"embeddable":true,"href":"https:\/\/www.europesays.com\/lt\/wp-json\/wp\/v2\/media\/223864"}],"wp:attachment":[{"href":"https:\/\/www.europesays.com\/lt\/wp-json\/wp\/v2\/media?parent=223863"}],"wp:term":[{"taxonomy":"category","embeddable":true,"href":"https:\/\/www.europesays.com\/lt\/wp-json\/wp\/v2\/categories?post=223863"},{"taxonomy":"post_tag","embeddable":true,"href":"https:\/\/www.europesays.com\/lt\/wp-json\/wp\/v2\/tags?post=223863"}],"curies":[{"name":"wp","href":"https:\/\/api.w.org\/{rel}","templated":true}]}}