{"id":223906,"date":"2026-07-09T04:16:32","date_gmt":"2026-07-09T04:16:32","guid":{"rendered":"https:\/\/www.europesays.com\/lt\/223906\/"},"modified":"2026-07-09T04:16:32","modified_gmt":"2026-07-09T04:16:32","slug":"rusija-smoge-odesai-balistinemis-raketomis","status":"publish","type":"post","link":"https:\/\/www.europesays.com\/lt\/223906\/","title":{"rendered":"Rusija smog\u0117 Odesai balistin\u0117mis raketomis"},"content":{"rendered":"<p>Apie tai prane\u0161a \u201eRBC-Ukraine\u201c remdamasi <a rel=\"noopener nofollow\" target=\"_blank\" href=\"https:\/\/www.delfi.lt\/temos\/odesa\" tag-id=\"58868283\">Odesos<\/a> miesto karin\u0117s administracijos vadovo Sergejaus Lysako ir Odesos srities karin\u0117s administracijos vadovo Oleho Kipero prane\u0161imais.<\/p>\n<p>  <img decoding=\"async\" src=\"https:\/\/static.delfi.lt\/portal\/images\/article\/icon-pullout.svg\" alt=\"\"\/> <\/p>\n<p>\u201ePrie\u0161as atakavo Odes\u0105. Pa\u017eeista infrastrukt\u016bra. Deja, \u017euvo du \u017emon\u0117s. U\u017euojauta j\u0173 artimiesiems. Taip pat \u017einoma apie du su\u017eeistuosius\u201c, \u2013 sak\u0117 O. Lysakas.<\/p>\n<p>Jis taip pat sak\u0117, kad oro pavojus vis dar t\u0119siasi, ir paragino gyventojus likti saugiose vietose.<\/p>\n<p>O. Kiperas prane\u0161\u0117, kad po sm\u016bgio u\u017esideg\u0117 krovininiai ir lengvieji automobiliai bei mar\u0161rutinis mikroautobusas. Gaisr\u0105 pavyko suvaldyti.<\/p>\n<p>\u0160iuo metu vietoje dirba visos atsakingos tarnybos, \u0161alinami atakos padariniai. Teis\u0117sauga fiksuoja karo nusikaltimus.<\/p>\n<p>Ukrainos teis\u0117sauga prad\u0117jo tyrim\u0105 d\u0117l karo nusikaltimo, per kur\u012f \u017euvo \u017emon\u0117s.<\/p>\n<p>Padid\u0117jo auk\u0173 skai\u010dius <\/p>\n<p>O. Lysakas prane\u0161\u0117, kad Rusijos ataka nusine\u0161\u0117 4 \u017emoni\u0173 gyvybes. Dar 6 \u017emon\u0117s buvo su\u017eeisti.<\/p>\n<p>Tarp su\u017eeist\u0173j\u0173 \u2013 32, 47 ir 48 met\u0173 vyrai. Jie sunkios b\u016bkl\u0117s gydomi ligonin\u0117je. 65 ir 67 met\u0173 vyrai patyr\u0117 vidutinio sunkumo su\u017ealojimus.<\/p>\n<p>Primenama, kad vakar <a rel=\"noopener nofollow\" target=\"_blank\" href=\"https:\/\/www.delfi.lt\/temos\/rusija\" tag-id=\"40342315\">Rusijos<\/a> paj\u0117gos taip pat smog\u0117 Odesai balistine raketa su kasetiniu u\u017etaisu. Per t\u0105 atak\u0105 buvo su\u017eeisti \u0161e\u0161i \u017emon\u0117s.<\/p>\n<p>Liepos 6-osios nakt\u012f Rusijos paj\u0117gos atakavo Odes\u0105 smogiamaisiais dronais. Tuomet nukent\u0117jo 23 met\u0173 vyras, taip pat buvo apgadinti gyvenamieji namai.<\/p>\n<p>Anks\u010diau <a rel=\"noopener nofollow\" target=\"_blank\" href=\"https:\/\/www.delfi.lt\/temos\/ukraina\" tag-id=\"21801988\">Ukrainos<\/a> prezidentas <a rel=\"noopener nofollow\" target=\"_blank\" href=\"https:\/\/www.delfi.lt\/temos\/volodymyras-zelenskis\" tag-id=\"80248945\">Volodymyras Zelenskis<\/a> per vizit\u0105 Odesos srityje sureng\u0117 pasitarim\u0105 su Ukrainos karini\u0173 j\u016br\u0173 paj\u0117g\u0173 vadovybe. Jie aptar\u0117 sraigtasparni\u0173 skai\u010diaus didinim\u0105, siekiant veiksmingiau kovoti su Rusijos dronais.<\/p>\n","protected":false},"excerpt":{"rendered":"Apie tai prane\u0161a \u201eRBC-Ukraine\u201c remdamasi Odesos miesto karin\u0117s administracijos vadovo Sergejaus Lysako ir Odesos srities karin\u0117s administracijos vadovo&hellip;\n","protected":false},"author":2,"featured_media":223907,"comment_status":"","ping_status":"","sticky":false,"template":"","format":"standard","meta":{"footnotes":"","_share_on_mastodon":"0"},"categories":[15],"tags":[25,30,31,34,35,24,32,33,37,39,36,38,40,23,22,3215,44,28,29,119,26,27,360,971,74,75,76],"class_list":["post-223906","post","type-post","status-publish","format-standard","has-post-thumbnail","category-pasaulis","tag-antrastes","tag-breaking-news","tag-breakingnews","tag-featured-news","tag-featurednews","tag-headlines","tag-latest-news","tag-latestnews","tag-lietuva","tag-lietuviu","tag-lithuania","tag-lithuanian","tag-lt","tag-naujienos","tag-news","tag-odesa","tag-pasaulis","tag-populiariausios-naujienos","tag-populiariausiosnaujienos","tag-rusija","tag-top-stories","tag-topstories","tag-ukraina","tag-volodymyras-zelenskis","tag-world","tag-world-news","tag-worldnews"],"share_on_mastodon":{"url":"https:\/\/pubeurope.com\/@lt\/116888088780100183","error":""},"_links":{"self":[{"href":"https:\/\/www.europesays.com\/lt\/wp-json\/wp\/v2\/posts\/223906","targetHints":{"allow":["GET"]}}],"collection":[{"href":"https:\/\/www.europesays.com\/lt\/wp-json\/wp\/v2\/posts"}],"about":[{"href":"https:\/\/www.europesays.com\/lt\/wp-json\/wp\/v2\/types\/post"}],"author":[{"embeddable":true,"href":"https:\/\/www.europesays.com\/lt\/wp-json\/wp\/v2\/users\/2"}],"replies":[{"embeddable":true,"href":"https:\/\/www.europesays.com\/lt\/wp-json\/wp\/v2\/comments?post=223906"}],"version-history":[{"count":0,"href":"https:\/\/www.europesays.com\/lt\/wp-json\/wp\/v2\/posts\/223906\/revisions"}],"wp:featuredmedia":[{"embeddable":true,"href":"https:\/\/www.europesays.com\/lt\/wp-json\/wp\/v2\/media\/223907"}],"wp:attachment":[{"href":"https:\/\/www.europesays.com\/lt\/wp-json\/wp\/v2\/media?parent=223906"}],"wp:term":[{"taxonomy":"category","embeddable":true,"href":"https:\/\/www.europesays.com\/lt\/wp-json\/wp\/v2\/categories?post=223906"},{"taxonomy":"post_tag","embeddable":true,"href":"https:\/\/www.europesays.com\/lt\/wp-json\/wp\/v2\/tags?post=223906"}],"curies":[{"name":"wp","href":"https:\/\/api.w.org\/{rel}","templated":true}]}}