{"id":223945,"date":"2026-07-09T05:19:53","date_gmt":"2026-07-09T05:19:53","guid":{"rendered":"https:\/\/www.europesays.com\/lt\/223945\/"},"modified":"2026-07-09T05:19:53","modified_gmt":"2026-07-09T05:19:53","slug":"mire-poetas-ir-eseistas-aidas-marcenas-respublika-lt","status":"publish","type":"post","link":"https:\/\/www.europesays.com\/lt\/223945\/","title":{"rendered":"Mir\u0117 poetas ir eseistas Aidas Mar\u010d\u0117nas &#8211; Respublika.lt"},"content":{"rendered":"<p><img loading=\"lazy\" decoding=\"async\" src=\"https:\/\/www.respublika.lt\/lt\/naujienos\/kultura\/kulturos_naujienos\/mire-poetas-ir-eseistas-aidas-marcenas\/images\/ico_camera_white.gif\" class=\"camera\" width=\"22\" height=\"15\" alt=\"nuotr.\" style=\"position:relative; top:-2px; right:2px;\"\/> 1 nuotr.<\/p>\n<p>Aidas Mar\u010d\u0117nas. V.Brazi\u016bno nuotr.<\/p>\n<p style=\"text-align: justify;\" class=\"desktop_banner\">\u00a0<\/p>\n<p style=\"text-align: left;\">\u201eA. Mar\u010d\u0117n\u0105 prisiminsime kaip i\u0161skirtinio talento poet\u0105, subtil\u0173 eseist\u0105, \u012f\u017evalg\u0173 literat\u016bros kritik\u0105 ir i\u0161tikim\u0105 lietuvi\u0173 literat\u016bros puosel\u0117toj\u0105, kurio k\u016bryba ir mintys i\u0161liks reik\u0161minga m\u016bs\u0173 kult\u016bros dalimi\u201c, \u2013 ra\u0161oma Lietuvos ra\u0161ytoj\u0173 s\u0105jungos prane\u0161ime.<\/p>\n<p style=\"text-align: left;\">Informacij\u0105 apie atsisveikinim\u0105 su velioniu \u017eadama paskelbti artimiausiu metu.<\/p>\n<p style=\"text-align: left;\">A. Mar\u010d\u0117nas gim\u0117 1960 m. rugs\u0117jo 24 d. Kaune.<\/p>\n<p style=\"text-align: left;\">Nuo 1964 m. gyveno Vilniuje. Baig\u0117 Vilniaus 22-\u0105j\u0105 vidurin\u0119 mokykl\u0105 (dabar Mikalojaus Dauk\u0161os), v\u0117liau kur\u012f laik\u0105 studijavo Vilniaus konservatorijoje.\u00a0<\/p>\n<p style=\"text-align: left;\">Jaunyst\u0117je dirbo \u012fvairius darbus \u2013 buvo teatr\u0173 ap\u0161viet\u0117jas, knyg\u0173 pakuotojas, dirbo Botanikos sode.<\/p>\n<p style=\"text-align: left;\">Periodin\u0117je spaudoje bendradarbiavo kaip literat\u016brin\u0117s spaudos ap\u017evalgininkas.<\/p>\n<p style=\"text-align: left;\">M\u0117nra\u0161tyje \u201eMetai\u201c, savaitra\u0161\u010diuose \u201eLiterat\u016bra ir menas\u201c, \u201e\u0160iaur\u0117s At\u0117nai\u201c bei kituose kult\u016bros leidiniuose paskelb\u0117 gausyb\u0119 eseistini\u0173 lietuvi\u0173 literat\u016bros ap\u017evalg\u0173 ir kritini\u0173 straipsni\u0173 apie \u012fvairius jos autorius bei rei\u0161kinius.<\/p>\n<p style=\"text-align: left;\">Lietuvi\u0173 poezijoje reik\u0161mingai prisid\u0117jo prie soneto \u017eanro atgaivinimo.<\/p>\n<p style=\"text-align: left;\">Debiutavo 1985 metais eil\u0117ra\u0161\u010di\u0173 publikacija \u017eurnale \u201ePergal\u0117\u201c (dabar \u201eMetai\u201c).<\/p>\n<p style=\"text-align: left;\">Jo k\u016bryba buvo publikuojama festivali\u0173 \u201ePoezijos pavasaris\u201c, \u201ePoetinis Druskinink\u0173 ruduo\u201c almanachuose, \u012fvairiose rinktin\u0117se ir antologijose, i\u0161versta \u012f angl\u0173, baltarusi\u0173, lenk\u0173, pranc\u016bz\u0173, rus\u0173 ir kitas kalbas.<\/p>\n<p style=\"text-align: left;\">Per beveik keturis k\u016brybos de\u0161imtme\u010dius Aidas Mar\u010d\u0117nas i\u0161leido daugiau nei dvide\u0161imt poezijos, eseistikos ir rinktini\u0173 knyg\u0173, tapusi\u0173 reik\u0161minga \u0161iuolaikin\u0117s lietuvi\u0173 literat\u016bros dalimi, taip pat sudar\u0117 knyg\u0105 poezijos rinktin\u0119 \u201eI\u0161 Vilniaus \u012f Vilni\u0173\u201c.\u00a0<\/p>\n<p style=\"text-align: left;\">Nuo 1993 met\u0173 buvo Lietuvos ra\u0161ytoj\u0173 s\u0105jungos narys.<\/p>\n<p style=\"text-align: left;\">Savo k\u016bryba ir literat\u016bros kritikos darbais paliko ry\u0161k\u0173 p\u0117dsak\u0105 \u0161iuolaikin\u0117je lietuvi\u0173 literat\u016broje.<\/p>\n","protected":false},"excerpt":{"rendered":"1 nuotr. Aidas Mar\u010d\u0117nas. V.Brazi\u016bno nuotr. \u00a0 \u201eA. Mar\u010d\u0117n\u0105 prisiminsime kaip i\u0161skirtinio talento poet\u0105, subtil\u0173 eseist\u0105, \u012f\u017evalg\u0173 literat\u016bros&hellip;\n","protected":false},"author":2,"featured_media":223946,"comment_status":"","ping_status":"","sticky":false,"template":"","format":"standard","meta":{"footnotes":"","_share_on_mastodon":"0"},"categories":[6],"tags":[25,30,31,33688,34,35,24,32,33,37,39,36,38,40,33687,396,23,621,22,1384,28,29,26,27],"class_list":["post-223945","post","type-post","status-publish","format-standard","has-post-thumbnail","category-antrastes","tag-antrastes","tag-breaking-news","tag-breakingnews","tag-eseistas","tag-featured-news","tag-featurednews","tag-headlines","tag-latest-news","tag-latestnews","tag-lietuva","tag-lietuviu","tag-lithuania","tag-lithuanian","tag-lt","tag-marcenas","tag-mirtis","tag-naujienos","tag-netektis","tag-news","tag-poetas","tag-populiariausios-naujienos","tag-populiariausiosnaujienos","tag-top-stories","tag-topstories"],"share_on_mastodon":{"url":"https:\/\/pubeurope.com\/@lt\/116888340525451912","error":""},"_links":{"self":[{"href":"https:\/\/www.europesays.com\/lt\/wp-json\/wp\/v2\/posts\/223945","targetHints":{"allow":["GET"]}}],"collection":[{"href":"https:\/\/www.europesays.com\/lt\/wp-json\/wp\/v2\/posts"}],"about":[{"href":"https:\/\/www.europesays.com\/lt\/wp-json\/wp\/v2\/types\/post"}],"author":[{"embeddable":true,"href":"https:\/\/www.europesays.com\/lt\/wp-json\/wp\/v2\/users\/2"}],"replies":[{"embeddable":true,"href":"https:\/\/www.europesays.com\/lt\/wp-json\/wp\/v2\/comments?post=223945"}],"version-history":[{"count":0,"href":"https:\/\/www.europesays.com\/lt\/wp-json\/wp\/v2\/posts\/223945\/revisions"}],"wp:featuredmedia":[{"embeddable":true,"href":"https:\/\/www.europesays.com\/lt\/wp-json\/wp\/v2\/media\/223946"}],"wp:attachment":[{"href":"https:\/\/www.europesays.com\/lt\/wp-json\/wp\/v2\/media?parent=223945"}],"wp:term":[{"taxonomy":"category","embeddable":true,"href":"https:\/\/www.europesays.com\/lt\/wp-json\/wp\/v2\/categories?post=223945"},{"taxonomy":"post_tag","embeddable":true,"href":"https:\/\/www.europesays.com\/lt\/wp-json\/wp\/v2\/tags?post=223945"}],"curies":[{"name":"wp","href":"https:\/\/api.w.org\/{rel}","templated":true}]}}