{"id":224043,"date":"2026-07-09T07:14:38","date_gmt":"2026-07-09T07:14:38","guid":{"rendered":"https:\/\/www.europesays.com\/lt\/224043\/"},"modified":"2026-07-09T07:14:38","modified_gmt":"2026-07-09T07:14:38","slug":"po-ketveriu-metu-tylos-jubiliejine-fejerija-kaune-zada-viena-ispudingiausiu-metu-reginiu","status":"publish","type":"post","link":"https:\/\/www.europesays.com\/lt\/224043\/","title":{"rendered":"Po ketveri\u0173 met\u0173 tylos jubiliejin\u0117 \u201eFejerija\u201c Kaune \u017eada vien\u0105 \u012fsp\u016bdingiausi\u0173 met\u0173 regini\u0173"},"content":{"rendered":"<p>Pirm\u0105 kart\u0105 2009 metais surengta \u201eFejerija\u201c tapo vienu ry\u0161kiausi\u0173 ir labiausiai laukiam\u0173 rengini\u0173 Lietuvoje. Festivalis gars\u0117ja auk\u0161to lygio pirotechnikos pasirodymais, tarptautini\u0173 komand\u0173 var\u017eytuv\u0117mis ir i\u0161skirtine atmosfera, pritraukian\u010dia t\u016bkstan\u010dius \u017ei\u016brov\u0173. \u0160iemet jubiliejiniam festivaliui pasirinktas Kauno Dariaus ir Gir\u0117no aerodromas virs \u012fsp\u016bdinga scena, kurioje susijungs muzikos, aviacijos ir pirotechnikos menas, renginio sve\u010diams dovanosiantis nepamir\u0161tam\u0105 \u0161ou.<\/p>\n<p>Pirotechnikos meistrai i\u0161 skirting\u0173 pasaulio kampeli\u0173<\/p>\n<p>\u0160i\u0173 met\u0173 festivalyje savo programas pristatys profesionalios pirotechnikos komandos i\u0161 Anglijos, kaimyn\u0117s Lenkijos ir egzoti\u0161kojo Tailando. Lietuvai atstovaus ilgamet\u0119 patirt\u012f sukaupusi pirotechnikos komanda \u201eBlikas\u201c, gerai \u017einoma tiek m\u016bs\u0173 \u0161alyje, tiek tarptautiniu mastu. Sukaupta patirtis ir k\u016brybin\u0117s ambicijos leid\u017eia tik\u0117tis, kad Lietuvos komandos pasirodymas \u0161iemet nustebins net ir daug ma\u010diusius fejerverk\u0173 gerb\u0117jus.<\/p>\n<p>Kiekviena komanda \u017ei\u016brovams pristatys unikali\u0105 program\u0105, kurioje fejerverkai bus derinami su specialiaisiais efektais bei kruop\u0161\u010diai parinktais garso takeliais. Vis\u0173 keturi\u0173 komand\u0173 pasirodymus vertins kompetentinga komisija. Jos nariai bus atskleisti art\u0117jant renginiui.<\/p>\n<p>    <img decoding=\"async\" src=\"https:\/\/www.europesays.com\/lt\/wp-content\/uploads\/2026\/07\/5a9ee890-ce4d-4146-9875-bc5f5573c8d2.jpg\" loading=\"lazy\" alt=\"\u201eFejerija\u201c Kaune \u017eada vien\u0105 \u012fsp\u016bdingiausi\u0173 met\u0173 regini\u0173\"\/>      <\/p>\n<p>\u201eFejerverk\u0173 festivalis \u2013 tai ne tik technikos demonstravimas, bet ir auk\u0161to lygio meniniai pasirodymai. Siekiame, kad \u017ei\u016brovai patirt\u0173 emocijas, kurios i\u0161likt\u0173 dar ilgai po renginio\u201c, \u2013 teigia festivalio organizatoriai.<\/p>\n<p>Danguje \u2013 \u201eANBO\u201c, scenoje \u2013 D\u017eordana Butkut\u0117<\/p>\n<p>Dar prie\u0161 sutemstant \u017ei\u016brovus pasitiks i\u0161skirtin\u0117 aviacijos programa. Vir\u0161 Dariaus ir Gir\u0117no aerodromo dang\u0173 rai\u017eys legendin\u0117s grup\u0117s \u201eANBO\u201c l\u0117ktuvai. Danguje atliekamos fig\u016bros taps simboline festivalio prad\u017eia ir renginiui suteiks dar daugiau dinamikos bei emocij\u0173.<\/p>\n<p>Renginio metu \u017ei\u016brov\u0173 nuotaik\u0105 palaikys ir \u0161ventin\u0119 atmosfer\u0105 kurs viena ry\u0161kiausi\u0173 Lietuvos scenos \u017evaig\u017ed\u017ei\u0173 D\u017eordana Butkut\u0117. Publikos numyl\u0117tin\u0117 dovanos muzikin\u0119 program\u0105, kurioje skamb\u0117s puikiai \u017einomi ir klausytoj\u0173 pam\u0117gti hitai. Charizma, stipri scenin\u0117 energija ir ypatingas ry\u0161ys su publika taps neatsiejama festivalio dalimi ir dar labiau sustiprins \u012fsp\u016bd\u017eius laukiant pagrindinio akcento \u2013 fejerverk\u0173.<\/p>\n<p>\u201eDariaus ir Gir\u0117no aerodromas yra viena unikaliausi\u0173 viet\u0173 Lietuvoje tokiam renginiui. Aviacijos, muzikos ir pirotechnikos sinergija sukurs i\u0161skirtin\u0119 atmosfer\u0105, kurios \u017ei\u016brovai dar n\u0117ra patyr\u0119\u201c, \u2013 pa\u017eymi organizatoriai.<\/p>\n<p>    <img decoding=\"async\" src=\"https:\/\/www.europesays.com\/lt\/wp-content\/uploads\/2026\/07\/cc350d8d-7a43-4c19-92ce-1110a8739c66.jpg\" loading=\"lazy\" alt=\"\u201eFejerija\u201c Kaune \u017eada vien\u0105 \u012fsp\u016bdingiausi\u0173 met\u0173 regini\u0173\"\/>    <\/p>\n<p>Kaunas kvie\u010dia tapti \u012fsp\u016bdingo reginio dalimi<\/p>\n<p>Organizatoriai tikisi, kad jubiliejinis festivalis taps vienu did\u017eiausi\u0173 2026 met\u0173 rengini\u0173 Kaune ir pritrauks \u017ei\u016brovus ne tik i\u0161 Lietuvos, bet ir i\u0161 u\u017esienio.<\/p>\n<p>Po ketveri\u0173 met\u0173 pertraukos sugr\u012f\u017eusi \u201eFejerija\u201c suburs \u017emones \u012fsp\u016bdingai \u0161ventei, kurioje muzika, aviacija, \u0161viesos ir k\u016brybi\u0161kumas susijungs \u012f nepamir\u0161tam\u0105 emocij\u0173 kupin\u0105 regin\u012f. Tai renginys, skirtas \u0161eimoms, draugams ir visiems, pasiilgusiems bendryst\u0117s, \u012fkvepian\u010di\u0173 akimirk\u0173 bei \u012fsp\u016bd\u017ei\u0173, kurie dar ilgai i\u0161liks atmintyje.<\/p>\n<p>Tarptautinis fejerverk\u0173 festivalis \u201eFejerija\u201c vyks 2026 m. rugs\u0117jo 19 d. Kaune, Dariaus ir Gir\u0117no aerodrome. Bilietus platina <a rel=\"noopener nofollow\" href=\"http:\/\/Bilietai.lt\" target=\"_blank\">Bilietai.lt<\/a>.<\/p>\n<p>Prane\u0161im\u0105 pareng\u0117 UAB Blikas. U\u017e pateiktos informacijos atitikim\u0105 tikrovei ir teis\u0117tum\u0105 atsako prane\u0161imo reng\u0117jas.<\/p>\n","protected":false},"excerpt":{"rendered":"Pirm\u0105 kart\u0105 2009 metais surengta \u201eFejerija\u201c tapo vienu ry\u0161kiausi\u0173 ir labiausiai laukiam\u0173 rengini\u0173 Lietuvoje. Festivalis gars\u0117ja auk\u0161to lygio&hellip;\n","protected":false},"author":2,"featured_media":224044,"comment_status":"","ping_status":"","sticky":false,"template":"","format":"standard","meta":{"footnotes":"","_share_on_mastodon":"0"},"categories":[21],"tags":[525,113,8803,1061,37,39,36,38,40,114,371],"class_list":["post-224043","post","type-post","status-publish","format-standard","has-post-thumbnail","category-pramogos","tag-dzordana-butkute","tag-entertainment","tag-fejerverkai","tag-kaunas","tag-lietuva","tag-lietuviu","tag-lithuania","tag-lithuanian","tag-lt","tag-pramogos","tag-renginiai"],"share_on_mastodon":{"url":"https:\/\/pubeurope.com\/@lt\/116888788779502206","error":""},"_links":{"self":[{"href":"https:\/\/www.europesays.com\/lt\/wp-json\/wp\/v2\/posts\/224043","targetHints":{"allow":["GET"]}}],"collection":[{"href":"https:\/\/www.europesays.com\/lt\/wp-json\/wp\/v2\/posts"}],"about":[{"href":"https:\/\/www.europesays.com\/lt\/wp-json\/wp\/v2\/types\/post"}],"author":[{"embeddable":true,"href":"https:\/\/www.europesays.com\/lt\/wp-json\/wp\/v2\/users\/2"}],"replies":[{"embeddable":true,"href":"https:\/\/www.europesays.com\/lt\/wp-json\/wp\/v2\/comments?post=224043"}],"version-history":[{"count":0,"href":"https:\/\/www.europesays.com\/lt\/wp-json\/wp\/v2\/posts\/224043\/revisions"}],"wp:featuredmedia":[{"embeddable":true,"href":"https:\/\/www.europesays.com\/lt\/wp-json\/wp\/v2\/media\/224044"}],"wp:attachment":[{"href":"https:\/\/www.europesays.com\/lt\/wp-json\/wp\/v2\/media?parent=224043"}],"wp:term":[{"taxonomy":"category","embeddable":true,"href":"https:\/\/www.europesays.com\/lt\/wp-json\/wp\/v2\/categories?post=224043"},{"taxonomy":"post_tag","embeddable":true,"href":"https:\/\/www.europesays.com\/lt\/wp-json\/wp\/v2\/tags?post=224043"}],"curies":[{"name":"wp","href":"https:\/\/api.w.org\/{rel}","templated":true}]}}