{"id":224064,"date":"2026-07-09T07:27:27","date_gmt":"2026-07-09T07:27:27","guid":{"rendered":"https:\/\/www.europesays.com\/lt\/224064\/"},"modified":"2026-07-09T07:27:27","modified_gmt":"2026-07-09T07:27:27","slug":"salia-moletu-plento-kils-didziulis-daugiabuciu-kvartalas-gautas-statybu-leidimas","status":"publish","type":"post","link":"https:\/\/www.europesays.com\/lt\/224064\/","title":{"rendered":"\u0160alia Mol\u0117t\u0173 plento kils did\u017eiulis daugiabu\u010di\u0173 kvartalas: gautas statyb\u0173 leidimas"},"content":{"rendered":"<p class=\"wp-block-paragraph\">Greta Mol\u0117t\u0173 plento, prie\u0161ais prekybos park\u0105 \u201eUna\u201c, planuojama statyti \u0161e\u0161i\u0173 daugiabu\u010di\u0173 kvartal\u0105. Nurodoma, kad kvartalo statybos b\u016bt\u0173 \u012fgyvendinamos trimis etapais.<\/p>\n<p class=\"wp-block-paragraph\">Dar bir\u017eelio m\u0117nesio <a style=\"font-weight:bold;\" href=\"https:\/\/madeinvilnius.lt\/tema\/vilniaus-miesto-savivaldybe\/\" target=\"_blank\" rel=\"nofollow noopener\">Vilniaus miesto savivaldyb\u0117s<\/a> administracija i\u0161dav\u0117 statyb\u0173 leidim\u0105 \u0161iam projektui.<\/p>\n<p class=\"wp-block-paragraph\">\u0160e\u0161i\u0173 daugiabu\u010di\u0173 kvartale planuojama \u012frengti 156 butus (dviej\u0173, trij\u0173 ir keturi\u0173 kambari\u0173), kuri\u0173 plotas svyruos nuo 45,66 m2 iki 75,93 m2. Automobiliams numatomas 127 viet\u0173 po\u017eeminis ir 45 viet\u0173 ant\u017eeminis parkavimas.<\/p>\n<p class=\"wp-block-paragraph\">\u201eSklype projektuojami 6 gyvenamosios paskirties pastatai. Skype formuojamas perimetrinis u\u017estatymas prie Dirs\u016bno g. ir Almino g., taip sukuriama jaukesn\u0117, u\u017edaresn\u0117 kiem\u0173 vidin\u0117 erdv\u0117. &lt;\u2026&gt; Sklypo centrin\u0117je dalyje bus sukurta al\u0117ja, \u017ealioji zona. \u010cia numatyta \u012frengti poilsio, sporto ir \u017eaidim\u0173 aik\u0161teles. &lt;\u2026&gt; Visa teritorija skiriama gyvenamosios paskirties pastatams ir j\u0173 priklausiniams. Pastatai 01, 04, 05 ir 06 tur\u0117s po\u017eemines automobili\u0173 aik\u0161teles. Gyvenam\u0173j\u0173 pastat\u0173 \u012f\u0117jimai projektuojami i\u0161 kiemo vidin\u0117s pus\u0117s.<\/p>\n<p class=\"wp-block-paragraph\">Gyvenamieji pastatai 01, 02, 03, 06 i\u0161d\u0117stomi prie Almino gatv\u0117s. Tarp \u0161i\u0173 pastat\u0173 planuojama \u012frengti ant\u017eemines automobili\u0173 saugojimo aik\u0161teles, atskiriant jas \u017eeldiniais. \u012e \u0161ias aik\u0161teles numatyti \u012fva\u017eiavimai i\u0161 Almino g.<\/p>\n<p class=\"wp-block-paragraph\">Pastat\u0173 konstrukcijai pasirinkta surenkamo gel\u017ebetonio sistema arba blokeli\u0173 m\u016bro su v\u0117dinama apdaila sistema. Fasad\u0173 apdaila planuojama i\u0161 nat\u016bralaus betono, dalinai naudojant reljefin\u012f u\u017ebaigim\u0105 arba da\u017eant betonines plok\u0161tumas, alternatyvi apdaila cementin\u0117s plok\u0161t\u0117s (betono tekst\u016bra) arba vientisos klinkerio plytos. Visi pastatai planuojami 4 auk\u0161t\u0173, i\u0161d\u0117stomi u\u017estatomoje teritorijoje atsi\u017evelgiant \u012f esam\u0105 reljef\u0105. Siekiant maksimalaus saugumo b\u016bsimiems gyventojams, teritorija bus aptverta\u201c, \u2013 apie b\u016bsimo kvartalo \u012fgyvendinim\u0105 ra\u0161oma projektiniuose si\u016blymuose.<\/p>\n<p>Projekto techniniai parametrai<\/p>\n<ul class=\"wp-block-list\">\n<li>Planuojamo objekto adresas \u2013 Almino g. 3, Verki\u0173 seni\u016bnija<\/li>\n<li>Sklypo plotas \u2013 14 414 m2;<\/li>\n<li>Ap\u017eeldintas sklypo plotas \u2013 5 610 m2 (36% sklypo ploto);<\/li>\n<li>Pastat\u0173 bendras plotas \u2013 13 960 m2:\n<ul>\n<li>Ant\u017eemin\u0117s dalies plotas \u2013 11 097 m2;\n<ul>\n<li>Daugiabutis 2 \u2013 1 698 m2;<\/li>\n<\/ul>\n<ul>\n<li>Daugiabutis 3 \u2013 1 698 m2;<\/li>\n<\/ul>\n<ul>\n<li>Daugiabutis 4 \u2013 1 637 m2;<\/li>\n<\/ul>\n<ul>\n<li>Daugiabutis 5 \u2013 2 456 m2;<\/li>\n<\/ul>\n<ul>\n<li>Daugiabutis 6 \u2013 1 906 m2;<\/li>\n<\/ul>\n<\/li>\n<\/ul>\n<ul class=\"wp-block-list\">\n<li>Po\u017eemin\u0117s dalies plotas \u2013 2 863 m2:\n<ul>\n<li>Daugiabutis 4 \u2013 1 010 m2;<\/li>\n<\/ul>\n<ul>\n<li>Daugiabutis 5 \u2013 1 010 m2;<\/li>\n<\/ul>\n<ul class=\"wp-block-list\">\n<li>Daugiabutis 6 \u2013 843 m2;<\/li>\n<\/ul>\n<\/li>\n<\/ul>\n<\/li>\n<li>Statini\u0173 auk\u0161tis \u2013 4 auk\u0161tai (iki 15,96m auk\u0161\u010dio);<\/li>\n<li>Pastat\u0173 energetinio efektyvumo klas\u0117 \u2013 A++;<\/li>\n<li>But\u0173 kiekis \u2013 156 vnt:\n<ul>\n<li>Daugiabutis 1 \u2013 24 vnt.;<\/li>\n<\/ul>\n<ul>\n<li>Daugiabutis 2 \u2013 24 vnt.;<\/li>\n<\/ul>\n<ul>\n<li>Daugiabutis 3 \u2013 24 vnt.;<\/li>\n<\/ul>\n<ul>\n<li>Daugiabutis 4 \u2013 24 vnt.;<\/li>\n<\/ul>\n<ul>\n<li>Daugiabutis 5 \u2013 36 vnt.;<\/li>\n<\/ul>\n<ul class=\"wp-block-list\">\n<li>Daugiabutis 6 \u2013 24 vnt.;<\/li>\n<\/ul>\n<\/li>\n<li>Automobili\u0173 parkavimo viet\u0173 skai\u010dius \u2013 172 vnt. (127vnt. po\u017eeminis ir 45vnt ant\u017eeminis parkavimas);<\/li>\n<li>Dvira\u010di\u0173 statymo viet\u0173 skai\u010dius \u2013 50 vnt.;<\/li>\n<li>Vaik\u0173 \u017eaidim\u0173 aik\u0161tel\u0117 \u2013 286 m2;<\/li>\n<li>Sporto aik\u0161tel\u0117 \u2013 185 m2;<\/li>\n<li>Ramaus poilsio aik\u0161tel\u0117 \u2013 38 m2;<\/li>\n<li>Projekto vystytojas\/statytojas \u2013 UAB \u201eSPV NS\u201c;<\/li>\n<li>Projektinius si\u016blymus ruo\u0161\u0117 UAB \u201ePonama\u201c, statinio projekto vadovas \u2013 Vidmantas Kan\u010diauskas;<\/li>\n<li>Projektas parengtas 2026-\u0173j\u0173 vasar\u012f.<\/li>\n<\/ul>\n<p><a href=\"https:\/\/madeinvilnius.lt\/wp-content\/uploads\/2026\/05\/screenshot-2026-05-12-at-22-38-52-scaled.jpg\" rel=\"nofollow noopener\" target=\"_blank\"><img loading=\"lazy\" decoding=\"async\" width=\"1024\" height=\"638\" data-id=\"349967\" src=\"https:\/\/www.europesays.com\/lt\/wp-content\/uploads\/2026\/07\/screenshot-2026-05-12-at-22-38-52-1024x638.jpg\" alt=\"\" class=\"wp-image-349967\"\/><\/a><a href=\"https:\/\/madeinvilnius.lt\/wp-content\/uploads\/2026\/05\/screenshot-2026-05-12-at-22-38-41-scaled.jpg\" rel=\"nofollow noopener\" target=\"_blank\"><img loading=\"lazy\" decoding=\"async\" width=\"1024\" height=\"636\" data-id=\"349971\" src=\"https:\/\/www.europesays.com\/lt\/wp-content\/uploads\/2026\/07\/screenshot-2026-05-12-at-22-38-41-1024x636.jpg\" alt=\"\" class=\"wp-image-349971\"\/><\/a><a href=\"https:\/\/madeinvilnius.lt\/wp-content\/uploads\/2026\/05\/screenshot-2026-05-12-at-22-38-32-scaled.jpg\" rel=\"nofollow noopener\" target=\"_blank\"><img loading=\"lazy\" decoding=\"async\" width=\"1024\" height=\"634\" data-id=\"349963\" src=\"https:\/\/www.europesays.com\/lt\/wp-content\/uploads\/2026\/07\/screenshot-2026-05-12-at-22-38-32-1024x634.jpg\" alt=\"\" class=\"wp-image-349963\"\/><\/a><a href=\"https:\/\/madeinvilnius.lt\/wp-content\/uploads\/2026\/05\/screenshot-2026-05-12-at-22-38-23-scaled.jpg\" rel=\"nofollow noopener\" target=\"_blank\"><img loading=\"lazy\" decoding=\"async\" width=\"1024\" height=\"639\" data-id=\"349969\" src=\"https:\/\/www.europesays.com\/lt\/wp-content\/uploads\/2026\/07\/screenshot-2026-05-12-at-22-38-23-1024x639.jpg\" alt=\"\" class=\"wp-image-349969\"\/><\/a><a href=\"https:\/\/madeinvilnius.lt\/wp-content\/uploads\/2026\/05\/screenshot-2026-05-12-at-22-38-13-scaled.jpg\" rel=\"nofollow noopener\" target=\"_blank\"><img loading=\"lazy\" decoding=\"async\" width=\"1024\" height=\"637\" data-id=\"349965\" src=\"https:\/\/www.europesays.com\/lt\/wp-content\/uploads\/2026\/07\/screenshot-2026-05-12-at-22-38-13-1024x637.jpg\" alt=\"\" class=\"wp-image-349965\"\/><\/a><a href=\"https:\/\/madeinvilnius.lt\/wp-content\/uploads\/2026\/05\/screenshot-2026-04-30-at-12-51-33-scaled.png\" rel=\"nofollow noopener\" target=\"_blank\"><img loading=\"lazy\" decoding=\"async\" width=\"1024\" height=\"679\" data-id=\"349973\" src=\"https:\/\/www.europesays.com\/lt\/wp-content\/uploads\/2026\/07\/screenshot-2026-04-30-at-12-51-33-1024x679.png\" alt=\"\" class=\"wp-image-349973\"\/><\/a>MadeinVilnius.lt informacij\u0105 skelbti, cituoti ar kitaip atgaminti visuomen\u0117s informavimo priemon\u0117se bei interneto tinklalapiuose be ra\u0161ti\u0161ko UAB \u201eNaujosios medijos grup\u0117s\u201c sutikimo neleid\u017eiama.<img decoding=\"async\" class=\"wp-image-10416 alignright\" src=\"https:\/\/www.europesays.com\/lt\/wp-content\/uploads\/2026\/07\/1783582047_458_Made-In-Vilnius-main-RGB-e1665487819114.png\" alt=\"MadeinVilnius.lt\" width=\"100\" style=\"margin-right: 20px\"\/><\/p>\n","protected":false},"excerpt":{"rendered":"Greta Mol\u0117t\u0173 plento, prie\u0161ais prekybos park\u0105 \u201eUna\u201c, planuojama statyti \u0161e\u0161i\u0173 daugiabu\u010di\u0173 kvartal\u0105. Nurodoma, kad kvartalo statybos b\u016bt\u0173 \u012fgyvendinamos&hellip;\n","protected":false},"author":2,"featured_media":224065,"comment_status":"","ping_status":"","sticky":false,"template":"","format":"standard","meta":{"footnotes":"","_share_on_mastodon":"0"},"categories":[19],"tags":[429,37,39,36,38,40,1774,65,2050,47,104],"class_list":["post-224064","post","type-post","status-publish","format-standard","has-post-thumbnail","category-sportas","tag-daugiabuciai","tag-lietuva","tag-lietuviu","tag-lithuania","tag-lithuanian","tag-lt","tag-madeinvilnius","tag-naujiena","tag-nt","tag-sportas","tag-sports"],"share_on_mastodon":{"url":"https:\/\/pubeurope.com\/@lt\/116888839787942282","error":""},"_links":{"self":[{"href":"https:\/\/www.europesays.com\/lt\/wp-json\/wp\/v2\/posts\/224064","targetHints":{"allow":["GET"]}}],"collection":[{"href":"https:\/\/www.europesays.com\/lt\/wp-json\/wp\/v2\/posts"}],"about":[{"href":"https:\/\/www.europesays.com\/lt\/wp-json\/wp\/v2\/types\/post"}],"author":[{"embeddable":true,"href":"https:\/\/www.europesays.com\/lt\/wp-json\/wp\/v2\/users\/2"}],"replies":[{"embeddable":true,"href":"https:\/\/www.europesays.com\/lt\/wp-json\/wp\/v2\/comments?post=224064"}],"version-history":[{"count":0,"href":"https:\/\/www.europesays.com\/lt\/wp-json\/wp\/v2\/posts\/224064\/revisions"}],"wp:featuredmedia":[{"embeddable":true,"href":"https:\/\/www.europesays.com\/lt\/wp-json\/wp\/v2\/media\/224065"}],"wp:attachment":[{"href":"https:\/\/www.europesays.com\/lt\/wp-json\/wp\/v2\/media?parent=224064"}],"wp:term":[{"taxonomy":"category","embeddable":true,"href":"https:\/\/www.europesays.com\/lt\/wp-json\/wp\/v2\/categories?post=224064"},{"taxonomy":"post_tag","embeddable":true,"href":"https:\/\/www.europesays.com\/lt\/wp-json\/wp\/v2\/tags?post=224064"}],"curies":[{"name":"wp","href":"https:\/\/api.w.org\/{rel}","templated":true}]}}