{"id":224685,"date":"2026-07-09T21:10:07","date_gmt":"2026-07-09T21:10:07","guid":{"rendered":"https:\/\/www.europesays.com\/lt\/224685\/"},"modified":"2026-07-09T21:10:07","modified_gmt":"2026-07-09T21:10:07","slug":"vmvt-sustabdzius-prezo-grupes-gamykla-sureagavo-prezo","status":"publish","type":"post","link":"https:\/\/www.europesays.com\/lt\/224685\/","title":{"rendered":"VMVT sustabd\u017eius \u201ePrezo grup\u0117s\u201c gamykl\u0105 \u2013 sureagavo \u201ePrezo\u201c"},"content":{"rendered":"<p>\u201eDelfi\u201c primena, kad VMVT tre\u010diadien\u012f paskelb\u0117 atlikusi planin\u012f patikrinim\u0105, kurio metu Kaune esan\u010dioje gamykloje rado vis\u0105 eil\u0119 pa\u017eeidim\u0173, susijusi\u0173 su maisto sauga ir higiena. Pla\u010diau apie tai galite skaityti \u017eemiau:<\/p>\n<p>Su klausimais \u201eDelfi\u201c kreip\u0117si \u012f UAB \u201ePrezo\u201c, kuri valdo kepykl\u0117les Lietuvoje. \u0160ios bendrov\u0117s administracija pabr\u0117\u017e\u0117, kad vie\u0161umoje gali b\u016bti painiojamos \u012fmon\u0117s: UAB \u201ePrezo grup\u0117\u201c ir UAB \u201ePrezo\u201c.<\/p>\n<p>\u201ePirmiausia norime grie\u017etai pabr\u0117\u017eti, kad UAB \u201ePrezo\u201c ir UAB \u201ePrezo grup\u0117\u201c yra du visi\u0161kai atskiri, savaranki\u0161ki juridiniai asmenys. Valstybin\u0117s maisto ir veterinarijos tarnybos (VMVT) patikrinimas buvo atliktas \u012fmon\u0117je UAB \u201ePrezo grup\u0117\u201c, tod\u0117l UAB \u201ePrezo\u201c neturi nei teisinio pagrindo, nei teis\u0117s vertinti bei komentuoti kitos \u012fmon\u0117s veiklos ar VMVT i\u0161vad\u0173.<\/p>\n<p>UAB \u201ePrezo grup\u0117\u201c yra tik viena i\u0161 daugelio m\u016bs\u0173 partneri\u0173 \u2013 i\u0161orinis \u017ealiav\u0173 ir tam tikr\u0173 produkt\u0173 tiek\u0117jas. Labai apgailestaujame, kad vie\u0161ojoje erdv\u0117je, pasinaudojant pana\u0161iais pavadinimais, bandoma dirbtinai sutapatinti \u0161ias dvi \u012fmones ir taip u\u017emesti nepagr\u012fst\u0105 \u0161e\u0161\u0117l\u012f \u201ePrezo\u201c kepykl\u0117li\u0173 tinklo vardui ir tokiu b\u016bdu sumenkinti reputacij\u0105. Visada tai yra ka\u017ekam naudinga\u201c, \u2013 ra\u0161oma \u201eDelfi\u201c ra\u0161tu pateiktame atsakyme.<\/p>\n<p>\u201eJei ir buvo ka\u017ekas, tai nebuvo \u0161iurk\u0161tu ir katastrofi\u0161ka\u201c<\/p>\n<p>\u201ePrezo\u201c kepykl\u0117les valdanti \u012fmon\u0117 pabr\u0117\u017e\u0117, kad patikrinimas vyko ne j\u0173 \u012fmon\u0117je, bet apie tarnybos patikrinim\u0105 buvo informuoti partneri\u0173.<\/p>\n<p>\u201eKaip klient\u0105, UAB \u201ePrezo grup\u0117\u201c mus informavo, kad gamybos veikla yra sustabdyta laikinai, o nustatyti pa\u017eeidimai n\u0117ra susij\u0119 su \u017ealiav\u0173 ar pa\u010di\u0173 gamini\u0173 sauga, kokybe ar galiojimo terminais, atsekamumu ar \u017eenklinimu. M\u016bs\u0173 \u017einiomis, esmin\u0117s VMVT pastabos buvo techninio ir \u016bkinio pob\u016bd\u017eio \u2013 d\u0117l sand\u0117liavimo \u0161aldikli\u0173 atlaidinimo bei gamybini\u0173 patalp\u0173 i\u0161sivalymo. Partneriai mus patikino, kad j\u0173 gamybos procesai yra grie\u017etai segmentuoti pagal atskiras patalpas, o produktai bei \u017ealiavos yra visi\u0161kai saug\u016bs\u201c, \u2013 ra\u0161oma komentare.<\/p>\n<p>\u0160ios \u012fmon\u0117s atstov\u0173 \u017einiomis, UAB \u201ePrezo grup\u0117\u201c per metus kelis kartus stabdo veikl\u0105, kad padaryt\u0173 generalin\u012f tvarkym\u0105. Minima, kad stabdymo reikia tam, kad b\u016bt\u0173 atlaidinti ir i\u0161d\u017eiovinti sand\u0117liai.<\/p>\n<p>Taip pat u\u017esiminta, kad patys kepykl\u0117li\u0173 tinklo atstovai buvo atvyk\u0119 \u012f Kauno gamykl\u0105, ta\u010diau nepasirod\u0117 taip \u201e\u0161iurk\u0161tu ir katastrofi\u0161ka\u201c, kaip kad skelbta vie\u0161umoje.<\/p>\n<p>\u201eSiekdami patys asmeni\u0161kai \u012fvertinti reali\u0105 situacij\u0105 ir i\u0161vengti bet koki\u0173 interpretacij\u0173 ar neoficiali\u0173 kalb\u0173, jau sekan\u010di\u0105 dien\u0105 po patikrinimo \u2013 2026 m. liepos 4 d. \u2013 gavome UAB \u201ePrezo grup\u0117\u201c kvietim\u0105 ap\u017ei\u016br\u0117ti gamybini\u0173 patalp\u0173 ir m\u016bs\u0173 atstovas nuvyko gyvai ap\u017ei\u016br\u0117ti gamybini\u0173 patalp\u0173. Vizito metu patalpos buvo tvarkingos, o vie\u0161umoje dabar publikuojam\u0173 vaizd\u0173 gamykloje neaptikome, j\u0173 tiesiog nebuvo \u2013 viskas buvo operatyviai sutvarkyta. Jei galima sutvarkyti per vien\u0105 dien\u0105 gamybos patalpas, tai rei\u0161kia, kad jei ir buvo ka\u017ekas, tai nebuvo \u0161iurk\u0161tu ir katastrofi\u0161ka, kaip bandoma dabar pavaizduoti\u201c, \u2013 nurodo administracija.<\/p>\n<p>VMVT apie u\u017edaryt\u0105 gamyklos veikl\u0105 socialiniame tinkle \u201eFacebook\u201c visuomen\u0119 informavo liepos 8 d.<\/p>\n<p>Norime atkreipti d\u0117mes\u012f i\u0161 savo patirties, kad fiksuojant vaizdus intensyvaus gamybos proceso metu, visuomet galima nufotografuoti darbines akimirkas (pavyzd\u017eiui, einamuosius gamybinius ne\u0161varumus ar tvarkymo proces\u0105), kurios v\u0117liau, i\u0161imtos i\u0161 konteksto ir pateiktos su skambiomis antra\u0161t\u0117mis, sukelia nepagr\u012fst\u0173 dviprasmybi\u0173 bei baimi\u0173 visuomen\u0117je. <\/p>\n<p>UAB \u201ePrezo\u201c administracija<\/p>\n<p>Tikina, kad rizikos vartotoj\u0173 sveikatai n\u0117ra<\/p>\n<p>\u201eDelfi\u201c pasiteiravo, kas yra \u017einoma, kokia dalis produkcijos kepykl\u0117les pasiekia i\u0161 Kaune esan\u010dios gamyklos bei k\u0105 \u017einoti vartotojams, jau \u012fsigijus gaminius.<\/p>\n<p>\u201ePrezo\u201c kepykl\u0117li\u0173 tinklas Lietuvoje turi savo atskir\u0105, autonomi\u0161k\u0105 gamybos bei kepimo baz\u0119, kurioje kasdien u\u017etikrinama auk\u0161\u010diausia gamini\u0173 kokyb\u0117. Min\u0117ta i\u0161orin\u0117 \u012fmon\u0117 tiek\u0117 tik nedidel\u0119 dal\u012f specifini\u0173 pusgamini\u0173\/\u017ealiav\u0173, o informacijos apie \u0161io tiek\u0117jo sutartis su kitais rinkos dalyviais ar prekybos tinklais mes neturime ir valdyti negalime\u201c, \u2013  komentavo bendrov\u0117.<\/p>\n<p>J\u0173 turimais duomenimis, n\u0117ra informacijos apie nesaugi\u0105 produkcij\u0105.<\/p>\n<p>       <img decoding=\"async\" src=\"https:\/\/www.europesays.com\/lt\/wp-content\/uploads\/2026\/07\/2f326b52-be12-455e-9324-db7dda39bf95.jpg\" loading=\"lazy\" alt=\"\u201ePrezo\u201c kepykl\u0117l\u0117\"\/>      <\/p>\n<p>\u201eRemiantis i\u0161 tiek\u0117jo gauta oficialia informacija, joki\u0173 indikacij\u0173 apie nesaugi\u0105 produkcij\u0105 ar rizik\u0105 vartotoj\u0173 sveikatai n\u0117ra \u2013 maisto saugos pa\u017eeidim\u0173 pa\u010diuose produktuose VMVT nenustat\u0117. Tod\u0117l pagrindo produkt\u0173 at\u0161aukimui i\u0161 rinkos n\u0117ra. M\u016bs\u0173 klientai gali b\u016bti visi\u0161kai ram\u016bs d\u0117l \u201ePrezo\u201c kepykl\u0117l\u0117se \u012fsigyjam\u0173 gamini\u0173 kokyb\u0117s ir saugumo\u201c, \u2013 nurod\u0117 kepykl\u0117li\u0173 tinklas.<\/p>\n<p>\u201eDelfi\u201c taip pat klausimus i\u0161siunt\u0117 ir UAB \u201ePrezo grup\u0117\u201c atstovams. Gav\u0119 komentar\u0105 straipsn\u012f papildysime.<\/p>\n<p>Registr\u0173 centro duomenimis, kaip skelb\u0117 LRT.lt, UAB \u201ePrezo\u201c ir UAB \u201ePrezo grup\u0117\u201c priklauso verslininkui Vaidui Au\u0161kalniui. Ta\u010diau UAB \u201ePrezo\u201c administracijos komentare ne vien\u0105 kart\u0105 pabr\u0117\u017eta, kad \u0161i\u0173 dviej\u0173 \u012fmoni\u0173 negalima sutapatinti, nes tai yra du atskiri juridiniai vienetai.<\/p>\n<p>\u201ePrezo\u201c kepykl\u0117li\u0173 tinklas turi daugiau nei keturiasde\u0161imt kepykl\u0117li\u0173 Lietuvos did\u017eiuosiuose miestuose ir miesteliuose: Kaune, Klaip\u0117doje, \u0160iauliuose Vilniuje, Jonavoje, K\u0117dainiuose, Tel\u0161iuose, Plung\u0117je, \u0160ilut\u0117je, \u0160ilal\u0117je, Radvili\u0161kyje, Alytuje, Panev\u0117\u017eyje, Ma\u017eeikiuose ir Taurag\u0117je. <\/p>\n","protected":false},"excerpt":{"rendered":"\u201eDelfi\u201c primena, kad VMVT tre\u010diadien\u012f paskelb\u0117 atlikusi planin\u012f patikrinim\u0105, kurio metu Kaune esan\u010dioje gamykloje rado vis\u0105 eil\u0119 pa\u017eeidim\u0173,&hellip;\n","protected":false},"author":2,"featured_media":224686,"comment_status":"","ping_status":"","sticky":false,"template":"","format":"standard","meta":{"footnotes":"","_share_on_mastodon":"0"},"categories":[13],"tags":[25,30,31,34,35,24,2027,32,33,37,39,36,38,40,23,22,28,29,33650,26,27,5517],"class_list":["post-224685","post","type-post","status-publish","format-standard","has-post-thumbnail","category-lietuva","tag-antrastes","tag-breaking-news","tag-breakingnews","tag-featured-news","tag-featurednews","tag-headlines","tag-kepyklele","tag-latest-news","tag-latestnews","tag-lietuva","tag-lietuviu","tag-lithuania","tag-lithuanian","tag-lt","tag-naujienos","tag-news","tag-populiariausios-naujienos","tag-populiariausiosnaujienos","tag-prezo","tag-top-stories","tag-topstories","tag-valstybine-maisto-ir-veterinarijos-tarnyba-vmvt"],"share_on_mastodon":{"url":"https:\/\/pubeurope.com\/@lt\/116892076421632123","error":""},"_links":{"self":[{"href":"https:\/\/www.europesays.com\/lt\/wp-json\/wp\/v2\/posts\/224685","targetHints":{"allow":["GET"]}}],"collection":[{"href":"https:\/\/www.europesays.com\/lt\/wp-json\/wp\/v2\/posts"}],"about":[{"href":"https:\/\/www.europesays.com\/lt\/wp-json\/wp\/v2\/types\/post"}],"author":[{"embeddable":true,"href":"https:\/\/www.europesays.com\/lt\/wp-json\/wp\/v2\/users\/2"}],"replies":[{"embeddable":true,"href":"https:\/\/www.europesays.com\/lt\/wp-json\/wp\/v2\/comments?post=224685"}],"version-history":[{"count":0,"href":"https:\/\/www.europesays.com\/lt\/wp-json\/wp\/v2\/posts\/224685\/revisions"}],"wp:featuredmedia":[{"embeddable":true,"href":"https:\/\/www.europesays.com\/lt\/wp-json\/wp\/v2\/media\/224686"}],"wp:attachment":[{"href":"https:\/\/www.europesays.com\/lt\/wp-json\/wp\/v2\/media?parent=224685"}],"wp:term":[{"taxonomy":"category","embeddable":true,"href":"https:\/\/www.europesays.com\/lt\/wp-json\/wp\/v2\/categories?post=224685"},{"taxonomy":"post_tag","embeddable":true,"href":"https:\/\/www.europesays.com\/lt\/wp-json\/wp\/v2\/tags?post=224685"}],"curies":[{"name":"wp","href":"https:\/\/api.w.org\/{rel}","templated":true}]}}