{"id":224989,"date":"2026-07-10T07:15:12","date_gmt":"2026-07-10T07:15:12","guid":{"rendered":"https:\/\/www.europesays.com\/lt\/224989\/"},"modified":"2026-07-10T07:15:12","modified_gmt":"2026-07-10T07:15:12","slug":"cmilyte-nielsen-apie-baranovo-kandidatura-laiko-rinkejus-avinais","status":"publish","type":"post","link":"https:\/\/www.europesays.com\/lt\/224989\/","title":{"rendered":"\u010cmilyt\u0117-Nielsen apie Baranovo kandidat\u016br\u0105: laiko rink\u0117jus avinais"},"content":{"rendered":"<p>\u201eJauni socialdemokratai laiko rink\u0117jus avinais. (&#8230;) Ponas Baranovas jau dabar yra Seimo narys. Jeigu j\u012f i\u0161rinks, tuomet pateks kitas jo kolega pagal s\u0105ra\u0161\u0105. Jeigu nor\u0117t\u0173 ne mulkinti rink\u0117jus, o kandidatuoti i\u0161 tikr\u0173j\u0173 \u2013 tas bendrapartietis, kuris patekt\u0173 pagal s\u0105ra\u0161\u0105 ir tur\u0117t\u0173 kandidatuoti. \u017dinau, kad argumentas i\u0161 anos pus\u0117s da\u017enai i\u0161sakomas, kad \u012fstatymai to nedraud\u017eia ir Konstitucija to nedraud\u017eia. Bet ne machinatoriams buvo ra\u0161omi \u012fstatymai ir Konstitucija\u201c, \u2013 penktadien\u012f \u201e\u017dini\u0173 radijui\u201c teig\u0117 V. \u010cmilyt\u0117-Nielsen.<\/p>\n<p>\u201eBet koks sveiko proto \u017emogus, \u017ei\u016br\u0117damas \u012f tai, kad Seimo narys, jau dabar esantis Seime nori dar kart\u0105 b\u016bti i\u0161rinktas \u012f Seim\u0105 \u2013 supranta, kad tai yra visi\u0161ka nes\u0105mon\u0117. Tai ne tik rink\u0117j\u0173 mulkinimas, bet ir jaunos socialdemokrat\u0173 kartos visi\u0161kas bankrotas\u201c, \u2013 akcentavo ji.\u00a0<\/p>\n<p>Nusprend\u0117 kelti kandidat\u016br\u0105<\/p>\n<p>Kaip skelbta, LSDP nusprend\u0117 pirmalaikiuose rinkimuose Nal\u0161ios \u0161iaurin\u0117je apygardoje kelti parlamentaro R. Baranovo kandidat\u016br\u0105.<\/p>\n<p>Tiesa, Vyriausiosios rinkim\u0173 komisijos (VRK) pirminink\u0117 Lina Petronien\u0117 ketvirtadien\u012f sak\u0117, jog komisija dar spr\u0119s, ar pirmalaikiuose Seimo nario rinkimuose vienmandat\u0117je gali dalyvauti daugiamandat\u0117je i\u0161rinktas ir pareigas einantis parlamentaras.\u00a0<\/p>\n<p>    <img decoding=\"async\" src=\"https:\/\/www.europesays.com\/lt\/wp-content\/uploads\/2026\/07\/c3eba4dc-42c5-48ec-9a72-3f548e8acb94.jpg\" loading=\"lazy\" alt=\"Ruslanas Baranovas\"\/>      <\/p>\n<p>VRK duomenimis, pirmalaikiuose Seimo nario rinkimuose Nal\u0161ios \u0161iaurin\u0117je apygardoje kol kas ketina dalyvauti 11 politini\u0173 j\u0117g\u0173 ir savaranki\u0161kai i\u0161sik\u0117l\u0119s buv\u0119s kandidatas \u012f prezidentus Eduardas Vaitkus.\u00a0<\/p>\n<p>Politin\u0117s kampanijos dalyvi\u0173 registracija vyks iki liepos 13 d. imtinai.\u00a0<\/p>\n<p>Vienmandat\u0117je Nal\u0161ios \u0161iaurin\u0117je rinkim\u0173 apygardoje pirmalaikiai Seimo nario rinkimai vyks lapkri\u010dio 8 d.<\/p>\n<p>Pirmalaiki\u0173 Seimo nario rinkim\u0173 vienmandat\u0117je Nal\u0161ios \u0161iaurin\u0117je rinkim\u0173 apygardoje prireik\u0117 gegu\u017e\u0117s 28 d. mirus ten i\u0161rinktam parlamentarui liberalui Jevgenijui \u0160uklinui. Bir\u017eelio prad\u017eioje VRK panaikino jo Seimo nario mandat\u0105.\u00a0\u017dinomas sportininkas, kanojininkas J. \u0160uklinas \u012f Seim\u0105 buvo i\u0161rinktas 2024 m. su Liberal\u0173 s\u0105j\u016bd\u017eiu, priklaus\u0117 \u0161ios partijos frakcijai.\u00a0<\/p>\n<p>ELTA primena, Rinkim\u0173 kodeksas numato, kad pirmalaikiai Seimo nario rinkimai, kai nutr\u016bksta parlamentaro, i\u0161rinkto vienmandat\u0117je rinkim\u0173 apygardoje, \u012fgaliojimai, turi b\u016bti surengti ne v\u0117liau kaip per 6 m\u0117nesius. Rinkimai nerengiami, kai iki eilini\u0173 Seimo rinkim\u0173 datos, skai\u010diuojamos pagal Konstitucij\u0105, yra lik\u0119 ma\u017eiau kaip vieneri metai.<\/p>\n","protected":false},"excerpt":{"rendered":"\u201eJauni socialdemokratai laiko rink\u0117jus avinais. (&#8230;) Ponas Baranovas jau dabar yra Seimo narys. Jeigu j\u012f i\u0161rinks, tuomet pateks&hellip;\n","protected":false},"author":2,"featured_media":224990,"comment_status":"","ping_status":"","sticky":false,"template":"","format":"standard","meta":{"footnotes":"","_share_on_mastodon":"0"},"categories":[13],"tags":[25,30,31,34,35,24,32,33,37,39,36,38,4281,40,23,22,28,29,14295,26,27,342],"class_list":["post-224989","post","type-post","status-publish","format-standard","has-post-thumbnail","category-lietuva","tag-antrastes","tag-breaking-news","tag-breakingnews","tag-featured-news","tag-featurednews","tag-headlines","tag-latest-news","tag-latestnews","tag-lietuva","tag-lietuviu","tag-lithuania","tag-lithuanian","tag-lsdp","tag-lt","tag-naujienos","tag-news","tag-populiariausios-naujienos","tag-populiariausiosnaujienos","tag-ruslanas-baranovas","tag-top-stories","tag-topstories","tag-viktorija-cmilyte-nielsen"],"share_on_mastodon":{"url":"https:\/\/pubeurope.com\/@lt\/116894454989405587","error":""},"_links":{"self":[{"href":"https:\/\/www.europesays.com\/lt\/wp-json\/wp\/v2\/posts\/224989","targetHints":{"allow":["GET"]}}],"collection":[{"href":"https:\/\/www.europesays.com\/lt\/wp-json\/wp\/v2\/posts"}],"about":[{"href":"https:\/\/www.europesays.com\/lt\/wp-json\/wp\/v2\/types\/post"}],"author":[{"embeddable":true,"href":"https:\/\/www.europesays.com\/lt\/wp-json\/wp\/v2\/users\/2"}],"replies":[{"embeddable":true,"href":"https:\/\/www.europesays.com\/lt\/wp-json\/wp\/v2\/comments?post=224989"}],"version-history":[{"count":0,"href":"https:\/\/www.europesays.com\/lt\/wp-json\/wp\/v2\/posts\/224989\/revisions"}],"wp:featuredmedia":[{"embeddable":true,"href":"https:\/\/www.europesays.com\/lt\/wp-json\/wp\/v2\/media\/224990"}],"wp:attachment":[{"href":"https:\/\/www.europesays.com\/lt\/wp-json\/wp\/v2\/media?parent=224989"}],"wp:term":[{"taxonomy":"category","embeddable":true,"href":"https:\/\/www.europesays.com\/lt\/wp-json\/wp\/v2\/categories?post=224989"},{"taxonomy":"post_tag","embeddable":true,"href":"https:\/\/www.europesays.com\/lt\/wp-json\/wp\/v2\/tags?post=224989"}],"curies":[{"name":"wp","href":"https:\/\/api.w.org\/{rel}","templated":true}]}}