{"id":225131,"date":"2026-07-10T09:53:57","date_gmt":"2026-07-10T09:53:57","guid":{"rendered":"https:\/\/www.europesays.com\/lt\/225131\/"},"modified":"2026-07-10T09:53:57","modified_gmt":"2026-07-10T09:53:57","slug":"oru-prognoze-savaitgaliui-ka-zada-sinoptikai-respublika-lt","status":"publish","type":"post","link":"https:\/\/www.europesays.com\/lt\/225131\/","title":{"rendered":"Or\u0173 prognoz\u0117 savaitgaliui: k\u0105 \u017eada sinoptikai? &#8211; Respublika.lt"},"content":{"rendered":"<p style=\"text-align: justify;\" class=\"desktop_banner\">\u00a0<\/p>\n<p>Diena visoje \u0161alyje bus debesuota su pragiedruliais. Daugelyje rajon\u0173 v\u0117l numatomi protarpiniai liet\u016bs. Vietomis, didesn\u0117 tikimyb\u0117 pietin\u0117je \u0161alies pus\u0117je, lis smarkiai, kai kur griaud\u0117s perk\u016bnija.<\/p>\n<p>V\u0117jas p\u016bs i\u0161 ryt\u0173, \u0161iaur\u0117s ryt\u0173, 6-11 m\/s, per perk\u016bnij\u0105 kai kur g\u016bsiai sustipr\u0117s iki 15-17 m\/s.<\/p>\n<p>Auk\u0161\u010diausia temperat\u016bra \u0161iandien sieks 18-23 laipsnius \u0161ilumos, \u0161il\u010diausia bus \u0161iauriniuose rajonuose.<\/p>\n<p>\u0160e\u0161tadien\u012f \u0161is ciklonas, pama\u017eu silpn\u0117damas, jud\u0117s per Baltarusij\u0105 Ukrainos link.<\/p>\n<p>Nakt\u012f Lietuvoje rasis daugiau pragiedruli\u0173, trumpai palis tik vietomis ir negausiai. U\u017etat, v\u0117jui nurimus, i\u0161augs r\u016bko tikimyb\u0117.<\/p>\n<p>Temperat\u016bra nakt\u012f pa\u017eem\u0117s iki 9-14 laipsni\u0173 \u0161ilumos, \u0161il\u010diausia i\u0161liks paj\u016bryje.<\/p>\n<p>\u0160e\u0161tadienio dien\u0105, vos saulei pa\u0161ild\u017eius, v\u0117l spar\u010diai tvenksis kamuoliniai lietaus debesys, kurie \u012fdienojus ir popietin\u0117mis valandomis daugelyje rajon\u0173 i\u0161lies sodr\u0173 liet\u0173.<\/p>\n<p>Vietomis v\u0117l gali lyti smarkiai ir su perk\u016bnija. V\u0117jas dien\u0105 p\u016bs i\u0161 \u0161iaur\u0117s, \u0161iaur\u0117s vakar\u0173, 6-11 m\/s.<\/p>\n<p>Temperat\u016bra jau pakils iki 19-24 laipsni\u0173 \u0161ilumos.<\/p>\n<p>Ciklono poveik\u012f dar jausime ir sekmadien\u012f.<\/p>\n<p>Naktis prognozuojama gana rami, dr\u0117gna ir \u016bkanota. Ar\u010diau j\u016bros kai kur trumpai palis.<\/p>\n<p>Temperat\u016bra pasiskirstys tarp 11-16 laipsni\u0173 \u0161ilumos.<\/p>\n<p>Dien\u0105 debes\u0173 \u017eada b\u016bti gana daug, ta\u010diau trumpo, daugiausia nedidelio lietaus jau klius tik rytinei kra\u0161to daliai.<\/p>\n<p>Popiet\u0119 ten kai kur gali nugriaud\u0117ti perk\u016bnija. V\u0117jas vyraus \u0161iaur\u0117s, \u0161iaur\u0117s vakar\u0173, 5-10 m\/s.<\/p>\n<p>Temperat\u016bra dien\u0105 pakils iki 21-26 laipsni\u0173 \u0161ilumos.<\/p>\n<p>Ateinan\u010dios savait\u0117s prad\u017eioje v\u0117jai aprims, bus daugiau saul\u0117s.<\/p>\n<p>Naktys prognozuojamos sausesn\u0117s, vasari\u0161kai \u0161iltos, kai kur \u016bkanotos.<\/p>\n<p>Dienomis lietaus nepavyks i\u0161vengti, ta\u010diau bus gerokai \u0161il\u010diau, kai kur net kar\u0161ta.<\/p>\n","protected":false},"excerpt":{"rendered":"\u00a0 Diena visoje \u0161alyje bus debesuota su pragiedruliais. Daugelyje rajon\u0173 v\u0117l numatomi protarpiniai liet\u016bs. Vietomis, didesn\u0117 tikimyb\u0117 pietin\u0117je&hellip;\n","protected":false},"author":2,"featured_media":225132,"comment_status":"","ping_status":"","sticky":false,"template":"","format":"standard","meta":{"footnotes":"","_share_on_mastodon":"0"},"categories":[13],"tags":[25,30,31,4160,34,35,24,32,33,657,3260,37,39,36,38,40,23,22,260,28,29,487,2135,3253,658,654,26,27],"class_list":["post-225131","post","type-post","status-publish","format-standard","has-post-thumbnail","category-lietuva","tag-antrastes","tag-breaking-news","tag-breakingnews","tag-ciklonas","tag-featured-news","tag-featurednews","tag-headlines","tag-latest-news","tag-latestnews","tag-lhmt","tag-lietus","tag-lietuva","tag-lietuviu","tag-lithuania","tag-lithuanian","tag-lt","tag-naujienos","tag-news","tag-orai","tag-populiariausios-naujienos","tag-populiariausiosnaujienos","tag-prognoze","tag-savaitgalis","tag-siluma","tag-sinoptikai","tag-temperatura","tag-top-stories","tag-topstories"],"share_on_mastodon":{"url":"https:\/\/pubeurope.com\/@lt\/116895079824248742","error":""},"_links":{"self":[{"href":"https:\/\/www.europesays.com\/lt\/wp-json\/wp\/v2\/posts\/225131","targetHints":{"allow":["GET"]}}],"collection":[{"href":"https:\/\/www.europesays.com\/lt\/wp-json\/wp\/v2\/posts"}],"about":[{"href":"https:\/\/www.europesays.com\/lt\/wp-json\/wp\/v2\/types\/post"}],"author":[{"embeddable":true,"href":"https:\/\/www.europesays.com\/lt\/wp-json\/wp\/v2\/users\/2"}],"replies":[{"embeddable":true,"href":"https:\/\/www.europesays.com\/lt\/wp-json\/wp\/v2\/comments?post=225131"}],"version-history":[{"count":0,"href":"https:\/\/www.europesays.com\/lt\/wp-json\/wp\/v2\/posts\/225131\/revisions"}],"wp:featuredmedia":[{"embeddable":true,"href":"https:\/\/www.europesays.com\/lt\/wp-json\/wp\/v2\/media\/225132"}],"wp:attachment":[{"href":"https:\/\/www.europesays.com\/lt\/wp-json\/wp\/v2\/media?parent=225131"}],"wp:term":[{"taxonomy":"category","embeddable":true,"href":"https:\/\/www.europesays.com\/lt\/wp-json\/wp\/v2\/categories?post=225131"},{"taxonomy":"post_tag","embeddable":true,"href":"https:\/\/www.europesays.com\/lt\/wp-json\/wp\/v2\/tags?post=225131"}],"curies":[{"name":"wp","href":"https:\/\/api.w.org\/{rel}","templated":true}]}}