{"id":225204,"date":"2026-07-10T11:16:01","date_gmt":"2026-07-10T11:16:01","guid":{"rendered":"https:\/\/www.europesays.com\/lt\/225204\/"},"modified":"2026-07-10T11:16:01","modified_gmt":"2026-07-10T11:16:01","slug":"in-memoriam-mus-paliko-zymiausias-siu-dienu-lietuviu-lyrikas-respublika-lt","status":"publish","type":"post","link":"https:\/\/www.europesays.com\/lt\/225204\/","title":{"rendered":"In Memoriam. Mus paliko \u017eymiausias \u0161i\u0173 dien\u0173 lietuvi\u0173 lyrikas &#8211; Respublika.lt"},"content":{"rendered":"<p style=\"text-align: justify;\" class=\"desktop_banner\">\u00a0<\/p>\n<p>\u201eRespublikos&#8221; redakcijoje ant sienos ilgus metus kabojo vienas jo sonetas i\u0161 sonet\u0173 vainiko \u201eBe\u017ed\u017eioni\u0173 tiltas&#8221;.<\/p>\n<p>J\u012f buvo pakabin\u0119s tuomet \u010dia dirb\u0119s poetas Rimvydas Stankevi\u010dius, kur\u012f su Aidu Mar\u010d\u0117nu siejo ne tik k\u016brybin\u0117, bet ir asmenin\u0117 bi\u010diulyst\u0117. Negal\u0117jau jam nepaskambinti.<\/p>\n<p>\u201eJau ka\u017ekam sakiau, kad \u0161iandien reikt\u0173 tarti tuos pa\u010dius \u017eod\u017eius, kuriuos tar\u0117me, kai mir\u0117 Justinas Marcinkevi\u010dius, kai mir\u0117 Sigitas Geda, Marcelijus Martinaitis, &#8211; kalb\u0117jo Rimvydas Stankevi\u010dius, &#8211; nes netekome auk\u0161\u010diausio kalibro poeto, ko gero, \u0161iuo metu \u017eymiausio i\u0161 gyv\u0173j\u0173, tikro poeto nuo Dievo, puikaus rimavimo meistro, pagal kur\u012f matuojamas kit\u0173 poet\u0173 geb\u0117jimas arba negeb\u0117jimas rimuoti. Tai buvo \u017emogus, kuris i\u0161 tikr\u0173j\u0173 dirbo lietuvi\u0173 literat\u016brai&#8221;.<\/p>\n<p>Aidas Mar\u010d\u0117nas buvo pirmosios Rimvydo Stankevi\u010diaus knygos redaktorius.<\/p>\n<p>Jis prisimena, kad neatst\u016bm\u0119s jo, naivaus ir niekam ne\u017einomo poeto, Aidas Mar\u010d\u0117nas pasirod\u0117 kaip vyresnysis brolis, paskui tap\u0119s did\u017eiumos jo knyg\u0173 redaktoriumi. \u201eBendravimas su juo buvo ne\u012fkainojamas, &#8211; teigia jis, &#8211; d\u0117l to ir asmeni\u0161kai jau\u010diu didel\u0119 netekt\u012f.<\/p>\n<p>Kai Mar\u010d\u0117nas redagavo mano knyg\u0105 \u201ePatys papras\u010diausi burta\u017eod\u017eiai&#8221;, su manim labai vargo. Jis nor\u0117jo, kad a\u0161 pakeis\u010diau kelias rimuoto eil\u0117ra\u0161\u010dio eilutes, nes, anot jo, jos buvo silpnos. O a\u0161, jaunas \u017emogus, daug kart\u0173 skait\u0119s t\u0105 eil\u0117ra\u0161t\u012f, \u012fsimyl\u0117j\u0119s, jokiais b\u016bdais nesutikau nieko keisti.<\/p>\n<p>Mar\u010d\u0117nas tada sako: \u201eNegi tu galvoji, kad a\u0161 taisau tave, nor\u0117damas parodyti, kad a\u0161 didesnis ar autoritetingesnis u\u017e tave?&#8221;<\/p>\n<p>\u201eGal\u0173 gale, &#8211; sako, &#8211; a\u0161 dirbu ne Stankevi\u010diui ir jo ambicijoms, o lietuvi\u0173 literat\u016brai&#8221;. Tada a\u0161 ir leidausi pataisomas.<\/p>\n<p>Nes jis jaut\u0117 savo misij\u0105, jam buvo ne tiek svarbu, kas autorius, jam buvo svarbu, ar turim geros poezijos, jam r\u016bp\u0117jo jos t\u0119stinumas. Mar\u010d\u0117nas buvo vienas i\u0161 nedaugelio, kuriam r\u016bp\u0117jo visi&#8230;&#8221;<\/p>\n<p>\u010cia verta prisiminti Aido Mar\u010d\u0117no \u012fra\u0161\u0105 jo poezijos knygoje \u201eViename&#8221;: \u201eTauta, kuriai nereikia gyvos literat\u016bros, mir\u0161ta&#8221;. Jo nuomone, poetai yra kalbos gyvyb\u0117s garantas, tik tam jie ir es\u0105 reikalingi &#8211; kad b\u016bt\u0173 apvalyta bendruomen\u0117s kalba ir smegenys.<\/p>\n<p>Rimvydo Stankevi\u010diaus \u201eRespublikoje&#8221; laikais, Aido Mar\u010d\u0117no pavard\u0117 da\u017enokai pasirodydavo laikra\u0161\u010dio puslapiuose. Viename interviu poetas filosofavo ir apie Lietuv\u0105.<\/p>\n<p>\u201eKaip ne\u012fmanoma, kad \u017emogus virst\u0173 angelu, taip pat ne\u012fmanoma, kad Lietuvoje ar kokioje kitoje valstyb\u0117je vie\u0161pataut\u0173 vien g\u0117ris ir i\u0161mintis. Tod\u0117l stengiuosi kiek \u012fmanydamas puosel\u0117ti t\u0105 savo vidin\u0119 Lietuv\u0105 ir nesigrau\u017eti d\u0117l pastebim\u0173 neatitikim\u0173 tarp jos ir to, k\u0105 matau u\u017e lango&#8221;.<\/p>\n<p>Rimvydas Stankevi\u010dius sako: \u201eO svarbiausia, k\u0105 reikia pasakyti, yra tai, kad numir\u0117 m\u016bs\u0173 laik\u0173 Maironis. Kito tokio n\u0117ra. Jo vieta liks tu\u0161\u010dia, niekas jos neu\u017eims.<\/p>\n<p>Kai buvau jaunas, naivus, galvojau, na, dabar yra Geda, Martinaitis, Blo\u017e\u0117, Strielk\u016bnas, jie pasens, i\u0161eis, bet jau mes patys b\u016bsim tokie u\u017eaug\u0119, ir jie i\u0161\u0117jo, bet mes taip ir neu\u017eaugome.<\/p>\n<p>\u010cia kalbu ne apie unikalum\u0105, kalbu apie kalibr\u0105. Tas ir yra, kad eina ma\u017eyn poetai. Gal tai ir nuo laikme\u010dio priklauso, ne\u017einau, nes misij\u0105 paprastai u\u017eduoda laikas.<\/p>\n<p>Vieniems dav\u0117 sovietmetis, vert\u0119s kalb\u0117ti tarp eilu\u010di\u0173, ezopo kalba, nes kitaip b\u016bti tikram ir s\u0105\u017einingam nebuvo \u012fmanoma.<\/p>\n<p>Mar\u010d\u0117nas atsirado dviej\u0173 epoch\u0173 sand\u016broje. Jam apskritai reik\u0117jo surasti nauj\u0105 poezijai, sakykim, ne tik r\u016bb\u0105, (r\u016bb\u0105 jis pasiliko sen\u0105), bet misij\u0105, &#8211; ir Mar\u010d\u0117nas kaip tik buvo tas, kuris jos vag\u0105 pasuko \u012f savo dvasios reflektavim\u0105, \u012f am\u017einuosius dalykus. Jis labai maironi\u0161kas savo misija ir didumu.&#8221;<\/p>\n<p>***<\/p>\n<p>Aidas Mar\u010d\u0117nas gim\u0117 1960 m. rugs\u0117jo 24 d. Kaune.<\/p>\n<p>Nuo 1964 m. gyveno Vilniuje. Baig\u0117 Vilniaus 22-\u0105j\u0105 vidurin\u0119 mokykl\u0105 (dabar Mikalojaus Dauk\u0161os), v\u0117liau kur\u012f laik\u0105 studijavo Vilniaus konservatorijoje.<\/p>\n<p>Jaunyst\u0117je dirbo \u012fvairius darbus &#8211; buvo teatr\u0173 ap\u0161viet\u0117jas, knyg\u0173 pakuotojas, dirbo Botanikos sode.<\/p>\n<p>Per beveik keturis k\u016brybos de\u0161imtme\u010dius Aidas Mar\u010d\u0117nas i\u0161leido daugiau nei dvide\u0161imt poezijos, eseistikos ir rinktini\u0173 knyg\u0173.<\/p>\n<p>Ra\u0161ytoj\u0173 s\u0105junga pabr\u0117\u017eia, jog savo k\u016bryba ir literat\u016bros kritikos darbais paliko ry\u0161k\u0173 p\u0117dsak\u0105 \u0161iuolaikin\u0117je lietuvi\u0173 literat\u016broje.<\/p>\n<p>Jo tekstai i\u0161siskyr\u0117 intelektualumu, menine precizika, pagarba lietuvi\u0173 literat\u016bros tradicijai ir nuolatiniu dialogu su klasika bei dabartimi.<\/p>\n<p>Mar\u010d\u0117no k\u016bryba buvo \u012fvertinta svarbiausiais lietuvi\u0173 literat\u016bros apdovanojimais.<\/p>\n<p>Jis peln\u0117 priz\u0105 u\u017e geriausi\u0105 debiut\u0105 \u201ePoezijos pavasario&#8221; almanache (1987), Zigmo G\u0117l\u0117s-Gaidamavi\u010diaus (1989), Julijono Lind\u0117s-Dobilo (1999), Jotvingi\u0173 (2008), Jono Ais\u010dio (2013), Lietuvos ra\u0161ytoj\u0173 s\u0105jungos (2014) ir Salom\u0117jos N\u0117ries (2024) literat\u016brines premijas, 1994 metais tapo \u201ePoezijos pavasario&#8221; laureatu, o 2005 metais jam skirta Lietuvos nacionalin\u0117 kult\u016bros ir meno premija u\u017e klasikini\u0173 vertybi\u0173 ir \u0161iuolaiki\u0161kumo derm\u0119 poezijos knygose.<\/p>\n<p>\u201ePasaulis baigias, tod\u0117l reikia ra\u0161yti eil\u0117ra\u0161\u010dius&#8221;, &#8211; yra br\u016bk\u0161tel\u0117j\u0119s poetas Aidas Mar\u010d\u0117nas. Yra pagundos perfrazuoti \u0161ias eilutes: pasaulis baigias, tod\u0117l reikia skaityti eil\u0117ra\u0161\u010dius. Tarp j\u0173 &#8211; ir gyvesn\u0119 u\u017e daugelio gyv\u0173j\u0173 Aido Mar\u010d\u0117no poezij\u0105. Kaip t\u0119sin\u012f. Kaip palikim\u0105 ir kaip dovan\u0105.<\/p>\n<p>***<\/p>\n<p>Atsisveikinti su poetu Aidu Mar\u010d\u0117nu galima Laidojimo paslaug\u0173 centro Antakalnio padalinyje M. K. Paco 4 Vilniuje (\u0161alia Vilniaus \u0160v. apa\u0161tal\u0173 Petro ir Povilo ba\u017eny\u010dios), 2 sal\u0117je:<\/p>\n<p>liepos 10 d., penktadien\u012f, nuo 16.00 iki 21.00 val.;<\/p>\n<p>liepos 11 d., \u0161e\u0161tadien\u012f, nuo 8.30 iki 14.45 val.<\/p>\n<p>Urna i\u0161ne\u0161ama 14.45 val.<\/p>\n<p>Laidojamas Aidas Mar\u010d\u0117nas Antakalnio kapini\u0173 Meninink\u0173 kalnelyje.<\/p>\n","protected":false},"excerpt":{"rendered":"\u00a0 \u201eRespublikos&#8221; redakcijoje ant sienos ilgus metus kabojo vienas jo sonetas i\u0161 sonet\u0173 vainiko \u201eBe\u017ed\u017eioni\u0173 tiltas&#8221;. J\u012f buvo&hellip;\n","protected":false},"author":2,"featured_media":225205,"comment_status":"","ping_status":"","sticky":false,"template":"","format":"standard","meta":{"footnotes":"","_share_on_mastodon":"0"},"categories":[6],"tags":[2082,25,809,30,31,34,35,24,32,33,37,39,36,38,40,33800,33687,7588,23,22,1384,28,29,33801,26,27],"class_list":["post-225204","post","type-post","status-publish","format-standard","has-post-thumbnail","category-antrastes","tag-antakalnis","tag-antrastes","tag-atsisveikinimas","tag-breaking-news","tag-breakingnews","tag-featured-news","tag-featurednews","tag-headlines","tag-latest-news","tag-latestnews","tag-lietuva","tag-lietuviu","tag-lithuania","tag-lithuanian","tag-lt","tag-lyrikas","tag-marcenas","tag-mire","tag-naujienos","tag-news","tag-poetas","tag-populiariausios-naujienos","tag-populiariausiosnaujienos","tag-stankevicius","tag-top-stories","tag-topstories"],"share_on_mastodon":{"url":"https:\/\/pubeurope.com\/@lt\/116895402298181213","error":""},"_links":{"self":[{"href":"https:\/\/www.europesays.com\/lt\/wp-json\/wp\/v2\/posts\/225204","targetHints":{"allow":["GET"]}}],"collection":[{"href":"https:\/\/www.europesays.com\/lt\/wp-json\/wp\/v2\/posts"}],"about":[{"href":"https:\/\/www.europesays.com\/lt\/wp-json\/wp\/v2\/types\/post"}],"author":[{"embeddable":true,"href":"https:\/\/www.europesays.com\/lt\/wp-json\/wp\/v2\/users\/2"}],"replies":[{"embeddable":true,"href":"https:\/\/www.europesays.com\/lt\/wp-json\/wp\/v2\/comments?post=225204"}],"version-history":[{"count":0,"href":"https:\/\/www.europesays.com\/lt\/wp-json\/wp\/v2\/posts\/225204\/revisions"}],"wp:featuredmedia":[{"embeddable":true,"href":"https:\/\/www.europesays.com\/lt\/wp-json\/wp\/v2\/media\/225205"}],"wp:attachment":[{"href":"https:\/\/www.europesays.com\/lt\/wp-json\/wp\/v2\/media?parent=225204"}],"wp:term":[{"taxonomy":"category","embeddable":true,"href":"https:\/\/www.europesays.com\/lt\/wp-json\/wp\/v2\/categories?post=225204"},{"taxonomy":"post_tag","embeddable":true,"href":"https:\/\/www.europesays.com\/lt\/wp-json\/wp\/v2\/tags?post=225204"}],"curies":[{"name":"wp","href":"https:\/\/api.w.org\/{rel}","templated":true}]}}