{"id":225407,"date":"2026-07-10T15:42:55","date_gmt":"2026-07-10T15:42:55","guid":{"rendered":"https:\/\/www.europesays.com\/lt\/225407\/"},"modified":"2026-07-10T15:42:55","modified_gmt":"2026-07-10T15:42:55","slug":"alytuje-pirmoji-viktoro-voronovo-tapybos-darbu-paroda-spalvos-muzika-ir-nepaprasta-gyvenimo-istorija","status":"publish","type":"post","link":"https:\/\/www.europesays.com\/lt\/225407\/","title":{"rendered":"Alytuje \u2013 pirmoji Viktoro Voronovo tapybos darb\u0173 paroda: spalvos, muzika ir nepaprasta gyvenimo istorija"},"content":{"rendered":"<p>Klausykite Jums patogiu metu \u2013 prenumeruokite podcast\u2019\u0105:<\/p>\n<p class=\"wp-block-paragraph\">Liepos 15 dien\u0105 17.30 val. Alytaus Audiovizuali\u0173j\u0173 men\u0173 centre bus atidaryta pirmoji Alytuje pristatoma i\u0161skirtinio k\u016br\u0117jo Viktoro Voronovo (1938\u20132023) tapybos darb\u0173 paroda. Lankytojai i\u0161vys k\u016brinius i\u0161 menininko \u0161eimos ir kolekcininko Laimio Sinkevi\u010diaus priva\u010di\u0173 kolekcij\u0173.<\/p>\n<p><a href=\"https:\/\/www.europesays.com\/lt\/wp-content\/uploads\/2026\/07\/V.-Voronovo-tapybos-darb-paroda.jpg\"><img loading=\"lazy\" data-lazyloaded=\"1\" decoding=\"async\" width=\"1920\" height=\"1005\" src=\"https:\/\/www.europesays.com\/lt\/wp-content\/uploads\/2026\/07\/V.-Voronovo-tapybos-darb-paroda.jpg\" alt=\"V. Voronovo Tapybos Darb Paroda\" class=\"wp-image-250527\" data-fancybox=\"\"  data-\/><\/a>Svarbiausia<\/p>\n<ul class=\"wp-block-list\">\n<li>Liepos 15 d. 17.30 val. \u2013 parodos atidarymas Audiovizuali\u0173j\u0173 men\u0173 centre.<\/li>\n<li>Pirm\u0105 kart\u0105 Alytuje pristatoma Viktoro Voronovo tapyba.<\/li>\n<li>Eksponuojami darbai i\u0161 \u0161eimos ir kolekcininko Laimio Sinkevi\u010diaus kolekcij\u0173.<\/li>\n<li>Viktoras Voronovas buvo ne tik tapytojas, bet ir kompozitorius, saksofonininkas, aran\u017euotojas bei pirmojo Lietuvoje d\u017eiazo festivalio organizatorius.<\/li>\n<\/ul>\n<p>Menininkas, gyven\u0119s menu<\/p>\n<p class=\"wp-block-paragraph\">Viktoro Voronovo asmenyb\u0119 sunku sutalpinti \u012f vien\u0105 apibr\u0117\u017eim\u0105. Jis buvo kompozitorius, saksofonininkas, aran\u017euotojas, d\u017eiazo entuziastas, sportininkas ir tapytojas, kurio k\u016bryboje muzika persikelia \u012f drob\u0119.<\/p>\n<p class=\"wp-block-paragraph\">An\u016bk\u0117 L\u0117ja Viktorija Voronovait\u0117 senel\u012f prisimena kaip \u017emog\u0173, kuriam menas buvo viso gyvenimo aistra.<\/p>\n<blockquote class=\"wp-block-quote is-layout-flow wp-block-quote-is-layout-flow\" wp_automatic_readability=\"15\">\n<p class=\"wp-block-paragraph\">\u201eRetas atvejis, kai \u017emogus gyvenime i\u0161pildo visk\u0105, k\u0105 nori. Suburti ansambliai, festivaliai, sporto rungtyn\u0117s, kovos menai, tapyba, animacija, skraidymas parasparniu ir buriavimas \u2013 jam niekada nebuvo tik \u0161iaip pom\u0117giai.\u201c<\/p>\n<\/blockquote>\n<p>Gyvenimo kelias prasid\u0117jo Alytaus kra\u0161te<\/p>\n<p class=\"wp-block-paragraph\">V. Voronovas gim\u0117 Vitebske, Baltarusijoje. Antrojo pasaulinio karo metais kartu su mama Klaudija Gukova buvo atgabentas \u012f Alytaus get\u0105, kur dirbo priverstinius darbus. V\u0117liau nuo persekiojimo juos i\u0161gelb\u0117jo Punios \u016bkininkas Vitunskis, suteik\u0119s prieglobst\u012f ir darb\u0105.<\/p>\n<p class=\"wp-block-paragraph\">Neatsitiktinai menininko gyvenime svarbi vieta teko dailei \u2013 jo mama iki karo dirbo garsiojo dailininko Marko \u0160agalo namuose Vitebske ir bendravo su jo \u0161eima. \u0160ie pasakojimai, kaip v\u0117liau pripa\u017eino artimieji, paliko ry\u0161k\u0173 p\u0117dsak\u0105 b\u016bsimo k\u016br\u0117jo pasaul\u0117jautoje.<\/p>\n<p>Nuo d\u017eiazo iki tapybos<\/p>\n<p class=\"wp-block-paragraph\">Nuo 1960 met\u0173 V. Voronovas gyveno Druskininkuose, v\u0117liau \u2013 Elektr\u0117nuose, kur tapo viena ry\u0161kiausi\u0173 Lietuvos d\u017eiazo asmenybi\u0173. B\u016btent jo iniciatyva 1968 metais Elektr\u0117nuose surengtas pirmasis Lietuvoje d\u017eiazo festivalis \u2013 dr\u0105sus ir reik\u0161mingas \u012fvykis tuo metu, kai soviet\u0173 vald\u017eia \u0161\u012f muzikos \u017eanr\u0105 vertino nepalankiai.<\/p>\n<p class=\"wp-block-paragraph\">V\u0117liau jis grojo pu\u010diam\u0173j\u0173 orkestre \u201eTrimitas\u201c, vadovavo filharmonijos ansambliui \u201eNemuno \u017eiburiai\u201c, bendradarbiavo su roko grupe \u201eSaul\u0117s laikrodis\u201c bei kitais kolektyvais.<\/p>\n<p class=\"wp-block-paragraph\">Atk\u016brus Lietuvos nepriklausomyb\u0119, aktyvi muzikin\u0117 veikla u\u017eleido viet\u0105 kitai aistrai \u2013 tapybai.<\/p>\n<p>Muzika, virtusi spalvomis<\/p>\n<p class=\"wp-block-paragraph\">Viktoro Voronovo drob\u0117se gausu muzikos instrument\u0173, simboli\u0173, fantasti\u0161k\u0173 form\u0173 ir siurrealistini\u0173 motyv\u0173. Muzika jo k\u016bryboje tampa ne tema, o pa\u010dia paveiksl\u0173 kalba.<\/p>\n<p class=\"wp-block-paragraph\">Menotyrininkas Adelbertas Nedzelskis yra ra\u0161\u0119s, kad Voronovas sugeb\u0117jo savaranki\u0161kai susikurti original\u0173 tapybos stili\u0173, paremt\u0105 ilgame\u010diu darbu, studijomis ir nuolatiniu tobul\u0117jimu. Pasak jo, menininkas \u012frod\u0117, jog \u012fmanoma sukurti savit\u0105 menin\u0119 kalb\u0105, kurioje dera muzikin\u0117 kompozicija, ry\u0161kus koloritas, tikrov\u0117s detal\u0117s ir fantazija.<\/p>\n<p class=\"wp-block-paragraph\">Nauji V. Voronovo paveikslai greitai rasdavo savo viet\u0105 priva\u010diose kolekcijose Lietuvoje ir u\u017esienyje, tod\u0117l jo darb\u0173 paklausa ilgainiui tapo didesn\u0117 nei galimyb\u0117s juos sukurti.<\/p>\n<p>Kvie\u010dia pa\u017einti i\u0161skirtin\u0119 asmenyb\u0119<\/p>\n<p class=\"wp-block-paragraph\">Audiovizuali\u0173j\u0173 men\u0173 centre atidaroma paroda suteiks galimyb\u0119 Alytaus publikai pirm\u0105 kart\u0105 i\u0161 ar\u010diau susipa\u017einti su k\u016br\u0117ju, kurio gyvenime muzika, istorija ir tapyba susiliejo \u012f vien\u0105 visum\u0105.<\/p>\n","protected":false},"excerpt":{"rendered":"Klausykite Jums patogiu metu \u2013 prenumeruokite podcast\u2019\u0105: Liepos 15 dien\u0105 17.30 val. Alytaus Audiovizuali\u0173j\u0173 men\u0173 centre bus atidaryta&hellip;\n","protected":false},"author":2,"featured_media":225408,"comment_status":"","ping_status":"","sticky":false,"template":"","format":"standard","meta":{"footnotes":"","_share_on_mastodon":"0"},"categories":[21],"tags":[7005,2550,33814,113,7006,37,39,36,38,40,2052,114],"class_list":["post-225407","post","type-post","status-publish","format-standard","has-post-thumbnail","category-pramogos","tag-alytaus-radijas","tag-alytus","tag-audiovizualiuju-menu-centras","tag-entertainment","tag-fm99","tag-lietuva","tag-lietuviu","tag-lithuania","tag-lithuanian","tag-lt","tag-paroda","tag-pramogos"],"share_on_mastodon":{"url":"https:\/\/pubeurope.com\/@lt\/116896452677500451","error":""},"_links":{"self":[{"href":"https:\/\/www.europesays.com\/lt\/wp-json\/wp\/v2\/posts\/225407","targetHints":{"allow":["GET"]}}],"collection":[{"href":"https:\/\/www.europesays.com\/lt\/wp-json\/wp\/v2\/posts"}],"about":[{"href":"https:\/\/www.europesays.com\/lt\/wp-json\/wp\/v2\/types\/post"}],"author":[{"embeddable":true,"href":"https:\/\/www.europesays.com\/lt\/wp-json\/wp\/v2\/users\/2"}],"replies":[{"embeddable":true,"href":"https:\/\/www.europesays.com\/lt\/wp-json\/wp\/v2\/comments?post=225407"}],"version-history":[{"count":0,"href":"https:\/\/www.europesays.com\/lt\/wp-json\/wp\/v2\/posts\/225407\/revisions"}],"wp:featuredmedia":[{"embeddable":true,"href":"https:\/\/www.europesays.com\/lt\/wp-json\/wp\/v2\/media\/225408"}],"wp:attachment":[{"href":"https:\/\/www.europesays.com\/lt\/wp-json\/wp\/v2\/media?parent=225407"}],"wp:term":[{"taxonomy":"category","embeddable":true,"href":"https:\/\/www.europesays.com\/lt\/wp-json\/wp\/v2\/categories?post=225407"},{"taxonomy":"post_tag","embeddable":true,"href":"https:\/\/www.europesays.com\/lt\/wp-json\/wp\/v2\/tags?post=225407"}],"curies":[{"name":"wp","href":"https:\/\/api.w.org\/{rel}","templated":true}]}}