{"id":226027,"date":"2026-07-11T12:01:09","date_gmt":"2026-07-11T12:01:09","guid":{"rendered":"https:\/\/www.europesays.com\/lt\/226027\/"},"modified":"2026-07-11T12:01:09","modified_gmt":"2026-07-11T12:01:09","slug":"stt-susidomejo-direktoriaus-is-indonezijos-reikalais-respublika-lt","status":"publish","type":"post","link":"https:\/\/www.europesays.com\/lt\/226027\/","title":{"rendered":"STT susidom\u0117jo direktoriaus \u201ei\u0161 Indonezijos\u201c reikalais &#8211; Respublika.lt"},"content":{"rendered":"<p style=\"text-align: justify;\" class=\"desktop_banner\">\u00a0<\/p>\n<p>Toks ra\u0161tas pasiek\u0117 visas \u0160iauli\u0173 apskrities savivaldybes &#8211; \u0160RATC dalininkes. Tyrimo metu nustatytais pa\u017eeidimais susidom\u0117jo Speciali\u0173j\u0173 tyrim\u0173 tarnyba (STT), kitos institucijos.<\/p>\n<p>Nustatyti \u0161iurk\u0161t\u016bs pa\u017eeidimai<\/p>\n<p>Aplinkos kokyb\u0117s departamento ra\u0161te teigiama, kad mechaninio biologinio apdorojimo (MBA) \u012frenginiais mi\u0161rios komunalin\u0117s atliekos ner\u016b\u0161iuojamos, kad atliek\u0173 tvarkymas pagal Techninio reglamento reikalavimus nevyko arba buvo neefektyvus.<\/p>\n<p>Penkiuose i\u0161 septyni\u0173 biotuneli\u0173 buvo neteis\u0117tai laikomos atliekos. Ra\u0161oma, kad \u0160RATC teik\u0117 akivaizd\u017eiai neteisingus duomenis atliek\u0173 tvarkymo apskaitos dokumentuose &#8211; teikdamas \u017einomai neteisingus, galimai suklastotus duomenis, pa\u0161alino \u012f s\u0105vartyn\u0105 beveik 12 t\u016bkstan\u010di\u0173 ton\u0173 atliek\u0173, kurios buvo neapdorotos biotuneliuose ir nesumok\u0117jo mokes\u010di\u0173 u\u017e aplinkos ter\u0161im\u0105.<\/p>\n<p>\u0160iame ra\u0161te pamin\u0117tus tr\u016bkumus dalininkai aptar\u0117 su \u0160RATC vadovu \u017dilvinu \u0160ilgaliu. Direktori\u0173 pasiai\u0161kinti pasikviet\u0117 ir \u0160iauli\u0173 miesto savivaldyb\u0117s tarybos Kontrol\u0117s komitetas.<\/p>\n<p>Kontrol\u0117s komitete paai\u0161k\u0117jo, kad pus\u0119 darbo laiko vadovaudamas \u0160RATC nuotoliu (da\u017eniausiai i\u0161 u\u017esienio) \u017d.\u0160ilgalis asmenin\u0117s atsakomyb\u0117s u\u017e tr\u016bkumus jo vadovaujamoje \u012fmon\u0117je neprisiima, o visus priekai\u0161tus peradresuoja savo pavaldiniams.<\/p>\n<p>Administracijos direktorius A.Bartulis paai\u0161kino, kad labiausiai neramina tai, jog \u012fmon\u0117 galimai ve\u017ea \u012f s\u0105vartyn\u0105 ne technin\u012f kompost\u0105, o ner\u016b\u0161iuotas mi\u0161ri\u0105sias buitines atliekas.<\/p>\n<p>\u201eDepartamentas nustat\u0117, kad tiek 2024, tiek 2025 metais buvo \u012fve\u017eti reik\u0161mingi kiekiai atliek\u0173, o tai yra pa\u017eeidimas, u\u017e kur\u012f taikomos sankcijos.<\/p>\n<p>M\u016bs\u0173 apskai\u010diavimais, jei \u0161ie kiekiai pasitvirtint\u0173, \u0160RATC tekt\u0173 mok\u0117ti per 700 t\u016bkstan\u010di\u0173 eur\u0173 u\u017e \u0161\u012f pa\u017eeidim\u0105. Klausimas, kaip tokios didel\u0117s baudos mok\u0117jimas paveiks \u012fmon\u0117s finansinius srautus ir veikl\u0105&#8221;, &#8211; teig\u0117 Administracijos vadovas, prid\u016br\u0119s, kad taip pat klausim\u0173 kelia galimai fiktyviai prira\u0161yti bioskaid\u017ei\u0173 atliek\u0173 kiekiai.<\/p>\n<p>A.Bartulis sak\u0117, kad dabar lauks STT ir kit\u0173 institucij\u0173 i\u0161vad\u0173 d\u0117l \u0161i\u0173 fakt\u0173. Jei jos bus abejotinos, jis palaikys direktoriaus ketinimus gintis teisme.<\/p>\n<p>Atsakomyb\u0119 permet\u0117<\/p>\n<p>\u0160RATC direktorius \u017d.\u0160ilgalis aplinkosauginink\u0173 atlikt\u0105 patikrinim\u0105 ir jo i\u0161vadas ai\u0161kino atleisto darbuotojo intrigomis ir tikrintoj\u0173 prielaidomis.<\/p>\n<p>Kontrol\u0117s komitete jis neneig\u0117, kad neapdorotos atliekos buvo laikomos biotuneliuose, bet laiko tai nedideliu pa\u017eeidimu.<\/p>\n<p>\u017d.\u0160ilgalis tikino, kad visi\u0161kai neapdorotos mi\u0161rios atliekos nebuvo ve\u017eamos \u012f s\u0105vartyn\u0105.<\/p>\n<p>\u201eKitas dalykas, kad MBA procesas vyksta nekokybi\u0161kai. B\u016bkim biedni, bet teisingi, kalb\u0117jau visus 5 metus, kiek dirbu \u012fmon\u0117je. Ir dalininkams sakiau, ir kitiems. Mes pareng\u0117me MBA modernizavimo procesus, \u017einome, k\u0105 reikia padaryti, ta\u010diau tai yra finansavimo klausimas&#8221;, &#8211; ai\u0161kino direktorius, prid\u016br\u0119s, kad MBA \u012frenginiai tokie, kokie yra dabar, ilgai veikti negal\u0117s, nes yra pasen\u0119.<\/p>\n<p>Jis taip pat primin\u0117, kad \u0160iauliuose niekada nebuvo antrini\u0173 atliek\u0173 r\u016b\u0161iavimo \u012frengini\u0173, tod\u0117l antrini\u0173 atliek\u0173 r\u016b\u0161iavimas baigiasi ties magnetais i\u0161traukiamais metalais.<\/p>\n<p>Ilgametis politikas \u017d.\u0160ilgalis komitete kalb\u0117jo nesustodamas. Komiteto pirmininkui Zakirui Med\u017eidovui teko j\u012f stabdyti ir pra\u0161yti konkre\u010di\u0173 atsakym\u0173.<\/p>\n<p>Ta\u010diau direktorius neneig\u0117 akivaizdaus fakto, kad stambiagabarit\u0117s atliekos (pavyzd\u017eiui, baldai ir j\u0173 dalys) tikrai buvo ve\u017eami \u012f s\u0105vartyn\u0105. \u012emon\u0117 pav\u0117lavo su vie\u0161aisiais pirkimais ir netur\u0117jo, kas tokias atliekas i\u0161sive\u017et\u0173 ir perdirbt\u0173.<\/p>\n<p>\u017d.\u0160ilgalis sako politin\u0119 atsakomyb\u0119 prisiim\u0105s, ta\u010diau pats prie \u012frengini\u0173 nestov\u0117jo ir ne\u017ei\u016br\u0117jo.<\/p>\n<p>\u012emon\u0117je buvo atliktas vidaus tarnybinis patikrinimas, direktorius i\u0161dalijo nuobaudas: s\u0105vartyno direktori\u0173 pa\u017eemino pareigose, gamybos vadovui skirtas \u012fsp\u0117jimas, operatorius atleistas i\u0161 darbo u\u017e \u0161iurk\u0161\u010dius darbo drausm\u0117s pa\u017eeidimus.<\/p>\n<p>Anot \u017d.\u0160ilgalio, dar grie\u017e\u010diau bus perra\u0161ytos pavaldini\u0173 pareigybin\u0117s instrukcijos, ir jis jau\u010diasi, kaip vadovas, pareigas \u012fvykd\u0119s.<\/p>\n<p>\u201eBaikit kabinti makaronus&#8221;<\/p>\n<p>Puiki \u017d.\u0160ilgalio i\u0161kalba nepadar\u0117 \u012fsp\u016bd\u017eio Kontrol\u0117s komiteto nariams.<\/p>\n<p>\u201eNesupratau direktoriaus. Ne\u012fsivaizduoju priva\u010dios \u012fmon\u0117s vadovo, kuris, esant gamybos problemoms, sakyt\u0173 \u010dia ne mano reikalas, yra pareigyb\u0117s suskirstytos. Tai prie\u0161tarauja bet kokia vadybinei logikai.<\/p>\n<p>Suprantu, kai j\u016bs nuotoliu dirbate, gal ir sunku teleportuotis i\u0161 Indonezijos ar kitur \u012f t\u0105 viet\u0105, kur vyksta procesas. Mes buvome nuva\u017eiav\u0119 ir mat\u0117me. J\u016bs kabinate makaronus.<\/p>\n<p>Atve\u017eus atliekas, jos perkratomos per MBA, 20-30 procent\u0173 i\u0161ve\u017eama deginti, visa kita va\u017eiuoja \u012f kaup\u0105. Kaupas pildosi kosminiu grei\u010diu.<\/p>\n<p>J\u016bs\u0173 jau \u010dia nebebus, kai mes i\u0161 t\u0173 pa\u010di\u0173 mokes\u010di\u0173 mok\u0117toj\u0173 pinig\u0173 tur\u0117sim statyti dar vien\u0105 s\u0105vartyn\u0105, nors pagal Europos S\u0105jungos direktyv\u0105 negalima tai daryti. J\u016bs visas problemas laidojate s\u0105vartyne&#8221;, &#8211; priekai\u0161tus vadovui \u017e\u0117r\u0117 politikas.<\/p>\n<p>Jis pa\u017eym\u0117jo, kad joks MBA \u012frenginys nei\u0161r\u016b\u0161iuos atliek\u0173, jei jos n\u0117ra r\u016b\u0161iuojamos pirmoje stadijoje. I\u0161 daugiabu\u010di\u0173 nam\u0173 konteineri\u0173 paimtos atliekos yra supresuojamos ve\u017e\u0117j\u0173 automobiliuose ir viskas va\u017eiuoja \u012f s\u0105vartyn\u0105.<\/p>\n<p>Tvarka yra tik su individualiais namais. Tarybos narys si\u016bl\u0117 \u017d.\u0160ilgaliui nueiti prie daugiabu\u010di\u0173 ir pasi\u017ei\u016br\u0117ti, kas yra konteineriuose. Ten galima rasti ir dvira\u010di\u0173, ir vaik\u0173 k\u0117du\u010di\u0173, ir ko tik nori. Visa tai ir va\u017eiuoja \u012f s\u0105vartyn\u0105.<\/p>\n<p>\u201eTo ra\u0161to esm\u0117 &#8211; joks r\u016b\u0161iavimo procesas nevyksta. Kai mes buvome nuva\u017eiav\u0119 (\u012f gamybin\u012f padalin\u012f &#8211; aut. past.), neveik\u0117 nei MBA, nei maisto ir virtuv\u0117s atliek\u0173 perdirbimo \u012frenginys. Pildosi kaupas, parodydamas, kad visos \u0161iuk\u0161l\u0117s va\u017eiuoja ner\u016b\u0161iuotos&#8221;, &#8211; piktinosi Martynas \u0160iurkus.<\/p>\n<p>J\u012f stebino, kad \u012fmon\u0117 laiku neatliko vie\u0161\u0173j\u0173 pirkim\u0173 proced\u016br\u0173, tod\u0117l dabar ve\u017ea sofas \u012f s\u0105vartyn\u0105 ir sako, kad \u010dia nieko blogo, nes turi leidim\u0105.<\/p>\n<p>Direktoriui reikia gr\u012f\u017eti<\/p>\n<p>\u017d.\u0160ilgalis parei\u0161k\u0117, kad jo atsakomyb\u0119 \u012fvertins dalininkai.<\/p>\n<p>Miesto Savivaldyb\u0117s administracijos direktorius A.Bartulis komitet\u0105 informavo, kad dalinink\u0173 susirinkimo metu buvo per\u017ei\u016br\u0117tos \u017d.\u0160ilgalio i\u0161skirtin\u0117s darbo s\u0105lygos, leid\u017eiant pus\u0119 darbo laiko dirbti nuotoliu.<\/p>\n<p>Nors miesto savivaldyb\u0117 si\u016bl\u0117 i\u0161 viso panaikinti toki\u0105 i\u0161lyg\u0105, nes direktorius turi \u201egr\u012f\u017eti \u012f \u012fmon\u0119&#8221;, buvo nuspr\u0119sta nuotolinio darbo galimyb\u0119 direktoriui suma\u017einti iki 20 proc.<\/p>\n<p>Ta\u010diau ir suma\u017einus nuotolinio darbo dal\u012f, \u012fvertinus, kad dar priklauso m\u0117nuo atostog\u0173, \u0160RATC direktoriaus \u012fmon\u0117je gali neb\u016bti daugiau nei 3 m\u0117nesius.<\/p>\n","protected":false},"excerpt":{"rendered":"\u00a0 Toks ra\u0161tas pasiek\u0117 visas \u0160iauli\u0173 apskrities savivaldybes &#8211; \u0160RATC dalininkes. Tyrimo metu nustatytais pa\u017eeidimais susidom\u0117jo Speciali\u0173j\u0173 tyrim\u0173&hellip;\n","protected":false},"author":2,"featured_media":226028,"comment_status":"","ping_status":"","sticky":false,"template":"","format":"standard","meta":{"footnotes":"","_share_on_mastodon":"0"},"categories":[6],"tags":[2450,25,4781,25571,30,31,34,35,24,3556,32,33,37,39,36,38,40,23,22,28,29,8554,8021,33884,17520,33885,997,26,27,32636],"class_list":["post-226027","post","type-post","status-publish","format-standard","has-post-thumbnail","category-antrastes","tag-siauliai","tag-antrastes","tag-atliekos","tag-bartulis","tag-breaking-news","tag-breakingnews","tag-featured-news","tag-featurednews","tag-headlines","tag-indonezija","tag-latest-news","tag-latestnews","tag-lietuva","tag-lietuviu","tag-lithuania","tag-lithuanian","tag-lt","tag-naujienos","tag-news","tag-populiariausios-naujienos","tag-populiariausiosnaujienos","tag-rusiavimas","tag-savartynas","tag-silgalis","tag-siurkus","tag-sratc","tag-stt","tag-top-stories","tag-topstories","tag-tvarkymas"],"share_on_mastodon":{"url":"https:\/\/pubeurope.com\/@lt\/116901241367916830","error":""},"_links":{"self":[{"href":"https:\/\/www.europesays.com\/lt\/wp-json\/wp\/v2\/posts\/226027","targetHints":{"allow":["GET"]}}],"collection":[{"href":"https:\/\/www.europesays.com\/lt\/wp-json\/wp\/v2\/posts"}],"about":[{"href":"https:\/\/www.europesays.com\/lt\/wp-json\/wp\/v2\/types\/post"}],"author":[{"embeddable":true,"href":"https:\/\/www.europesays.com\/lt\/wp-json\/wp\/v2\/users\/2"}],"replies":[{"embeddable":true,"href":"https:\/\/www.europesays.com\/lt\/wp-json\/wp\/v2\/comments?post=226027"}],"version-history":[{"count":0,"href":"https:\/\/www.europesays.com\/lt\/wp-json\/wp\/v2\/posts\/226027\/revisions"}],"wp:featuredmedia":[{"embeddable":true,"href":"https:\/\/www.europesays.com\/lt\/wp-json\/wp\/v2\/media\/226028"}],"wp:attachment":[{"href":"https:\/\/www.europesays.com\/lt\/wp-json\/wp\/v2\/media?parent=226027"}],"wp:term":[{"taxonomy":"category","embeddable":true,"href":"https:\/\/www.europesays.com\/lt\/wp-json\/wp\/v2\/categories?post=226027"},{"taxonomy":"post_tag","embeddable":true,"href":"https:\/\/www.europesays.com\/lt\/wp-json\/wp\/v2\/tags?post=226027"}],"curies":[{"name":"wp","href":"https:\/\/api.w.org\/{rel}","templated":true}]}}