{"id":226045,"date":"2026-07-11T12:35:25","date_gmt":"2026-07-11T12:35:25","guid":{"rendered":"https:\/\/www.europesays.com\/lt\/226045\/"},"modified":"2026-07-11T12:35:25","modified_gmt":"2026-07-11T12:35:25","slug":"paskelbus-apie-jankeviciaus-prisijungima-prie-kitos-televizijos-dviprasmiskos-nuomones","status":"publish","type":"post","link":"https:\/\/www.europesays.com\/lt\/226045\/","title":{"rendered":"Paskelbus apie Jankevi\u010diaus prisijungim\u0105 prie kitos televizijos \u2013 dviprasmi\u0161kos nuomon\u0117s"},"content":{"rendered":"<p class=\"MsoNormal\">Pastaruoju metu televizijoje retai matytas Justinas \u0161\u012f ruden\u012f \u017ei\u016brovams pateiks staigmen\u0105 \u2013 pirm\u0105 kart\u0105 prisijungs prie LNK televizijos komandos ir taps kultinio JAV \u017eaidimo \u201eSlapta\u017eodis\u201c, sulaukusio mil\u017eini\u0161ko populiarumo, ved\u0117ju.<\/p>\n<p>Pasipyl\u0117 nuomon\u0117s<\/p>\n<p class=\"MsoNormal\">Vos pasirod\u017eius \u0161iai \u017einiai komentar\u0173 skiltyje \u0117m\u0117 lietis \u012fvairios nuomon\u0117s. Vieni d\u017eiaugiasi iki \u0161iol TV3 dirbusio J. Jankevi\u010diaus prisijungimu prie kitos televizijos, kiti dalijosi dviprasmi\u0161komis mintimis. <\/p>\n<p class=\"MsoNormal\">\u201eIe\u0161kot\u0173 nauj\u0173 talent\u0173&#8230; Atrodo, ratu sukasi vis tie patys \u017emon\u0117s, tie patys aktoriai, tas pats tik kitam kanale\u201c, \u2013 ra\u0161\u0117 viena komentatori\u0173. <\/p>\n<p class=\"MsoNormal\">\u201eNebus noro \u017ei\u016br\u0117ti, labai nepatinka jis\u201c, \u2013 r\u0117\u017e\u0117 kitas. <\/p>\n<p class=\"MsoNormal\">\u201eTaip protingi, kad nesugalvoja savo laid\u0173, pam\u0117gd\u017eioja Amerik\u0105\u201c, \u2013 susir\u016bpinim\u0105 i\u0161liejo kita.<\/p>\n<p class=\"MsoNormal\">\u201eO kod\u0117l ne&#8230;. Medinis amerikinis humoas su mediniu, atseit, humoristu&#8230; Klumpakojam patemps&#8230;\u201c \u2013 pasisak\u0117 dar kitas. <\/p>\n<p class=\"MsoNormal\">\u201eLemena, lemena, kol surezgi sakin\u012f. N\u0117ra ger\u0173 ved\u0117j\u0173?\u201c \u2013 sunerimo kitas. <\/p>\n<p class=\"MsoNormal\">Vis d\u0117lto yra ir nemenka dalis pasiilgusi\u0173 \u0161io ved\u0117jo ekrane. <\/p>\n<p class=\"MsoNormal\">\u201eLaukiame ir sveikiname\u201c, \u2013 pasid\u017eiaug\u0117 vienas komentatori\u0173. <\/p>\n<p class=\"MsoNormal\">\u201eKostiumas tai kaip nulietas. Ir spalva gra\u017ei\u201c, \u2013 Justino \u012fvaizd\u017eiu \u017eav\u0117josi kita. <\/p>\n<p class=\"MsoNormal\">Na, o kiti tiesiog link\u0117jo s\u0117km\u0117s. <\/p>\n<p>D\u017eiaugiasi atsikv\u0117p\u0119s<\/p>\n<p class=\"MsoNormal\">Kalb\u0117damas apie sugr\u012f\u017eim\u0105 \u012f eter\u012f J. Jankevi\u010dius patikino \u2013 poilsis buvo \u012f naud\u0105.<\/p>\n<p class=\"MsoNormal\">\u201eManau, kad kartais pris\u0117sti ir pails\u0117ti n\u0117ra blogas dalykas. Man, kai kalbu apie televizij\u0105, labiau patinka vartoti \u017eod\u012f \u201ei\u0161alk\u0119s\u201c. \u017dinia apie \u201eSlapta\u017eod\u012f\u201c smarkiai ir nedelsiant suk\u0117l\u0117 apetit\u0105. Sulaukti Sauliaus Urbonavi\u010diaus-Samo skambu\u010dio visada rei\u0161kia, kad diena pasisek\u0117, bet kai jis pasak\u0117, kad kalba eina apie \u201ePassword\u201c (liet. \u201eSlapta\u017eodis\u201c) at\u0117jim\u0105 \u012f Lietuv\u0105 ir kad jis mane matyt\u0173 jo ved\u0117ju \u2013 wow! \u010cia laida, kuri\u0105 vis pa\u017ei\u016briu jau kokius de\u0161imt met\u0173. Ne\u012ftik\u0117tinas sutapimas!\u201c \u2013 d\u017eiaugiasi jis.<\/p>\n<p class=\"MsoNormal\">Gav\u0119s pasi\u016blym\u0105 <a rel=\"noopener nofollow\" target=\"_blank\" href=\"https:\/\/www.delfi.lt\/temos\/justinas-jankevicius\" tag-id=\"53988485\">Justinas<\/a> tar\u0117si su \u017emona, ra\u0161oma spaudos prane\u0161ime. \u201eStengiuosi staigi\u0173 sprendim\u0173 gyvenime nepriimin\u0117ti, bet \u0161\u012fkart, kai tariausi su Greta apie \u0161i\u0105 galimyb\u0119, ka\u017ekaip \u017einojau, kad viskas \u010dia kaip ir ai\u0161ku abiem bus. Tai a\u010di\u016b Gretai\u201c, \u2013 did\u017eiausi\u0105 pad\u0117k\u0105 \u017emonai u\u017e supratim\u0105 ir bendr\u0105 vizij\u0105 skiria aktorius bei humoristas Justinas Jankevi\u010dius.<\/p>\n<p class=\"MsoNormal\">Nors iki pirm\u0173j\u0173 filmavim\u0173 dar liko \u0161iek tiek laiko, Justinas neslepia, kad jaudulys niekur nedingo. Tiesa, \u0161iandien jis jau visai kitoks nei karjeros prad\u017eioje: \u201eStingdan\u010dio efekto jis jau nebeturi, nes visada \u017einai, kad du sakiniai \u2013 ir jo neb\u0117ra. Tai gal dabar jis jau net visai malonus tapo.\u201c<\/p>\n<p>    <img decoding=\"async\" src=\"https:\/\/www.europesays.com\/lt\/wp-content\/uploads\/2026\/07\/3e97cb6c-9bb2-476b-88fd-2b55fd631957.jpg\" loading=\"lazy\" alt=\"Justinas Jankevi\u010dius\"\/>      <\/p>\n<p class=\"MsoNormal\">Paklaustas, ar pats yra azarti\u0161ka asmenyb\u0117, Justinas, kaip visuomet, neie\u0161ko \u017eod\u017eio ki\u0161en\u0117je ir i\u0161lieka \u0161maik\u0161tus: \u201ePasinaudosiu Lietuvos Respublikos Konstitucijoje \u012ftvirtinta teise neduoti parodym\u0173 pa\u010diam prie\u0161 save.\u201c<\/p>\n<p class=\"MsoNormal\">Vos pasirod\u017eius pirmosioms \u017einioms apie kultinio \u017eaidimo at\u0117jim\u0105 \u012f Lietuv\u0105, daugelis klaus\u0117 \u2013 kas taps lietuvi\u0161kuoju Jimmy Fallonu? Pats Justinas sako neretai sulaukiantis palyginim\u0173 su garsiais aktoriais ar laid\u0173 ved\u0117jais: \u201eSu Jimmy Fallonu lyginamas esu re\u010diau. Bet jeigu kas nors nor\u0117tum\u0117te prad\u0117ti tok\u012f trend\u0105 \u2013 tinka! \u012esp\u016bdingas ved\u0117jas! Bet ten pats projektas yra \u012fsp\u016bdingas! Ka\u017ekada Fallono vietoje s\u0117d\u0117jo Betty White, ved\u0117ju yra buv\u0119s Regis Philbinas. Tai vienas populiariausi\u0173 vis\u0173 laik\u0173 projekt\u0173 Amerikoje!\u201c<\/p>\n<p class=\"MsoNormal\">Pagal original\u0173 amerikieti\u0161k\u0105 format\u0105 Justinas Jankevi\u010dius taps \u017eaidimo ved\u0117ju, o Jimmy Fallono viet\u0105 u\u017eims kita Lietuvoje puikiai \u017einoma asmenyb\u0117. Kas ji \u2013 kol kas neatskleid\u017eiama. O naujasis laidos ved\u0117jas tik u\u017esimena, kad yra pa\u017e\u012fstami: \u201eSu juo susipa\u017einome filmavimo aik\u0161tel\u0117je. Ten man buvo pirmas filmas. Mes net sporto klube tuo pa\u010diu metu sportuodavome \u2013 tai r\u016bbin\u0117, ten visk\u0105. Manau, kad jau galime vadintis pa\u017e\u012fstamais. Jis yra fantasti\u0161kas!\u201c<\/p>\n<p class=\"MsoNormal\">Kol pirmieji filmavimai dar neprasid\u0117jo, o \u201eSlapta\u017eodis\u201c tik ruo\u0161iasi u\u017ekariauti Lietuvos televizijos \u017ei\u016brovus, Justinas jiems siun\u010dia trump\u0105 palink\u0117jim\u0105: \u201eGerbiamieji LNK \u017ei\u016brovai, labai a\u010di\u016b, kad \u012fsileisite pas save \u012f sve\u010dius \u201eSlapta\u017eod\u012f\u201c. Pasveikinkime vieni kitus \u2013 mums visiems labai pasisek\u0117! O svarbiausia, kad \u010dia \u017eaid\u0117jai visada gal\u0117s laim\u0117ti pinig\u0173!\u201c<\/p>\n<p class=\"MsoNormal\">Kultinis TV \u017eaidimas \u201eSlapta\u017eodis\u201c \u2013 jau nuo rudens naujame LNK sezone.<\/p>\n","protected":false},"excerpt":{"rendered":"Pastaruoju metu televizijoje retai matytas Justinas \u0161\u012f ruden\u012f \u017ei\u016brovams pateiks staigmen\u0105 \u2013 pirm\u0105 kart\u0105 prisijungs prie LNK televizijos&hellip;\n","protected":false},"author":2,"featured_media":226046,"comment_status":"","ping_status":"","sticky":false,"template":"","format":"standard","meta":{"footnotes":"","_share_on_mastodon":"0"},"categories":[6],"tags":[25,30,31,34,35,24,3435,32,33,37,39,36,38,2574,40,23,22,28,29,26,27],"class_list":["post-226045","post","type-post","status-publish","format-standard","has-post-thumbnail","category-antrastes","tag-antrastes","tag-breaking-news","tag-breakingnews","tag-featured-news","tag-featurednews","tag-headlines","tag-justinas-jankevicius","tag-latest-news","tag-latestnews","tag-lietuva","tag-lietuviu","tag-lithuania","tag-lithuanian","tag-lnk","tag-lt","tag-naujienos","tag-news","tag-populiariausios-naujienos","tag-populiariausiosnaujienos","tag-top-stories","tag-topstories"],"share_on_mastodon":{"url":"https:\/\/pubeurope.com\/@lt\/116901375839378978","error":""},"_links":{"self":[{"href":"https:\/\/www.europesays.com\/lt\/wp-json\/wp\/v2\/posts\/226045","targetHints":{"allow":["GET"]}}],"collection":[{"href":"https:\/\/www.europesays.com\/lt\/wp-json\/wp\/v2\/posts"}],"about":[{"href":"https:\/\/www.europesays.com\/lt\/wp-json\/wp\/v2\/types\/post"}],"author":[{"embeddable":true,"href":"https:\/\/www.europesays.com\/lt\/wp-json\/wp\/v2\/users\/2"}],"replies":[{"embeddable":true,"href":"https:\/\/www.europesays.com\/lt\/wp-json\/wp\/v2\/comments?post=226045"}],"version-history":[{"count":0,"href":"https:\/\/www.europesays.com\/lt\/wp-json\/wp\/v2\/posts\/226045\/revisions"}],"wp:featuredmedia":[{"embeddable":true,"href":"https:\/\/www.europesays.com\/lt\/wp-json\/wp\/v2\/media\/226046"}],"wp:attachment":[{"href":"https:\/\/www.europesays.com\/lt\/wp-json\/wp\/v2\/media?parent=226045"}],"wp:term":[{"taxonomy":"category","embeddable":true,"href":"https:\/\/www.europesays.com\/lt\/wp-json\/wp\/v2\/categories?post=226045"},{"taxonomy":"post_tag","embeddable":true,"href":"https:\/\/www.europesays.com\/lt\/wp-json\/wp\/v2\/tags?post=226045"}],"curies":[{"name":"wp","href":"https:\/\/api.w.org\/{rel}","templated":true}]}}