{"id":226135,"date":"2026-07-11T14:36:21","date_gmt":"2026-07-11T14:36:21","guid":{"rendered":"https:\/\/www.europesays.com\/lt\/226135\/"},"modified":"2026-07-11T14:36:21","modified_gmt":"2026-07-11T14:36:21","slug":"nutupdyti-du-kontrabandininku-dronai-su-cigaretemis","status":"publish","type":"post","link":"https:\/\/www.europesays.com\/lt\/226135\/","title":{"rendered":"Nutupdyti du kontrabandinink\u0173 dronai su cigaret\u0117mis"},"content":{"rendered":"<p>Ketvirtadienio nakt\u012f VSAT Vilniaus rinktin\u0117s Padvarioni\u0173 pasienio u\u017ekardos pareig\u016bnai per vaizdo steb\u0117jimo sistem\u0105 \u0160al\u010dinink\u0173 rajone u\u017efiksavo keli\u0173 dron\u0173 i\u0161 Baltarusijos skryd\u017eius. \u012e tik\u0117tin\u0105 pa\u017eeidimo rajon\u0105 buvo i\u0161si\u0173sti pasienio pareig\u016bnai, jie panaudojo tarnybin\u0119 antidronin\u0119 \u012frang\u0105.<\/p>\n<p>    <img decoding=\"async\" src=\"https:\/\/www.europesays.com\/lt\/wp-content\/uploads\/2026\/07\/07c8d58b-91ef-4bc7-877c-736da1b18a75.jpg\" loading=\"lazy\" alt=\"\u0160al\u010dinink\u0173 r. nutupdyti kontrabandinink\u0173 dronai\"\/>      <\/p>\n<p>Blokavus pa\u017eeidimo rajon\u0105, prad\u0117ta nukritusi\u0173 skraidykli\u0173 paie\u0161ka, \u012f or\u0105 pakeltas tarnybinis dronas, pasitelkti kinologai su tarnybiniais \u0161unimis, kurie u\u017ekardos veikimo teritorijoje dalyvavo mokymuose. Apie \u012fvyk\u012f pasienie\u010diai informavo savo kolegas i\u0161 gretimos Gintaro \u017dagunio pasienio u\u017ekardos (VSAT Var\u0117nos pasienio rinktin\u0117). Po keli\u0173 valand\u0173 buvo nutarta paie\u0161k\u0105 atnaujinti, kai pra\u0161vis.<\/p>\n<p>    <img decoding=\"async\" src=\"https:\/\/www.europesays.com\/lt\/wp-content\/uploads\/2026\/07\/d8ed7752-f621-475f-ac29-0e5269f475e4.jpg\" loading=\"lazy\" alt=\"\u0160al\u010dinink\u0173 r. nutupdyti kontrabandinink\u0173 dronai\"\/>      <\/p>\n<p>T\u0119sdami paie\u0161k\u0105, pasienie\u010diai i\u0161\u017evalg\u0117 \u017dalt\u016bn\u0173 ir Jodvyd\u017ei\u0173 kaim\u0173 (\u0160al\u010dinink\u0173 r.) apylinkes ir aptiko tik\u0117tino pa\u017eeidimo p\u0117dsak\u0173. Pirm\u0105j\u0105 skraidykl\u0119 su prie jos pritvirtintu sta\u010diakampio formos ry\u0161uliu mobilusis patrulis rado mi\u0161ke tarp \u017dalt\u016bn\u0173 ir Girdijausk\u0173 kaim\u0173. Ap\u017ei\u016br\u0117dami vietov\u0119, netoli pirmosios radimviet\u0117s VSAT pareig\u016bnai aptiko dar vien\u0105 dron\u0105 su kroviniu.<\/p>\n<p>       <img decoding=\"async\" src=\"https:\/\/www.europesays.com\/lt\/wp-content\/uploads\/2026\/07\/a4c5ed23-902f-4ce3-82ca-56ad3f9fbf64.jpg\" loading=\"lazy\" alt=\"\u0160al\u010dinink\u0173 r. nutupdyti kontrabandinink\u0173 dronai\"\/>      <\/p>\n<p>Ry\u0161uliuose, pritvirtintuose prie dviej\u0173 skraidykli\u0173, buvo po dvi kartonines d\u0117\u017ees su Gardino (Baltarusija) tabako fabriko \u201eNeman\u201c logotipais, o jose \u2013 po 500 pakeli\u0173 cigare\u010di\u0173 \u201eQueen Menthol\u201c. Bendra vis\u0173 2 000 pakeli\u0173 r\u016bkal\u0173 su baltarusi\u0161komis banderol\u0117mis vert\u0117, \u012fskai\u010diavus Lietuvoje privalomus sumok\u0117ti mokes\u010dius. \u2013 10 920 eur\u0173.<\/p>\n<p>    <img decoding=\"async\" src=\"https:\/\/www.europesays.com\/lt\/wp-content\/uploads\/2026\/07\/dbfebe52-af47-4a82-ba3f-a38a3b5b2766.jpg\" loading=\"lazy\" alt=\"\u0160al\u010dinink\u0173 r. nutupdyti kontrabandinink\u0173 dronai\"\/>      <\/p>\n<p>D\u0117l neteis\u0117to disponavimo akcizais apmokestinamomis prek\u0117mis VSAT Vilniaus pasienio rinktin\u0117je prad\u0117tas ikiteisminis tyrimas, kuriam vadovauja Vilniaus apygardos prokurat\u016bros 2-ojo baud\u017eiamojo persekiojimo skyriaus prokuroras. U\u017e toki\u0105 nusikalstam\u0105 veik\u0105 \u012fstatyme numatyta bauda arba laisv\u0117s at\u0117mimas iki ketveri\u0173 met\u0173. Perimti kontrabandinink\u0173 dronai ir nelegalios cigaret\u0117s laikinai saugomi Padvarioni\u0173 pasienio u\u017ekardoje.<\/p>\n<p>Per daugiau kaip \u0161e\u0161is 2026-\u0173j\u0173 m\u0117nesius pasienie\u010diai nutupd\u0117 jau 33 kontrabandinink\u0173 skraidykles.<\/p>\n","protected":false},"excerpt":{"rendered":"Ketvirtadienio nakt\u012f VSAT Vilniaus rinktin\u0117s Padvarioni\u0173 pasienio u\u017ekardos pareig\u016bnai per vaizdo steb\u0117jimo sistem\u0105 \u0160al\u010dinink\u0173 rajone u\u017efiksavo keli\u0173 dron\u0173&hellip;\n","protected":false},"author":2,"featured_media":226136,"comment_status":"","ping_status":"","sticky":false,"template":"","format":"standard","meta":{"footnotes":"","_share_on_mastodon":"0"},"categories":[13],"tags":[25,30,31,4880,92,34,35,24,32,33,37,39,36,38,40,23,22,28,29,26,27],"class_list":["post-226135","post","type-post","status-publish","format-standard","has-post-thumbnail","category-lietuva","tag-antrastes","tag-breaking-news","tag-breakingnews","tag-cigareciu-kontrabanda","tag-dronas","tag-featured-news","tag-featurednews","tag-headlines","tag-latest-news","tag-latestnews","tag-lietuva","tag-lietuviu","tag-lithuania","tag-lithuanian","tag-lt","tag-naujienos","tag-news","tag-populiariausios-naujienos","tag-populiariausiosnaujienos","tag-top-stories","tag-topstories"],"share_on_mastodon":{"url":"https:\/\/pubeurope.com\/@lt\/116901851369886177","error":""},"_links":{"self":[{"href":"https:\/\/www.europesays.com\/lt\/wp-json\/wp\/v2\/posts\/226135","targetHints":{"allow":["GET"]}}],"collection":[{"href":"https:\/\/www.europesays.com\/lt\/wp-json\/wp\/v2\/posts"}],"about":[{"href":"https:\/\/www.europesays.com\/lt\/wp-json\/wp\/v2\/types\/post"}],"author":[{"embeddable":true,"href":"https:\/\/www.europesays.com\/lt\/wp-json\/wp\/v2\/users\/2"}],"replies":[{"embeddable":true,"href":"https:\/\/www.europesays.com\/lt\/wp-json\/wp\/v2\/comments?post=226135"}],"version-history":[{"count":0,"href":"https:\/\/www.europesays.com\/lt\/wp-json\/wp\/v2\/posts\/226135\/revisions"}],"wp:featuredmedia":[{"embeddable":true,"href":"https:\/\/www.europesays.com\/lt\/wp-json\/wp\/v2\/media\/226136"}],"wp:attachment":[{"href":"https:\/\/www.europesays.com\/lt\/wp-json\/wp\/v2\/media?parent=226135"}],"wp:term":[{"taxonomy":"category","embeddable":true,"href":"https:\/\/www.europesays.com\/lt\/wp-json\/wp\/v2\/categories?post=226135"},{"taxonomy":"post_tag","embeddable":true,"href":"https:\/\/www.europesays.com\/lt\/wp-json\/wp\/v2\/tags?post=226135"}],"curies":[{"name":"wp","href":"https:\/\/api.w.org\/{rel}","templated":true}]}}