{"id":226409,"date":"2026-07-11T21:52:15","date_gmt":"2026-07-11T21:52:15","guid":{"rendered":"https:\/\/www.europesays.com\/lt\/226409\/"},"modified":"2026-07-11T21:52:15","modified_gmt":"2026-07-11T21:52:15","slug":"lietuve-kelione-turkijos-autobusu-prisimins-visa-gyvenima","status":"publish","type":"post","link":"https:\/\/www.europesays.com\/lt\/226409\/","title":{"rendered":"Lietuv\u0117 kelion\u0119 Turkijos autobusu prisimins vis\u0105 gyvenim\u0105"},"content":{"rendered":"<p>Mano baze tapo TUI ofisas <a rel=\"noopener nofollow\" target=\"_blank\" href=\"https:\/\/www.delfi.lt\/temos\/alanija\" tag-id=\"56839703\">Alanijoje<\/a>, kur komanda operuoja i\u0161tis\u0105 par\u0105, o patalpas maloniai gaivina kondicionieriai. Mano prieigoje \u2013 beproti\u0161kai skani turki\u0161ka arbata (d\u0117l kavos turiu nusiskundim\u0173, bet juos paliksiu <a rel=\"noopener follow nofollow\" target=\"_blank\" href=\"https:\/\/www.delfi.lt\/maistas\/\" data-rel-date-range=\"[]\">Maisto rubrikai<\/a>), o biur\u0105 saugo bevard\u0117, bet daugelio mylima laukin\u0117 kat\u0117. <\/p>\n<p>Pirmos dvi savait\u0117s buvo absoliu\u010diai beproti\u0161kos \u2013 apmokymai, teorija, praktika, tampymasis po pus\u0119 regiono vie\u0161bu\u010di\u0173, norint su jais susipa\u017einti, bei ekskursijos. Penkiolikos, septyniolikos valand\u0173 darbo dienos, o gr\u012f\u017eus krenti \u012f lov\u0105 nekvestionuodamas joki\u0173 gyvenimo pasirinkim\u0173. Kit\u0105 ryt\u0105 prabundi nuo \u0161aukimo \u012f mald\u0105 pus\u0119 penki\u0173 ryto ir bandai susigaudyti \u2013 palaukite, kur a\u0161 ir kod\u0117l? <\/p>\n<p>Palikau savo mylim\u0105 miest\u0105 Stokholm\u0105 \u2013 susipakavau daiktus ir i\u0161va\u017eiavau dirbti \u012f Alanij\u0105 turizmo kompanijai TUI. \u010cia registruoju savo nuotykius ir informacij\u0105 apie \u0161al\u012f bei miest\u0105. <\/p>\n<p>Pirm\u0105 dal\u012f apie gyvenim\u0105 Turkijoje skaitykite \u010dia:<\/p>\n<p>Kiekviena mano diena prasideda taip pat: vos i\u0161\u0117jus \u012f gatv\u0119 \u2013 \u0161okas. Kar\u0161tas, dr\u0117gme prisotintas, kone pulsuojantis oras, regis, vo\u017eiantis tiesiai \u012f pa\u0161ird\u017eius \u2013 i\u0161kart imi desperati\u0161kai dairytis \u0161e\u0161\u0117lio. Apa\u010dioje pasitinka du laukiniai katinai, kuriems vietiniai suteik\u0119 prieglobst\u012f; katinus visada pakalbinu ir jie man atkniaukia apie savo katini\u0161kus reikalus. <\/p>\n<p>Linkteliu galva budin\u010diam pastato pri\u017ei\u016br\u0117tojui \u2013 gyvenu <a rel=\"noopener nofollow\" target=\"_blank\" href=\"https:\/\/www.delfi.lt\/temos\/turkija\" tag-id=\"21801964\">Turkijos<\/a> standartais brangiuose apartamentuose, turin\u010diuose 24 valand\u0173 aptarnavim\u0105 ir apsaug\u0105. M\u016bs\u0173 pastate gyvena tik kompanijos darbuotojai, kiekvien\u0105 ryt\u0105 ir vakar\u0105 prasilenkiame vienas su kitu, palinkime geros dienos (po darbo pokalbiais u\u017esiima vos vienas kitas, norisi grei\u010diau nerti \u012f du\u0161\u0105 ir kondicionuojam\u0105 erdv\u0119). Prie\u0161ais esantys restoran\u0173 savininkai tingiai geria rytin\u0119 arbat\u0105, daugelis jau prad\u0117j\u0119 uoliai \u0161veisti patalp\u0173 vid\u0173 ir \u0161aligatvius. <\/p>\n<p>       <img decoding=\"async\" src=\"https:\/\/www.europesays.com\/lt\/wp-content\/uploads\/2026\/07\/ad92c561-9d6c-4222-af71-6de863198944.jpg\" loading=\"lazy\" alt=\"Vlada Dapkos Turkijoje\"\/>      <\/p>\n<p>Gatv\u0117je \u0161urmuliuoja nesustojantis eismas. Nupilta pirmos prakaito bangos sulaukiu asistento, kuris nuve\u017ea \u012f ofis\u0105. Prie dur\u0173 mus pasitinka dar viena laukin\u0117 kat\u0117, virtuv\u0117je pildamasi arbat\u0105 angl\u0173-turk\u0173 kalb\u0173 mi\u0161iniu persimetu keliais \u017eod\u017eiais su valytoja, kuri neretai \u012f darb\u0105 atsiveda dukr\u0105. Ji telefone \u017ei\u016bri film\u0105 vaikams, tuo pa\u010diu kapodama pusry\u010dius \u2013 simit u\u017esigeria arbata. <\/p>\n<p>\u012esijungiu plan\u0161et\u0119 ir kompiuter\u012f bei patikrinu, kas \u012fvyko vakare ir nakt\u012f. Aptiktas spr\u0119stinas problemas deleguoju m\u016bs\u0173 komandos vie\u0161bu\u010dio atstovams, bet jei jie d\u0117l ka\u017ekoki\u0173 prie\u017eas\u010di\u0173 problemos vietoje negali i\u0161spr\u0119sti patys, va\u017eiuoju tvarkyti a\u0161. Man taip pat priklauso visi lig\u0173 ir nelaiming\u0173 atsitikim\u0173 atviejai \u2013 jei m\u016bs\u0173 sve\u010dias paguldomas \u012f ligonin\u0119, va\u017eiuoju kalb\u0117tis su juo, jo artimaisiais ir gydytojais, spr\u0119sti administracini\u0173 reikal\u0173. Kurorte i\u0161 pirmo \u017evilgsnio lig\u0173 tarsi nepasitaiko, bet mes registruojame bent kelis atvejus per savait\u0119. Kolegos \u012fsp\u0117jo, kad gali atsitikti mirties atvej\u0173; stengiuosi apie tai negalvoti. <\/p>\n<p>Vakar tiesiogine \u0161io \u017eod\u017eio prasme va\u017eiavau gesinti gaisr\u0173 \u2013 vienas i\u0161 m\u016bs\u0173 vie\u0161bu\u010di\u0173 nakt\u012f u\u017esideg\u0117, tod\u0117l  reik\u0117jo nuraminti sve\u010dius, perkelti juos \u012f kit\u0105 vie\u0161but\u012f, pasi\u016blyti kompensacijas.<\/p>\n<p>    <img decoding=\"async\" src=\"https:\/\/www.europesays.com\/lt\/wp-content\/uploads\/2026\/07\/31870c5f-6988-43bc-badc-a2586cc5d573.jpg\" loading=\"lazy\" alt=\"Vlada Dapkos Turkijoje\"\/>      <\/p>\n<p>M\u016bs\u0173 Alanijos komand\u0105 sudaro apie trisde\u0161imties \u017emoni\u0173 b\u016brys, mano kolegos \u2013 itin egzoti\u0161kas klanas. Danai, britai, lenkai, vokie\u010diai, turkai, suomiai, oland\u0117, vengr\u0117, biuro asistentas \u2013 indas, o mano vadovas \u2013 egiptietis su man bun&#8217;u, kalbantis lau\u017eyta angl\u0173 kalba. <\/p>\n<p>Dirbu \u0161e\u0161ias dienas per savait\u0119, savaitgaliai yra m\u016bs\u0173 u\u017eimtumo pikas, turiu vienintel\u0119 laisv\u0105 dien\u0105. Anks\u010diau matydama uniformuotus \u017emones steb\u0117davausi, kaip galima tokiame kar\u0161tyje dirbti, kaip nesinori tiesiog drybsoti plia\u017ee su ledais? Mes esame patek\u0119 \u012f kit\u0105 egzistavimo dimensij\u0105 ir persiregistrav\u0119 \u012f darbin\u012f re\u017eim\u0105. Turistai: j\u016bra, saul\u0117, sm\u0117lis (arba kojas duriantys akmenys), g\u0117rimai, maistas, bikiniai, tinginyst\u0117. Mes \u2013 darbin\u0117s plan\u0161et\u0117s ir programos, telefonai, turist\u0173 ir vie\u0161bu\u010di\u0173 s\u0105ra\u0161ai, aktyvus problem\u0173 sprendimas. Visa tai vyksta did\u017eiuliame, neretai \u0161iaur\u0117s europie\u010diams sunkiai pakeliamame kar\u0161tyje. Jutimin\u0117 temperat\u016bra \u0161iomis dienomis \u2013 40 laipsni\u0173.<\/p>\n<p>Kai nelakstau po vie\u0161bu\u010dius ar ligonines, galiu ramiai pasiimti pertrauk\u0105. Bimbin\u0117ju po biuro rajon\u0105, nusiperku simit (riestainio formos bandel\u0117 su sezamo s\u0117klomis, klasikinis turki\u0161k\u0173 pusry\u010di\u0173 maistas) ir kur nors stov\u0117dama pav\u0117sy ramiai suvalgau, tuo pa\u010diu metu fone klausydama kvietimo maldai, kol \u012f mane pradeda trintis eilinis katinas.<\/p>\n<p>D\u0117l didelio kr\u016bvio jau\u010diuosi kaip bootcamp&#8217;e arba kariuomen\u0117je; dabar, nusistov\u0117jus grafikui, manau, kad dirbu apie 60 valand\u0173 per savait\u0119.<\/p>\n<p>    <img decoding=\"async\" src=\"https:\/\/www.europesays.com\/lt\/wp-content\/uploads\/2026\/07\/8bd06a2d-1d68-415d-ac1d-20e084832a2e.jpg\" loading=\"lazy\" alt=\"Vlada Dapkos Turkijoje\"\/>      <\/p>\n<p>\u0116miau suprasti, kod\u0117l dalis koleg\u0173 po savo pamainos puola persirengin\u0117ti dar b\u016bdami ofise arba jau ma\u0161inose. Pamat\u0119 uniformas kaip mat prispinta vokie\u010di\u0173 ar oland\u0173 b\u016briai ir pradeda klausin\u0117ti apie perve\u017eimo \u012f oro uost\u0105 laik\u0105. Bandai b\u016bti mandagus sakydamas, kad apie tai informuos kolegos, dirbantys j\u016bs\u0173 vie\u0161butyje. O kartais tiesiog atsidarau duomen\u0173 baz\u0119 ir suteikiu jiems informacij\u0105. Jau i\u0161mokau \u012fsivertinti anonimi\u0161kumo poveik\u012f \u2013 pilnai nuo darbo gali atsijungti tik tada, kai tave aplinka laiko eiline nuobod\u017eiaujan\u010dia, i\u0161 konteksto nei\u0161krentan\u010dia turiste.<\/p>\n<p>Patirtis vie\u0161ajame transporte<\/p>\n<p>Visam gyvenimui \u012fsimin\u0117 kelion\u0117 autobusu iki artimiausio prekybcentrio \u2013 \u012flipusi \u012f autobus\u0105 susimok\u0117jau (galima atsiskaityti tiek kortele, tiek grynaisiais, kelion\u0117s kaina yra 51 lira) ir kaipmat buvau apr\u0117kta vairuotojo. Jis mane paragino eiti gilyn ir atsis\u0117sti. S\u0117stis nebuvo kur, autobusas jau buvo sausakim\u0161as. Reikalai \u012fgavo pagreit\u012f kitoje stotel\u0117je, kai \u012f autobus\u0105 panoro sulipti visi nedidelio kaimo gyventojai. Tar\u0161k\u0117damas ir bar\u0161k\u0117damas autobusas pama\u017eu st\u016bm\u0117si per sankry\u017eas ir duobes, vairuotojui sur\u0117kiant stotel\u0117s pavadinim\u0105, uoliai subarant tiek naujai \u012flipusius, tiek i\u0161lipan\u010diuosius, duris atidarant gerokai prie\u0161 sustojant ir jas u\u017edarant nuva\u017eiavus pus\u0119 stotel\u0117s. <\/p>\n<p>Atrodo taip, kaip \u012fsivaizduojate: pus\u0119 kelio 60-70 kilometr\u0173 per valand\u0173 grei\u010diu judantis autobusas va\u017eiuoja atidarytas. Stipresnis pakratymas, ir keleiviai gal\u0117t\u0173 atsidurti gatv\u0117je, nes pana\u0161u, kad \u0161i \u0161alis netaiko toki\u0173 pat saugumo taisykli\u0173, prie kuri\u0173 esame prat\u0119 Europoje.<\/p>\n<p>    <img decoding=\"async\" src=\"https:\/\/www.europesays.com\/lt\/wp-content\/uploads\/2026\/07\/3592ce87-ea19-4a50-b6b4-6fca460de354.jpg\" loading=\"lazy\" alt=\"Vlada Dapkos Turkijoje\"\/>      <\/p>\n<p>Skirtingose visuomen\u0117se rizika suvokiama ir priimama nevienodai. Vis da\u017eniau pagaunu save idealizuojant Europ\u0105, o Skandinavija po trij\u0173 savai\u010di\u0173 Azijoje man ima atrodyti kaip mira\u017eas dykumoje. Did\u017eiaj\u0105 keleivi\u0173 dal\u012f sudar\u0117 kruop\u0161\u010diai k\u016bn\u0105 prisidengusios hanim (damos) su hid\u017eabais. Nespoksojimo politika Turkijos autobusuose n\u0117ra taikoma, tod\u0117l teko susitaikyti su aki\u0173 gr\u0119\u017eimu. <\/p>\n<p>Autobuse buvo ir vienas d\u017eentelmenas, tik ka\u017ekoks piktas, nes vis bar\u0117 aplinkines moteris. Vairuotojui garsiai subliuvus \u201eAlanyuuuuuum\u201c, supratau, kad mano stotel\u0117 ir sulaukusi, kol atsidarius durims vairuotojas pagaliau sul\u0117tino greit\u012f, atsargiai i\u0161\u0161okau kikendama, mintyse matydama pseudo reklamini\u0173 \u0161\u016bkius: \u201eponai ir ponios, i\u0161bandykite ekstremal\u0173j\u012f va\u017ein\u0117jim\u0105 vietiniais autobusais, kuri\u0173 metu gal\u0117site mokytis atlikti triukus ir \u0161okin\u0117ti i\u0161 va\u017eiuojan\u010dios transporto priemon\u0117s kaip Tomas Kruzas\u201c. <\/p>\n<p>Skandinavijoje autobusai pritaikyti ne\u012fgaliesiems ir keleiviams su vaiki\u0161kais ve\u017eim\u0117liais. \u010cia tarpas tarp autobuso ir gatv\u0117s kone pus\u0117 metro (sakau gatv\u0117s, nes vairuotojas prie \u0161aligatvio priva\u017eiuoti nesivargino). I\u0161lipusi i\u0161 autobuso tik\u0117jausi panirti \u012f ramioje muzikoje skamban\u010di\u0105 aplink\u0105, bet vietoj to patyriau sukr\u0117tim\u0105, nes patekau \u012f&#8230; turg\u0173. Tokio triuk\u0161mo prekybos centre nebuvau gird\u0117jusi \u2013 pokalbi\u0173 nuotrupos sumi\u0161usios su puodeli\u0173 ir \u012franki\u0173 skim\u010diojimais, isteri\u0161ku paaugli\u0173 juoku, vaik\u0173 klykimu, personalo baubimu ir turist\u0173 d\u017ei\u016bgavimu. Tarsi kas gr\u0119\u017et\u0173 elektriniu pj\u016bklu, tik negr\u0119\u017e\u0117, o leido homo sapiens b\u016bdingus garsus.<\/p>\n<p>    <img decoding=\"async\" src=\"https:\/\/www.europesays.com\/lt\/wp-content\/uploads\/2026\/07\/a952c52e-c9f9-40e3-abdc-004f57c32fae.jpg\" loading=\"lazy\" alt=\"Vlada Dapkos Turkijoje\"\/>    <\/p>\n<p>Kitoks dienos ritmas<\/p>\n<p>Susitikus turistus \u0161vedus visada apima savumo jausmas, nat\u016braliai gaminasi greitakalb\u0117. Lietuvi\u0173 kol kas nesutikau (kompanija nedirba su turistais i\u0161 Baltijos \u0161ali\u0173). Pastarosiomis savait\u0117mis ka\u017ekaip keistai patrauk\u0117 ant lietuvi\u0161k\u0173 film\u0173. Vakarais \u017ei\u016briu Tado Vidmanto komedijas ir ne\u017einau \u2013 gal d\u0117l to, kad esu did\u017eiuliame kult\u016briniame atotr\u016bkyje, tie filmai labai limpa ir vis\u0105 film\u0105 prakrizenu.<\/p>\n<p>Esu tampoma prie\u0161taring\u0173 jausm\u0173 \u2013 viena mano pus\u0117 m\u0117gaujasi stipriai kitokia, ne skandinavi\u0161ka aplinka ir visuotiniu atsipalaidavimu. Kita, strukt\u016bruota analitin\u0117 pus\u0117, kraustosi i\u0161 proto ir yra didel\u0117je frustracijoje, nes turki\u0161kame gyvenimo b\u016bde strukt\u016bros n\u0117ra. <\/p>\n<p>Sud\u0117tinga, kad visas gyvenimo b\u016bdas yra orientuotas \u012f vakar\u0105. Mes Skandinavijoje kylame su au\u0161ra, rytais visi einame \u012f sporto klub\u0105, v\u0117liau perkame kav\u0105 brangiose kavin\u0117se, aktyviai vengdami angliavandeni\u0173 \u017eiaumojame plastmasinius baltyminius baton\u0117lius, o v\u0117liau visi sulendame \u012f lemp\u0173 nutviekstus biurus. \u010cia gi, kai i\u0161b\u0117gu anksti ryte prasib\u0117gti, visi dar parpia \u2013 nor\u0117jau u\u017esira\u0161yti \u012f sporto klub\u0105, bet jis atsidaro a\u0161tunt\u0105. Gal juokaujat? A\u0161 tuo metu jau kai\u010diuosi arbat\u0105 biure.<\/p>\n<p>Galvojau, kad kar\u0161tis suma\u017eins apetit\u0105, bet n\u0117 velnio \u2013 per vis\u0105 gyvenim\u0105 nesijau\u010diau tokia alkana, kaip dabar, t\u0105 pastebiu ir b\u016bdama su kolegomis, su kuriais neretai vienas kit\u0105 patraukiam per dant\u012f. Vis dar vyksta adaptacija, patiriame mil\u017eini\u0161k\u0105 fizin\u012f, psichologin\u012f ir kognityvin\u012f kr\u016bv\u012f, ir visi palaimingai lapnojam u\u017e abiej\u0173 \u017eand\u0173 u\u017eki\u0161\u0119 bei norim dar. Nuostabu, kai gaunu papietauti vie\u0161bu\u010diuose \u2013 kadangi perva\u017eiavau kelias de\u0161imtis, jau atsirinkau, kuriame skaniausias maistas, geriausia kava ir taip toliau. Prie progos aptarsim.<\/p>\n<p>Tiesiog \u012fpranti prie fakto, kad lauke prakti\u0161kai i\u0161tisai \u017eliaugi prakaitu. Man srovel\u0117 pradeda tek\u0117ti nuo galvos \u017eemyn, sr\u016bdama visu k\u016bnu, pakeliui susigeria \u012f uniform\u0105 (turime penkis \u0161e\u0161is komplektus, skalbiu kasdien). O jei nesusigert\u0173, apa\u010dioje telk\u0161ot\u0173 balut\u0117, kuri\u0105 tikriausiai sul\u0117kt\u0173 gerti rajono laukin\u0117s kat\u0117s. Pasi\u017ei\u016br\u0117jus \u012f turk\u0173 virtuv\u0119 \u2013 jogurtas, airanas, s\u016briai. Taip vietiniai papildo drusk\u0173 poreik\u012f. <\/p>\n<p>Kai b\u0117giodavau septint\u0105 jau pakilus saulei, po pusvaland\u017eio lie\u017euvis prikepdavo prie gomurio, nors b\u016bdavau suvartojusi ma\u017eiausiai puslitr\u012f vandens. D\u0117l \u0161ios prie\u017easties dabar i\u0161lekiu \u0161e\u0161t\u0105 ryto ir tapau ta aplink\u0105 erzinanti Vidur\u017eemio j\u016bros b\u0117gik\u0117, kuri iki de\u0161imtos ryto b\u016bna nudirbusi prakti\u0161kai pus\u0119 dienos darb\u0173.<\/p>\n<p>    <img decoding=\"async\" src=\"https:\/\/www.europesays.com\/lt\/wp-content\/uploads\/2026\/07\/efa2e841-9542-4706-8593-b207cc61fc99.jpg\" loading=\"lazy\" alt=\"Vlada Dapkos Turkijoje\"\/>      <\/p>\n<p>Maloniai \u012frudau nesidengindama, nat\u016braliai. Kremo nuo saul\u0117s nenaudoju, bet niekada nedrybsau lauke. Turki\u0161ki kremai nuo saul\u0117s neefektyv\u016bs, b\u016btinai atsive\u017ekite savo, nes nuolat gird\u017eiu i\u0161 turist\u0173 skundus. <\/p>\n<p>Pavojingiausi\u0105 saul\u0117s laik\u0105 i\u0161b\u016bnu biure arba vie\u0161bu\u010diuose. Ka\u017ekada band\u017eiau gr\u012f\u017eti i\u0161 darbo p\u0117s\u010diomis, kol kolegos graibst\u0117si u\u017e galvos bandydami \u012fsp\u0117ti, kad \u010dia, moterie, ne \u0160vedija, bet ar man j\u0173 klausyti. Jei k\u0105 u\u017esimanau padaryti, man\u0119s nesustabdyt\u0173 NATO armija su vir\u0161 galvos \u0161vilpian\u010diais naikintuvais. Ta\u010diau nu\u0117jusi gabal\u0105 kelio supratau, kad galb\u016bt b\u016bt\u0173 protingiau neiti \u2013 vis\u0173 pirma d\u0117l temperat\u016bros, kuri d\u0117l dr\u0117gm\u0117s \u0161iomis dienomis tvyro apie keturiasde\u0161imt, o b\u016bsena lauke art\u0117ja link alpimo; taip pat tradici\u0161kai pasiklydau ir supratau turinti kondicij\u0105, pavadinimu \u017eem\u0117lapin\u0117 disleksija. <\/p>\n<p>Mane namo parve\u017e\u0117 visi\u0161kai atsitiktinis pro \u0161al\u012f \u0117j\u0119s vyras, kuris atsisak\u0117 man paai\u0161kinti keli\u0105 ir mostais parod\u0117, kad jam lengviau mane nuve\u017eti. T\u0105kart namus saugiai pasiekiau nedidel\u012f kosmin\u012f laiv\u0105 primenan\u010dioje naujausiose Tesloje.<\/p>\n<p>\u012esivaizduoju, kad po \u0161ito sezono Turkijoje sugr\u012f\u017eus \u012f Europ\u0105 man viskas atrodys l\u0117ta, tylu ir blanku.<\/p>\n","protected":false},"excerpt":{"rendered":"Mano baze tapo TUI ofisas Alanijoje, kur komanda operuoja i\u0161tis\u0105 par\u0105, o patalpas maloniai gaivina kondicionieriai. Mano prieigoje&hellip;\n","protected":false},"author":2,"featured_media":226410,"comment_status":"","ping_status":"","sticky":false,"template":"","format":"standard","meta":{"footnotes":"","_share_on_mastodon":"0"},"categories":[15],"tags":[33936,25,30,31,34,35,24,32,33,37,39,36,38,40,23,22,44,28,29,26,27,1853,27474,74,75,76],"class_list":["post-226409","post","type-post","status-publish","format-standard","has-post-thumbnail","category-pasaulis","tag-alanija","tag-antrastes","tag-breaking-news","tag-breakingnews","tag-featured-news","tag-featurednews","tag-headlines","tag-latest-news","tag-latestnews","tag-lietuva","tag-lietuviu","tag-lithuania","tag-lithuanian","tag-lt","tag-naujienos","tag-news","tag-pasaulis","tag-populiariausios-naujienos","tag-populiariausiosnaujienos","tag-top-stories","tag-topstories","tag-turkija","tag-vlada-dapkos","tag-world","tag-world-news","tag-worldnews"],"share_on_mastodon":{"url":"https:\/\/pubeurope.com\/@lt\/116903565766702409","error":""},"_links":{"self":[{"href":"https:\/\/www.europesays.com\/lt\/wp-json\/wp\/v2\/posts\/226409","targetHints":{"allow":["GET"]}}],"collection":[{"href":"https:\/\/www.europesays.com\/lt\/wp-json\/wp\/v2\/posts"}],"about":[{"href":"https:\/\/www.europesays.com\/lt\/wp-json\/wp\/v2\/types\/post"}],"author":[{"embeddable":true,"href":"https:\/\/www.europesays.com\/lt\/wp-json\/wp\/v2\/users\/2"}],"replies":[{"embeddable":true,"href":"https:\/\/www.europesays.com\/lt\/wp-json\/wp\/v2\/comments?post=226409"}],"version-history":[{"count":0,"href":"https:\/\/www.europesays.com\/lt\/wp-json\/wp\/v2\/posts\/226409\/revisions"}],"wp:featuredmedia":[{"embeddable":true,"href":"https:\/\/www.europesays.com\/lt\/wp-json\/wp\/v2\/media\/226410"}],"wp:attachment":[{"href":"https:\/\/www.europesays.com\/lt\/wp-json\/wp\/v2\/media?parent=226409"}],"wp:term":[{"taxonomy":"category","embeddable":true,"href":"https:\/\/www.europesays.com\/lt\/wp-json\/wp\/v2\/categories?post=226409"},{"taxonomy":"post_tag","embeddable":true,"href":"https:\/\/www.europesays.com\/lt\/wp-json\/wp\/v2\/tags?post=226409"}],"curies":[{"name":"wp","href":"https:\/\/api.w.org\/{rel}","templated":true}]}}