{"id":226452,"date":"2026-07-12T02:10:18","date_gmt":"2026-07-12T02:10:18","guid":{"rendered":"https:\/\/www.europesays.com\/lt\/226452\/"},"modified":"2026-07-12T02:10:18","modified_gmt":"2026-07-12T02:10:18","slug":"vilniuje-parduotas-vienas-didziausiu-verslo-centru-paaiskejo-kas-isigijo","status":"publish","type":"post","link":"https:\/\/www.europesays.com\/lt\/226452\/","title":{"rendered":"Vilniuje parduotas vienas did\u017eiausi\u0173 verslo centr\u0173: paai\u0161k\u0117jo, kas \u012fsigijo"},"content":{"rendered":"<p class=\"wp-block-paragraph\">Investicij\u0173 ir turto valdymo grup\u0117 \u201eEvernord\u201c\u00a0 \u012fsteig\u0117\u00a0 10-\u0105j\u012f \u201eEvernord Real Estate Fund VII\u201c. Fondas s\u0117kmingai u\u017ebaig\u0117 stamb\u0173 sandor\u012f \u2013 i\u0161 NT vystymo ir infrastrukt\u016bros pl\u0117tros bendrov\u0117s \u201e<a style=\"font-weight:bold;\" href=\"https:\/\/madeinvilnius.lt\/tema\/yit-lietuva\/\" target=\"_blank\" rel=\"nofollow noopener\">YIT Lietuva<\/a>\u201c \u012fsigijo Vilniuje esant\u012f verslo centr\u0105 \u201eSky Office\u201c. Pastat\u0105 pardavusi \u201eYIT Lietuva\u201c tapo strategine fondo partnere ir investuoja kartu su \u201eEvernord\u201c investuotojais.<\/p>\n<p class=\"wp-block-paragraph\">\u201eSky Office\u201c \u2013 2024 m. atidarytas verslo centras Vilniuje, Vir\u0161uli\u0161k\u0117se. Jo u\u017eimtumas \u012fsigijimo metu siekia 95 proc. Lietuvos nekilnojamojo turto pl\u0117tros asociacija 2025 m. pripa\u017eino \u201eSky Office\u201c geriausiu komercin\u0117s paskirties objektu Lietuvoje.<\/p>\n<p class=\"wp-block-paragraph\">Biur\u0173 segmentas \u201eEvernord\u201c yra gerai pa\u017e\u012fstamas <a>\u2013<\/a> \u012fmoni\u0173 grup\u0117s valdomas fondas Rygoje jau yra s\u0117kmingai i\u0161vyst\u0119s ir valdo modern\u0173 kompleks\u0105 \u201eNovira Plaza\u201c.<\/p>\n<p class=\"wp-block-paragraph\">\u201eEvernord Real Estate Fund VII\u201c fondo valdytojas Simonas Ba\u010diulis pa\u017eymi, kad dabartin\u0117 situacija Vilniaus biur\u0173 rinkoje signalizuoja apie art\u0117jant\u012f l\u016b\u017eio ta\u0161k\u0105, kur\u012f svarbu laiku i\u0161naudoti.<\/p>\n<p class=\"wp-block-paragraph\">\u201ePastaruoju metu nauj\u0173 biur\u0173 statybos sostin\u0117je yra pastebimai suma\u017e\u0117jusios, tod\u0117l prognozuojama, kad nuo 2027 m. nauja pasi\u016bla reik\u0161mingai susitrauks. D\u0117l to did\u0117s pastat\u0173 u\u017eimtumas ir bendras rinkos balansas nat\u016braliai atsistatys. Kokybi\u0161ki objektai buvo ir bus nuomojami \u2013 geriausios galimyb\u0117s atsiranda anks\u010diau, nei jas pamato visa rinka\u201c, \u2013 teig\u0117 S. Ba\u010diulis.<\/p>\n<p class=\"wp-block-paragraph\">\u201eInvestuotoj\u0173 susidom\u0117jimas naujuoju fondu pranoko pradinius l\u016bkes\u010dius, nes jie ie\u0161ko tvaraus pagrindo, o ne trumpalaiki\u0173 tendencij\u0173. I\u0161 investuotoj\u0173 per dvi savaites buvo pritraukta beveik 10 mln. eur\u0173, o investuotoj\u0173 paklausa platinimo metu vir\u0161ijo pasi\u016bl\u0105. Rinkoje \u0161iuo metu netr\u016bksta brandaus kapitalo, kuris prioritet\u0105 teikia ne madingiems segmentams, o ai\u0161kiai valdymo strukt\u016brai, kokybi\u0161kam nekilnojamajam turtui ir stipriam, patikimam partneriui sandoryje. \u201eEvernord\u201c tikslas naujuose fonduose i\u0161lieka ambicingas \u2013 generuoti dvi\u017eenkl\u0119 gr\u0105\u017e\u0105 savo investuotojams\u201c, \u2013 komentavo \u201eEvernord\u201c FM\u012e vadov\u0117 Vismant\u0117 \u0160epetien\u0117.<\/p>\n<p class=\"wp-block-paragraph\">\u0160is sandoris \u017eymi dar vien\u0105 svarb\u0173 etap\u0105 visai \u201eEvernord\u201c grupei. Startavus 10-ajam fondui,\u00a0 \u201eEvernord\u201c grup\u0117s bendro valdomas turto dydis priart\u0117jo prie 400 mln. eur\u0173.<\/p>\n<p class=\"wp-block-paragraph\">\u201e\u012emon\u0117 i\u0161laiko nuosekl\u0173 augimo temp\u0105, o \u201eEvernord\u201c grup\u0117s ambicija \u2013 per artimiausius metus pasiekti 0,5 mlrd. eur\u0173 valdomo turto kartel\u0119\u201c, \u2013 pabr\u0117\u017e\u0117 \u201eEvernord Asset Management\u201c vadovas Gintaras Rutkauskas. \u00a0<\/p>\n<p class=\"wp-block-paragraph\">\u201eDraugi\u0161kame aplinkai \u201eSky Office\u201c verslo centre nuosekliai \u012fgyvendinome vis\u0105 projekto vystymo cikl\u0105 \u2013 nuo projektavimo ir statyb\u0173 iki beveik pilno verslo centro u\u017epildymo. Kurdami j\u012f orientavom\u0117s \u012f ilgalaik\u0119 vert\u0119 \u2013 pastatas buvo suprojektuotas taip, kad savo techniniais, tvarumo ir energinio efektyvumo sprendimais atitikt\u0173 A klas\u0117s biurams keliamus reikalavimus, o jo kokyb\u0119 patvirtino ir BREEAM \u201eExcellent\u201c sertifikatas.<\/p>\n<p class=\"wp-block-paragraph\">D\u017eiaugiam\u0117s, kad \u0161iandien projektas pereina \u012f nauj\u0105 etap\u0105 kartu su stipriu instituciniu investuotoju. Tai nat\u016brali brand\u017ei\u0173 komercinio nekilnojamojo turto projekt\u0173 raidos dalis ir kartu patvirtinimas, kad kokybi\u0161ki, tvar\u016bs objektai rinkoje i\u0161lieka patraukl\u016bs investuotojams\u201d, \u2013 sako bendrov\u0117s \u201eYIT Lietuva\u201c vadovas K\u0119stutis Vanagas.<\/p>\n<p class=\"wp-block-paragraph\">\u012egyvendinant sandor\u012f, tarpininkavo \u201e<a style=\"font-weight:bold;\" href=\"https:\/\/madeinvilnius.lt\/tema\/newsec\/\" target=\"_blank\" rel=\"nofollow noopener\">Newsec<\/a>\u201c, viena did\u017eiausi\u0173 komercinio nekilnojamojo turto (NT) paslaug\u0173 bei konsultacij\u0173 bendrovi\u0173 \u0160iaur\u0117s Europoje ir Baltijos \u0161alyse.<\/p>\n<p class=\"wp-block-paragraph\">\u201e\u0160is sandoris brendo ilgai, o rezultatas patvirtina, kad kantryb\u0117 ir tinkama sandorio bei kapitalo strukt\u016bra lemia tok\u012f stipr\u0173 investuotoj\u0173 interes\u0105. Taip pat d\u017eiugu matyti vis labiau aktyv\u0117jant\u012f biur\u0173 segment\u0105, \u010dia investuotojai mato patrauklius pajamingumus bei gyv\u0117jan\u010di\u0105 rink\u0105, kur pasi\u016bla ma\u017e\u0117ja, o paklausa i\u0161lieka stabili\u201c, \u2013 komentavo \u201eNewsec\u201c investicini\u0173 sandori\u0173 Baltijos \u0161alyse vadovas Andrius \u0160volka.\u00a0\u00a0<\/p>\n<p class=\"wp-block-paragraph\">Pardav\u0117jo interesams sandoryje tarpininkavo tarptautin\u0117 advokat\u0173 kontora \u201eSorainen\u201c, o pirk\u0117jo \u2013 advokat\u0173 profesin\u0117 bendrija \u201eTegos\u201c.<\/p>\n","protected":false},"excerpt":{"rendered":"Investicij\u0173 ir turto valdymo grup\u0117 \u201eEvernord\u201c\u00a0 \u012fsteig\u0117\u00a0 10-\u0105j\u012f \u201eEvernord Real Estate Fund VII\u201c. Fondas s\u0117kmingai u\u017ebaig\u0117 stamb\u0173 sandor\u012f&hellip;\n","protected":false},"author":2,"featured_media":226453,"comment_status":"","ping_status":"","sticky":false,"template":"","format":"standard","meta":{"footnotes":"","_share_on_mastodon":"0"},"categories":[6],"tags":[25,30,31,34,35,24,32,33,37,39,36,38,40,65,23,22,2050,28,29,26,27,6987],"class_list":["post-226452","post","type-post","status-publish","format-standard","has-post-thumbnail","category-antrastes","tag-antrastes","tag-breaking-news","tag-breakingnews","tag-featured-news","tag-featurednews","tag-headlines","tag-latest-news","tag-latestnews","tag-lietuva","tag-lietuviu","tag-lithuania","tag-lithuanian","tag-lt","tag-naujiena","tag-naujienos","tag-news","tag-nt","tag-populiariausios-naujienos","tag-populiariausiosnaujienos","tag-top-stories","tag-topstories","tag-verslo-centras"],"share_on_mastodon":{"url":"https:\/\/pubeurope.com\/@lt\/116904580029136497","error":""},"_links":{"self":[{"href":"https:\/\/www.europesays.com\/lt\/wp-json\/wp\/v2\/posts\/226452","targetHints":{"allow":["GET"]}}],"collection":[{"href":"https:\/\/www.europesays.com\/lt\/wp-json\/wp\/v2\/posts"}],"about":[{"href":"https:\/\/www.europesays.com\/lt\/wp-json\/wp\/v2\/types\/post"}],"author":[{"embeddable":true,"href":"https:\/\/www.europesays.com\/lt\/wp-json\/wp\/v2\/users\/2"}],"replies":[{"embeddable":true,"href":"https:\/\/www.europesays.com\/lt\/wp-json\/wp\/v2\/comments?post=226452"}],"version-history":[{"count":0,"href":"https:\/\/www.europesays.com\/lt\/wp-json\/wp\/v2\/posts\/226452\/revisions"}],"wp:featuredmedia":[{"embeddable":true,"href":"https:\/\/www.europesays.com\/lt\/wp-json\/wp\/v2\/media\/226453"}],"wp:attachment":[{"href":"https:\/\/www.europesays.com\/lt\/wp-json\/wp\/v2\/media?parent=226452"}],"wp:term":[{"taxonomy":"category","embeddable":true,"href":"https:\/\/www.europesays.com\/lt\/wp-json\/wp\/v2\/categories?post=226452"},{"taxonomy":"post_tag","embeddable":true,"href":"https:\/\/www.europesays.com\/lt\/wp-json\/wp\/v2\/tags?post=226452"}],"curies":[{"name":"wp","href":"https:\/\/api.w.org\/{rel}","templated":true}]}}