{"id":226625,"date":"2026-07-12T08:11:58","date_gmt":"2026-07-12T08:11:58","guid":{"rendered":"https:\/\/www.europesays.com\/lt\/226625\/"},"modified":"2026-07-12T08:11:58","modified_gmt":"2026-07-12T08:11:58","slug":"ryanair-lektuve-kilo-panika-skrydzio-is-graikijos-metu-pro-isduzusi-langa-teko-gelbeti-keleivi","status":"publish","type":"post","link":"https:\/\/www.europesays.com\/lt\/226625\/","title":{"rendered":"\u201eRyanair\u201c l\u0117ktuve kilo panika: skryd\u017eio i\u0161 Graikijos metu pro i\u0161du\u017eus\u012f lang\u0105 teko gelb\u0117ti keleiv\u012f"},"content":{"rendered":"<p>Vienas keleivis naujien\u0173 agent\u016brai \u201edpa\u201c pasakojo, kad skryd\u017eio metu pasigirdo garsus pok\u0161tel\u0117jimas, po kurio i\u0161du\u017eo vieno lango stiklas. <\/p>\n<p>Artimiausiai s\u0117d\u0117j\u0119s keleivis buvo su\u017eeistas, o kitas liudininkas Graikijos transliuotojui \u201eERT\u201c pasakojo, kad \u201epro i\u0161du\u017eus\u012f lang\u0105 ky\u0161ojo jo galva ir pe\u010diai\u201c.<\/p>\n<p>Prane\u0161ama, kad kiti keleiviai sugeb\u0117jo nelaim\u0117l\u012f \u012ftraukti atgal \u012f l\u0117ktuvo salon\u0105. Socialiniuose tinkluose paskelbtuose vaizdo \u012fra\u0161uose matyti, kaip salone nusileido deguonies kauk\u0117s, o liudininkai pasakojo, kad panikos apimti keleiviai \u0117m\u0117 \u0161aukti.<\/p>\n<p>Lak\u016bnas skryd\u017eio \u012f Memingen\u0105 Piet\u0173 Vokietijoje nebet\u0119s\u0117 ir gr\u012f\u017eo \u012f Salonik\u0173 oro uost\u0105. Teigiama, kad po \u0161io incidento kelion\u0117 atgal truko apie 20 minu\u010di\u0173.<\/p>\n<p>Kaip prane\u0161\u0117 Graikijos transliuotojas ERT, su\u017eeist\u0105j\u012f keleiv\u012f i\u0161 Serbijos greitosios pagalbos tarnybos Salonikuose i\u0161ve\u017e\u0117 \u012f ligonin\u0119.<\/p>\n<p>Nei \u201eRyanair\u201c, nei atitinkamos institucijos jokio oficialaus parei\u0161kimo d\u0117l \u0161io incidento nepaskelb\u0117. Kaip prane\u0161\u0117 ERT, prad\u0117tas \u0161io \u012fvykio tyrimas.<\/p>\n","protected":false},"excerpt":{"rendered":"Vienas keleivis naujien\u0173 agent\u016brai \u201edpa\u201c pasakojo, kad skryd\u017eio metu pasigirdo garsus pok\u0161tel\u0117jimas, po kurio i\u0161du\u017eo vieno lango stiklas.&hellip;\n","protected":false},"author":2,"featured_media":226626,"comment_status":"","ping_status":"","sticky":false,"template":"","format":"standard","meta":{"footnotes":"","_share_on_mastodon":"0"},"categories":[15],"tags":[25,30,31,3346,34,35,24,32,33,37,39,36,38,40,23,22,44,28,29,1329,26,27,74,75,76],"class_list":["post-226625","post","type-post","status-publish","format-standard","has-post-thumbnail","category-pasaulis","tag-antrastes","tag-breaking-news","tag-breakingnews","tag-elta-uzsienio-naujiena","tag-featured-news","tag-featurednews","tag-headlines","tag-latest-news","tag-latestnews","tag-lietuva","tag-lietuviu","tag-lithuania","tag-lithuanian","tag-lt","tag-naujienos","tag-news","tag-pasaulis","tag-populiariausios-naujienos","tag-populiariausiosnaujienos","tag-ryanair","tag-top-stories","tag-topstories","tag-world","tag-world-news","tag-worldnews"],"share_on_mastodon":{"url":"https:\/\/pubeurope.com\/@lt\/116906003445053749","error":""},"_links":{"self":[{"href":"https:\/\/www.europesays.com\/lt\/wp-json\/wp\/v2\/posts\/226625","targetHints":{"allow":["GET"]}}],"collection":[{"href":"https:\/\/www.europesays.com\/lt\/wp-json\/wp\/v2\/posts"}],"about":[{"href":"https:\/\/www.europesays.com\/lt\/wp-json\/wp\/v2\/types\/post"}],"author":[{"embeddable":true,"href":"https:\/\/www.europesays.com\/lt\/wp-json\/wp\/v2\/users\/2"}],"replies":[{"embeddable":true,"href":"https:\/\/www.europesays.com\/lt\/wp-json\/wp\/v2\/comments?post=226625"}],"version-history":[{"count":0,"href":"https:\/\/www.europesays.com\/lt\/wp-json\/wp\/v2\/posts\/226625\/revisions"}],"wp:featuredmedia":[{"embeddable":true,"href":"https:\/\/www.europesays.com\/lt\/wp-json\/wp\/v2\/media\/226626"}],"wp:attachment":[{"href":"https:\/\/www.europesays.com\/lt\/wp-json\/wp\/v2\/media?parent=226625"}],"wp:term":[{"taxonomy":"category","embeddable":true,"href":"https:\/\/www.europesays.com\/lt\/wp-json\/wp\/v2\/categories?post=226625"},{"taxonomy":"post_tag","embeddable":true,"href":"https:\/\/www.europesays.com\/lt\/wp-json\/wp\/v2\/tags?post=226625"}],"curies":[{"name":"wp","href":"https:\/\/api.w.org\/{rel}","templated":true}]}}