{"id":226658,"date":"2026-07-12T09:16:09","date_gmt":"2026-07-12T09:16:09","guid":{"rendered":"https:\/\/www.europesays.com\/lt\/226658\/"},"modified":"2026-07-12T09:16:09","modified_gmt":"2026-07-12T09:16:09","slug":"palangos-papludimyje-valomi-dumbliai-po-audros","status":"publish","type":"post","link":"https:\/\/www.europesays.com\/lt\/226658\/","title":{"rendered":"Palangos papl\u016bdimyje valomi dumbliai po audros"},"content":{"rendered":"<p>Anot mero, \u012f krant\u0105 i\u0161mestus dumblius valo ir papl\u016bdimiuose darbuojasi Palangos komunalinio \u016bkio komanda.<\/p>\n<p>\u201e\u012emon\u0117s vadovas Gediminas Valinevi\u010dius sako, kad tokio kiekio seniai neteko matyti. Dar nema\u017eai dumbli\u0173 yra j\u016broje, tod\u0117l tik\u0117tina, kad artimiausiomis dienomis bangos j\u0173 i\u0161mes dar daugiau\u201c, \u2013 savo \u201eFacebook\u201c paskyroje ra\u0161o \u0160. Vaitkus.<\/p>\n<p>Jo tikinimu, visam papl\u016bdimiui sutvarkyti prireiks ma\u017eiausiai trij\u0173 dien\u0173.<\/p>\n<p>\u201eKomunalininkai dirbs nuo ankstyvo ryto ir rytoj, ir poryt \u2013 tiek, kiek reik\u0117s, kad Palangos papl\u016bdimiai b\u016bt\u0173 \u0161var\u016bs ir jauk\u016bs. Tokia jau m\u016bs\u0173 mylima j\u016bra \u2013 kartais rami, kartais su charakteriu\u201c, \u2013 tvirtina Palangos meras.<\/p>\n<p>Neseniai \u201eDelfi\u201c prane\u0161\u0117, kad Palangoje \u017eyd\u0117jo vanduo. Vandens pavir\u0161iuje susidariusios dumbli\u0173 sankaupos ir tvyrantis supuvusi\u0173 kiau\u0161ini\u0173 kvapas \u2013 tai po\u017eymiai, kuriuos poilsiautojai da\u017eniausiai vadina vandens \u201e\u017eyd\u0117jimu\u201c. \u0160is rei\u0161kinys atsiranda d\u0117l itin spartaus dumbli\u0173, ypa\u010d melsvadumbli\u0173, dauginimosi.<\/p>\n<p>V\u0117liau Palangos miesto gelb\u0117jimo tarnyba prane\u0161\u0117, kad vanduo yra skaidrus ir nebe\u017eydi. Tik\u0117tina, kad \u0161\u012f kart\u0105 dumbli\u0173 sankaupos i\u0161 j\u016bros papl\u016bdimiuose atsirado d\u0117l pastaruoju metu buvusi\u0173 audring\u0173 or\u0173.<\/p>\n","protected":false},"excerpt":{"rendered":"Anot mero, \u012f krant\u0105 i\u0161mestus dumblius valo ir papl\u016bdimiuose darbuojasi Palangos komunalinio \u016bkio komanda. \u201e\u012emon\u0117s vadovas Gediminas Valinevi\u010dius&hellip;\n","protected":false},"author":2,"featured_media":226659,"comment_status":"","ping_status":"","sticky":false,"template":"","format":"standard","meta":{"footnotes":"","_share_on_mastodon":"0"},"categories":[13],"tags":[25,30,31,34,35,24,33963,32,33,37,39,36,38,40,23,22,2801,24487,28,29,26,27],"class_list":["post-226658","post","type-post","status-publish","format-standard","has-post-thumbnail","category-lietuva","tag-antrastes","tag-breaking-news","tag-breakingnews","tag-featured-news","tag-featurednews","tag-headlines","tag-juros-dumbliai","tag-latest-news","tag-latestnews","tag-lietuva","tag-lietuviu","tag-lithuania","tag-lithuanian","tag-lt","tag-naujienos","tag-news","tag-palanga","tag-palangos-papludimys","tag-populiariausios-naujienos","tag-populiariausiosnaujienos","tag-top-stories","tag-topstories"],"share_on_mastodon":{"url":"https:\/\/pubeurope.com\/@lt\/116906255025083579","error":""},"_links":{"self":[{"href":"https:\/\/www.europesays.com\/lt\/wp-json\/wp\/v2\/posts\/226658","targetHints":{"allow":["GET"]}}],"collection":[{"href":"https:\/\/www.europesays.com\/lt\/wp-json\/wp\/v2\/posts"}],"about":[{"href":"https:\/\/www.europesays.com\/lt\/wp-json\/wp\/v2\/types\/post"}],"author":[{"embeddable":true,"href":"https:\/\/www.europesays.com\/lt\/wp-json\/wp\/v2\/users\/2"}],"replies":[{"embeddable":true,"href":"https:\/\/www.europesays.com\/lt\/wp-json\/wp\/v2\/comments?post=226658"}],"version-history":[{"count":0,"href":"https:\/\/www.europesays.com\/lt\/wp-json\/wp\/v2\/posts\/226658\/revisions"}],"wp:featuredmedia":[{"embeddable":true,"href":"https:\/\/www.europesays.com\/lt\/wp-json\/wp\/v2\/media\/226659"}],"wp:attachment":[{"href":"https:\/\/www.europesays.com\/lt\/wp-json\/wp\/v2\/media?parent=226658"}],"wp:term":[{"taxonomy":"category","embeddable":true,"href":"https:\/\/www.europesays.com\/lt\/wp-json\/wp\/v2\/categories?post=226658"},{"taxonomy":"post_tag","embeddable":true,"href":"https:\/\/www.europesays.com\/lt\/wp-json\/wp\/v2\/tags?post=226658"}],"curies":[{"name":"wp","href":"https:\/\/api.w.org\/{rel}","templated":true}]}}