{"id":226678,"date":"2026-07-12T09:51:34","date_gmt":"2026-07-12T09:51:34","guid":{"rendered":"https:\/\/www.europesays.com\/lt\/226678\/"},"modified":"2026-07-12T09:51:34","modified_gmt":"2026-07-12T09:51:34","slug":"vert-ipareigojo-ltg-infra-grazinti-valstybes-kompensacijas","status":"publish","type":"post","link":"https:\/\/www.europesays.com\/lt\/226678\/","title":{"rendered":"VERT \u012fpareigojo \u201eLTG Infra\u201c gr\u0105\u017einti valstyb\u0117s kompensacijas"},"content":{"rendered":"<p>VERT penktadien\u012f prane\u0161\u0117 nusta\u010diusi, kad dalis 2022\u20132023 metais i\u0161 valstyb\u0117s biud\u017eeto skirt\u0173 kompensacij\u0173 elektros kainai ma\u017einti bendrovei buvo i\u0161mok\u0117tos nepagr\u012fstai.<\/p>\n<p>Be to, be nustatytos gr\u0105\u017eintinos sumos, bendrov\u0117 \u012fpareigota perskai\u010diuoti dal\u012f kompensacij\u0173 ir gr\u0105\u017einti papildomai nustatytas nepagr\u012fstai gautas l\u0117\u0161as, jei toki\u0173 bus nustatyta perskai\u010diavimo metu.<\/p>\n<p>VERT nustat\u0117, kad kai kuriais atvejais kompensacijos buvo apskai\u010diuotos taikant neteisingus kompensavimo dyd\u017eius arba u\u017e elektros energijos kiekius, kuriems kompensacijos netur\u0117jo b\u016bti taikomos.\u00a0<\/p>\n<p>Taip pat kompensacijos buvo gautos ir u\u017e laikotarp\u012f, kai faktin\u0117 elektros energijos kaina nebesiek\u0117 ribos, nuo kurios jos gali b\u016bti mokamos.<\/p>\n<p>Valstyb\u0117s kompensacijos buvo skirtos ma\u017einti buitini\u0173 vartotoj\u0173 i\u0161laidas u\u017e elektros energij\u0105, tod\u0117l j\u0173 taikymas turi tiksliai atitikti teis\u0117s akt\u0173 reikalavimus.<\/p>\n","protected":false},"excerpt":{"rendered":"VERT penktadien\u012f prane\u0161\u0117 nusta\u010diusi, kad dalis 2022\u20132023 metais i\u0161 valstyb\u0117s biud\u017eeto skirt\u0173 kompensacij\u0173 elektros kainai ma\u017einti bendrovei buvo&hellip;\n","protected":false},"author":2,"featured_media":226679,"comment_status":"","ping_status":"","sticky":false,"template":"","format":"standard","meta":{"footnotes":"","_share_on_mastodon":"0"},"categories":[13],"tags":[30965,25,30,31,34,35,24,32,33,37,39,36,38,40,23,22,28,29,26,27,4677],"class_list":["post-226678","post","type-post","status-publish","format-standard","has-post-thumbnail","category-lietuva","tag-ltg-infra","tag-antrastes","tag-breaking-news","tag-breakingnews","tag-featured-news","tag-featurednews","tag-headlines","tag-latest-news","tag-latestnews","tag-lietuva","tag-lietuviu","tag-lithuania","tag-lithuanian","tag-lt","tag-naujienos","tag-news","tag-populiariausios-naujienos","tag-populiariausiosnaujienos","tag-top-stories","tag-topstories","tag-vert"],"share_on_mastodon":{"url":"https:\/\/pubeurope.com\/@lt\/116906392677167704","error":""},"_links":{"self":[{"href":"https:\/\/www.europesays.com\/lt\/wp-json\/wp\/v2\/posts\/226678","targetHints":{"allow":["GET"]}}],"collection":[{"href":"https:\/\/www.europesays.com\/lt\/wp-json\/wp\/v2\/posts"}],"about":[{"href":"https:\/\/www.europesays.com\/lt\/wp-json\/wp\/v2\/types\/post"}],"author":[{"embeddable":true,"href":"https:\/\/www.europesays.com\/lt\/wp-json\/wp\/v2\/users\/2"}],"replies":[{"embeddable":true,"href":"https:\/\/www.europesays.com\/lt\/wp-json\/wp\/v2\/comments?post=226678"}],"version-history":[{"count":0,"href":"https:\/\/www.europesays.com\/lt\/wp-json\/wp\/v2\/posts\/226678\/revisions"}],"wp:featuredmedia":[{"embeddable":true,"href":"https:\/\/www.europesays.com\/lt\/wp-json\/wp\/v2\/media\/226679"}],"wp:attachment":[{"href":"https:\/\/www.europesays.com\/lt\/wp-json\/wp\/v2\/media?parent=226678"}],"wp:term":[{"taxonomy":"category","embeddable":true,"href":"https:\/\/www.europesays.com\/lt\/wp-json\/wp\/v2\/categories?post=226678"},{"taxonomy":"post_tag","embeddable":true,"href":"https:\/\/www.europesays.com\/lt\/wp-json\/wp\/v2\/tags?post=226678"}],"curies":[{"name":"wp","href":"https:\/\/api.w.org\/{rel}","templated":true}]}}