{"id":226803,"date":"2026-07-12T12:56:10","date_gmt":"2026-07-12T12:56:10","guid":{"rendered":"https:\/\/www.europesays.com\/lt\/226803\/"},"modified":"2026-07-12T12:56:10","modified_gmt":"2026-07-12T12:56:10","slug":"is-emigracijos-grizusi-moteris-planus-griauna-biurokratija","status":"publish","type":"post","link":"https:\/\/www.europesays.com\/lt\/226803\/","title":{"rendered":"I\u0161 emigracijos gr\u012f\u017eusi moteris: planus griauna biurokratija"},"content":{"rendered":"<p>Apie tai naujien\u0173 portalui VE.lt prane\u0161\u0117 J\u016brat\u0117 Kasperavi\u010dien\u0117, \u012f <a rel=\"noopener nofollow\" target=\"_blank\" href=\"https:\/\/www.delfi.lt\/temos\/klaipeda\" tag-id=\"39307167\">Klaip\u0117d\u0105<\/a> bir\u017eelio viduryje sugr\u012f\u017eusi po 14 met\u0173 gyvenimo Vokietijoje.<\/p>\n<p>\u201eVie\u0161ai deklaruojama, kad atvira ir moderni Klaip\u0117da laukia gr\u012f\u017etan\u010di\u0173 tautie\u010di\u0173, o ma\u017e\u0117jan\u010dio gimstamumo akistatoje vaikai priimami su dideliu d\u017eiaugsmu, visgi a\u0161 ir mano \u0161eima jau\u010diam\u0117s patek\u0119 \u012f <a rel=\"noopener nofollow\" target=\"_blank\" href=\"https:\/\/www.delfi.lt\/temos\/biurokratija\" tag-id=\"59397581\">biurokratijos<\/a> pinkles, kur klausimai sprend\u017eiami plani\u0161kai, masi\u0161kai, nelanks\u010diai ir neatsi\u017evelgiant \u012f konkre\u010di\u0105 situacij\u0105 bei joje atsid\u016brusius\u201c, \u2013 VE.lt atsi\u0173stame elektroniniame lai\u0161ke teigia J. Kasperavi\u010dien\u0117.<\/p>\n<p>N\u0117ra vietos vaik\u0173 dar\u017eelyje<\/p>\n<p>Klaip\u0117diet\u0117 teigia, kad gimtajame mieste nori kurti gyvenim\u0105 sau ir savo dukrai.<\/p>\n<p>\u201ePirmas \u017eingsnis: gauti viet\u0105 dar\u017eelyje penkiametei dukrai, kad ji kuo grei\u010diau gal\u0117t\u0173 adaptuotis naujoje vietoje, susirasti draug\u0173 ir \u017eaidim\u0173 partneri\u0173, o a\u0161 gal\u0117\u010diau nedelsdama prad\u0117ti ie\u0161koti tinkamo darbo Klaip\u0117doje ir \u012fsilieti \u012f bendruomenin\u012f gyvenim\u0105\u201c, \u2013 planais pasidalijo moteris.<\/p>\n<p>Ta\u010diau kli\u016btis pirmajame \u017eingsnyje stabdo visus kitus planus \u2013 juos tenka atid\u0117ti, nes dukrai vietos vaik\u0173 dar\u017eelyje vasar\u0105 gauti ne\u012fmanoma.<\/p>\n<p>\u201eMane Klaip\u0117dos savivaldyb\u0117s administracija informavo, jog dukrel\u0117 \u012f pasirinkt\u0105 <a rel=\"noopener nofollow\" target=\"_blank\" href=\"https:\/\/www.delfi.lt\/temos\/darzelis\" tag-id=\"49586704\">dar\u017eel\u012f<\/a> gal\u0117s prad\u0117ti eiti nuo rugs\u0117jo m\u0117nesio, o joki\u0173 laikin\u0173 alternatyv\u0173, kaip m\u016bs\u0173 situacij\u0105 pagerinti ir palengvinti \u2013 n\u0117ra.<\/p>\n<p>    <img decoding=\"async\" src=\"https:\/\/www.europesays.com\/lt\/wp-content\/uploads\/2026\/07\/692f10b7-d619-42c7-b470-1789624b7e38.jpg\" loading=\"lazy\" alt=\"Mamos \u012fsitikinimu, su dar\u017eelio draugais b\u016bt\u0173 lengviau ir adaptuotis \u0161alyje.\"\/>    <\/p>\n<p>K\u0105 tai rei\u0161kia man ir m\u016bs\u0173 \u0161eimai: dar du m\u0117nesiai ne\u017einomyb\u0117s, jokios realios galimyb\u0117s prad\u0117ti darbo paie\u0161kas, gyvenimas i\u0161 santaup\u0173, nuolatinis bandymas paai\u0161kinti dukrai, kod\u0117l ji vis dar negali lankyti dar\u017eelio, kur kasdien praeidama pro \u0161al\u012f stebi u\u017e tvoros \u017eaid\u017eian\u010dius vaikus\u201c, \u2013 sako J. Kasperavi\u010dien\u0117.<\/p>\n<p>D\u0117l to, kad negauna vietos dukrai vaik\u0173 dar\u017eelyje, ji teigia negalinti ie\u0161kotis darbo: \u201eNes darbdaviams negaliu pasi\u016blyti nieko konkretaus.\u201c<\/p>\n<p>Neatitinka bent vieno reikalavimo<\/p>\n<p>Komentuodama \u0161i\u0105 situacij\u0105 Klaip\u0117dos savivaldyb\u0117s \u0160vietimo skyriaus ved\u0117ja Vida Bubliauskien\u0117 naujien\u0173 portalui VE.lt nurod\u0117, kad vaikai \u012f miesto dar\u017eelius priimami pagal speciali\u0105 tvark\u0105, kurios vienas i\u0161 punkt\u0173 numato reikalavim\u0105 d\u0117l minimalaus gyvenamosios vietos deklaravimo laikotarpio.<\/p>\n<p>\u201ePra\u0161ymus d\u0117l vaik\u0173 pri\u0117mimo \u012f \u012fstaigas elektroniniu b\u016bdu sistemoje pildo vienas i\u0161 t\u0117v\u0173, kuris ne ma\u017eiau kaip 1 m\u0117nes\u012f kartu su vaiku yra deklaruotas Klaip\u0117dos mieste\u201c, \u2013 komentare teigia V. Bubliauskien\u0117.<\/p>\n<p>Tuo metu J. Kasperavi\u010dien\u0117 sak\u0117, kad gyvenam\u0105j\u0105 viet\u0105 Klaip\u0117doje su dukra deklaravo tre\u010di\u0105 bir\u017eelio savait\u0119: \u201eTaip, deklaravome. Jei tiksliai pamenu, bir\u017eelio 18 dien\u0105.\u201c<\/p>\n<p>Savivaldyb\u0117s atstov\u0117 sako, jog vaiko duomen\u0173 dar nematyti gyventoj\u0173 registre.<\/p>\n<p>\u201eVaik\u0173 registravimo \u012f ikimokyklinio ugdymo \u012fstaigas sistema susieta su gyventoj\u0173 registru. Jame vaiko duomen\u0173 nematome, kadangi pra\u0117jusio m\u0117nesio duomenys yra atnaujinami tik vien\u0105 kart\u0105 per m\u0117nes\u012f iki einamojo m\u0117nesio 10 dienos \u2013 jei vaiko gyvenamoji vieta deklaruota bir\u017eelio m\u0117nes\u012f, tai duomenys vaik\u0173 registravimo sistemoje bus atnaujinti liepos 10-\u0105j\u0105\u201c, \u2013 ai\u0161kino V. Bubliauskien\u0117.<\/p>\n<p>    <img decoding=\"async\" src=\"https:\/\/www.europesays.com\/lt\/wp-content\/uploads\/2026\/07\/e06d3ffa-ff2b-44fa-a8f9-d9091daecfdd.jpg\" loading=\"lazy\" alt=\"Vasar\u0105 dirba ne visi dar\u017eeliai (asociatyvioji nuotrauka)\"\/>    <\/p>\n<p>Be to, moters pasirinktas dar\u017eelis vasar\u0105 neveikia.<\/p>\n<p>\u201eParei\u0161k\u0117ja vaikui yra parinkusi tik vien\u0105 ikimokyklinio ugdymo \u012fstaig\u0105, kuri yra artimiausia parei\u0161k\u0117jos gyvenamajai vietai. Pasirinkta \u012fstaiga nuo liepos 1 iki rugpj\u016b\u010dio 31 dienos bus u\u017edaryta d\u0117l suplanuot\u0173 remonto darb\u0173\u201c, \u2013 informavo \u0160vietimo skyriaus ved\u0117ja.<\/p>\n<p>Anot jos, vaik\u0173 dar\u017eeliai vasar\u0105 Klaip\u0117doje dirba ne taip, kaip per mokslo metus \u2013 ma\u017eyliai pri\u017ei\u016brimi tik pagal i\u0161ankstin\u012f susitarim\u0105 su t\u0117vais, dalis darbuotoj\u0173 atostogauja, tod\u0117l galimyb\u0117s pri\u017ei\u016br\u0117ti daugiau vaik\u0173 yra ma\u017eesn\u0117s.<\/p>\n<p>\u201eSiekdamos tinkamai suplanuoti grupi\u0173 skai\u010di\u0173 ir u\u017etikrinti saugias vaik\u0173 prie\u017ei\u016bros s\u0105lygas, \u012fstaigos organizuoja i\u0161ankstines t\u0117v\u0173 apklausas d\u0117l vaik\u0173 prie\u017ei\u016bros poreikio vasaros laikotarpiu.<\/p>\n<p>Atkreipiame d\u0117mes\u012f, kad planuojant \u012fstaig\u0173 darb\u0105 vasar\u0105 yra atsi\u017evelgiama \u012f darbuotoj\u0173 teis\u0119 \u012f poils\u012f, tod\u0117l \u012fstaig\u0173 galimyb\u0117s priimti didesn\u012f vaik\u0173 skai\u010di\u0173 \u0161iuo laikotarpiu yra ribotos\u201c, \u2013 teigiama savivaldyb\u0117s atstov\u0117s komentare.<\/p>\n<p>J. Kasperavi\u010dien\u0117 mano, kad veikian\u010di\u0105 sistem\u0105 galima keisti ir apie savo problem\u0105 informavo ne tik savivaldyb\u0119, bet ir mer\u0105.<\/p>\n<p>\u201e\u0160iuo metu esu labai pikta ir nusivylusi, ta\u010diau tikiuosi ir tikiu, jog sistem\u0105 galima tobulinti, kad ji tarnaut\u0173 ir pad\u0117t\u0173 klaip\u0117die\u010diams\u201c, \u2013 teigia ji savo lai\u0161ke.<\/p>\n<p>       <img decoding=\"async\" src=\"https:\/\/www.europesays.com\/lt\/wp-content\/uploads\/2026\/07\/34f182a0-6c5b-11ed-ba31-11f10281721c.jpg\" loading=\"lazy\" alt=\"Klaip\u0117dos miesto savivaldyb\u0117\"\/>    <\/p>\n<p>Vaik\u0173 reikalai \u2013 tarp da\u017eniausi\u0173 problem\u0173<\/p>\n<p>\u012evairi\u0105 pagalb\u0105 planuojantiems i\u0161 emigracijos gr\u012f\u017eti ar jau sugr\u012f\u017eusiems Lietuvos pilie\u010diams teikiantis U\u017esienio reikal\u0173 ministerijos konsultacij\u0173 centras \u201eGr\u012f\u017etu LT\u201c naujien\u0173 portalui VE.lt \u012fvardijo da\u017eniausius i\u0161\u0161\u016bkius, su kuriais susiduria \u012f gimt\u0105j\u0105 \u0161al\u012f i\u0161 u\u017esienio gr\u012f\u017etantys \u017emon\u0117s.<\/p>\n<p>Situacija, \u012f kuri\u0105 pateko J. Kasperavi\u010dien\u0117, \u012f \u0161\u012f s\u0105ra\u0161\u0105 nepateko, ta\u010diau su vaikais susij\u0119 klausimai \u2013 vieni i\u0161 da\u017eniausi\u0173.<\/p>\n<p>\u201eVaik\u0173 integracija \u012f \u0161vietimo sistem\u0105: viena jautriausi\u0173 ir da\u017eniausiai u\u017eduodam\u0173 tem\u0173. Po ilgesnio laiko u\u017esienyje gr\u012f\u017eusiems vaikams da\u017enai prireikia papildomos pagalbos adaptuojantis prie Lietuvos \u0161vietimo sistemos.<\/p>\n<p>Did\u017eiausi sunkumai kyla d\u0117l lietuvi\u0173 kalbos mok\u0117jimo sprag\u0173 bei skirtum\u0173 ugdymo procesuose\u201c, \u2013 teigiama ministerijos komentare.<\/p>\n<p>Jame taip pat nurodoma, kad tarp da\u017eniausi\u0173 i\u0161\u0161\u016bki\u0173 \u2013 susij\u0119 su biurokratiniais procesais.<\/p>\n<p>\u201ePrisitaikymas prie Lietuvos institucij\u0173 veikimo bei darbo kult\u016bros\u201c, \u2013 teigia \u201eGr\u012f\u017etu LT\u201c.<\/p>\n<p>Centre neretai teikiama pagalba individualiais atvejais.<\/p>\n<p>\u201eGr\u012f\u017etu LT\u201c konsultantai da\u017enai rengia i\u0161samius, individualius atsakymus, apiman\u010dius vis\u0105 keli\u0105 \u2013 nuo pasiruo\u0161imo i\u0161vykti i\u0161 u\u017esienio valstyb\u0117s iki pirm\u0173j\u0173 \u017eingsni\u0173 \u012fsik\u016brus Lietuvoje. \u012e konsultacij\u0173 centr\u0105 galima kreiptis \u012fvairiais klausimais: nuo socialin\u0117s apsaugos iki \u0161vietimo ir darbo paie\u0161k\u0173\u201c, \u2013 nurod\u0117 ministerija.<\/p>\n<p>Anot jos, tarp da\u017eniausi\u0173 i\u0161\u0161\u016bki\u0173 gr\u012f\u017eusiems pasitaiko socialin\u0117 ir kult\u016brin\u0117 adaptacija, kai po ilgo gyvenimo u\u017esienyje dalis lietuvi\u0173 patiria atvirk\u0161tin\u012f kult\u016brin\u012f \u0161ok\u0105, sunkum\u0173 atkuriant socialinius ry\u0161ius, laikin\u0105 socialin\u0117s izoliacijos jausm\u0105.<\/p>\n<p>Taip pat kyla klausim\u0173 d\u0117l profesin\u0117s kvalifikacijos ir darbo patirties pripa\u017einimo, nes u\u017esienyje \u012fgyti \u012fg\u016bd\u017eiai ne visada lengvai pritaikomi Lietuvoje, darbo paie\u0161kos, karjeros t\u0119stinumo, u\u017esienie\u010di\u0173 \u0161eimos nari\u0173 integracijos, pilietyb\u0117s atk\u016brimo.<\/p>\n<p>Pastebima, kad vis daugiau gr\u012f\u017eusi\u0173j\u0173 pabr\u0117\u017eia teigiamus poky\u010dius: stipresn\u012f priklausymo Lietuvai jausm\u0105, galimyb\u0119 pritaikyti tarptautin\u0119 patirt\u012f ir glaudesnius \u0161eimos santykius.<\/p>\n","protected":false},"excerpt":{"rendered":"Apie tai naujien\u0173 portalui VE.lt prane\u0161\u0117 J\u016brat\u0117 Kasperavi\u010dien\u0117, \u012f Klaip\u0117d\u0105 bir\u017eelio viduryje sugr\u012f\u017eusi po 14 met\u0173 gyvenimo Vokietijoje.&hellip;\n","protected":false},"author":2,"featured_media":226804,"comment_status":"","ping_status":"","sticky":false,"template":"","format":"standard","meta":{"footnotes":"","_share_on_mastodon":"0"},"categories":[13],"tags":[25,14096,30,31,4647,34,35,24,511,32,33,37,39,36,38,40,23,22,28,29,33987,26,27],"class_list":["post-226803","post","type-post","status-publish","format-standard","has-post-thumbnail","category-lietuva","tag-antrastes","tag-biurokratija","tag-breaking-news","tag-breakingnews","tag-darzelis","tag-featured-news","tag-featurednews","tag-headlines","tag-klaipeda","tag-latest-news","tag-latestnews","tag-lietuva","tag-lietuviu","tag-lithuania","tag-lithuanian","tag-lt","tag-naujienos","tag-news","tag-populiariausios-naujienos","tag-populiariausiosnaujienos","tag-reemigrantai","tag-top-stories","tag-topstories"],"share_on_mastodon":{"url":"https:\/\/pubeurope.com\/@lt\/116907120427399929","error":""},"_links":{"self":[{"href":"https:\/\/www.europesays.com\/lt\/wp-json\/wp\/v2\/posts\/226803","targetHints":{"allow":["GET"]}}],"collection":[{"href":"https:\/\/www.europesays.com\/lt\/wp-json\/wp\/v2\/posts"}],"about":[{"href":"https:\/\/www.europesays.com\/lt\/wp-json\/wp\/v2\/types\/post"}],"author":[{"embeddable":true,"href":"https:\/\/www.europesays.com\/lt\/wp-json\/wp\/v2\/users\/2"}],"replies":[{"embeddable":true,"href":"https:\/\/www.europesays.com\/lt\/wp-json\/wp\/v2\/comments?post=226803"}],"version-history":[{"count":0,"href":"https:\/\/www.europesays.com\/lt\/wp-json\/wp\/v2\/posts\/226803\/revisions"}],"wp:featuredmedia":[{"embeddable":true,"href":"https:\/\/www.europesays.com\/lt\/wp-json\/wp\/v2\/media\/226804"}],"wp:attachment":[{"href":"https:\/\/www.europesays.com\/lt\/wp-json\/wp\/v2\/media?parent=226803"}],"wp:term":[{"taxonomy":"category","embeddable":true,"href":"https:\/\/www.europesays.com\/lt\/wp-json\/wp\/v2\/categories?post=226803"},{"taxonomy":"post_tag","embeddable":true,"href":"https:\/\/www.europesays.com\/lt\/wp-json\/wp\/v2\/tags?post=226803"}],"curies":[{"name":"wp","href":"https:\/\/api.w.org\/{rel}","templated":true}]}}