{"id":226905,"date":"2026-07-12T15:02:34","date_gmt":"2026-07-12T15:02:34","guid":{"rendered":"https:\/\/www.europesays.com\/lt\/226905\/"},"modified":"2026-07-12T15:02:34","modified_gmt":"2026-07-12T15:02:34","slug":"lietuvoje-siuloma-smarkiai-didinti-baudas-uz-viena-pazeidima-grestu-iki-300-euru","status":"publish","type":"post","link":"https:\/\/www.europesays.com\/lt\/226905\/","title":{"rendered":"Lietuvoje si\u016bloma smarkiai didinti baudas: u\u017e vien\u0105 pa\u017eeidim\u0105 gr\u0117st\u0173 iki 300 eur\u0173"},"content":{"rendered":"<p class=\"wp-block-paragraph\">Siekiant\u00a0stiprinti pagarb\u0105 Lietuvos valstybei bei jos simboliams, Seimo narys konservatorius Audronius A\u017eubalis si\u016blo grie\u017etinti atsakomyb\u0119 u\u017e v\u0117liavos nei\u0161k\u0117lim\u0105 valstyb\u0117s \u0161ven\u010di\u0173 dienomis.\u00a0<\/p>\n<p class=\"wp-block-paragraph\">Administracini\u0173 nusi\u017eengim\u0173 kodekso (ANK) pakeitimo projekt\u0105 \u012fregistrav\u0119s parlamentaras si\u016blo de\u0161imteriopai didinti baudas u\u017e v\u0117liav\u0173 i\u0161k\u0117limo tvarkos pa\u017eeidim\u0105. \u00a0<\/p>\n<p class=\"wp-block-paragraph\">Jei <a style=\"font-weight:bold;\" href=\"https:\/\/madeinvilnius.lt\/tema\/seimas\/\" target=\"_blank\" rel=\"nofollow noopener\">Seimas<\/a> pritart\u0173, atsakingi asmenys, pa\u017eeid\u0119 Lietuvos valstyb\u0117s, u\u017esienio valstyb\u0117s, Europos S\u0105jungos (ES) ar tarptautin\u0117s vie\u0161osios organizacijos v\u0117liavos i\u0161k\u0117limo tvark\u0105, gal\u0117t\u0173 susilaukti \u012fsp\u0117jimo arba nuo 100 iki 300 eur\u0173 siekian\u010dios baudos. \u0160iuo metu u\u017e tai gresia baudos nuo 10 iki 30 eur\u0173.<\/p>\n<p class=\"wp-block-paragraph\">Seimo U\u017esienio reikal\u0173 komiteto nario A.A\u017eubalio nuomone, galiojan\u010dios baudos yra per ma\u017eos ir jos nebeatlieka prevencin\u0117s funkcijos. Lietuvos Respublikos v\u0117liavos i\u0161k\u0117limas valstyb\u0117s \u0161ven\u010di\u0173 dienomis, jo teigimu, yra ne vien simbolinis veiksmas, bet ir svarbi pilieti\u0161kumo bei pagarbos valstybei i\u0161rai\u0161ka.\u00a0<\/p>\n<p class=\"wp-block-paragraph\">\u201eMatomas valstyb\u0117s simboli\u0173 naudojimas vie\u0161ojoje erdv\u0117je stiprina tautin\u0119 tapatyb\u0119, visuomen\u0117s solidarum\u0105 ir bendr\u0105 atsakomyb\u0117s u\u017e valstyb\u0117s ateit\u012f jausm\u0105. Tai ypa\u010d aktualu \u0161iandienos geopolitin\u0117je aplinkoje, kai valstyb\u0117s susiduria ne tik su karin\u0117mis, bet ir su informacin\u0117mis bei kitomis hibridin\u0117mis gr\u0117sm\u0117mis, kuri\u0173 tikslas \u2013 silpninti visuomen\u0117s pasitik\u0117jim\u0105 valstybe, jos institucijomis ir skaldyti pilie\u010di\u0173 vienyb\u0119\u201c,\u00a0\u2013 dokumento ai\u0161kinamajame ra\u0161te sako A. A\u017eubalis.<\/p>\n<p class=\"wp-block-paragraph\">Valstyb\u0117s simboli\u0173 demonstravimas per nacionalines \u0161ventes, jo teigimu, \u00a0prisideda prie visuomen\u0117s atsparumo tokioms gr\u0117sm\u0117ms, o s\u0105moningas j\u0173 menkinimas ar demonstratyvi nepagarba valstyb\u0117s \u0161vent\u0117ms ir simboliams gali b\u016bti suvokiami kaip prie\u0161i\u0161kumo valstybei i\u0161rai\u0161ka, skatinanti visuomen\u0117s susiprie\u0161inim\u0105, ma\u017einanti pagarb\u0105 konstitucin\u0117ms vertyb\u0117ms.<\/p>\n<p class=\"wp-block-paragraph\">Grie\u017etinti atsakomyb\u0119 si\u016blo jau nuo \u0161i\u0173 met\u0173 gruod\u017eio\u00a0<\/p>\n<p class=\"wp-block-paragraph\">Rudens Seimo sesijoje planuojamas pateikti ANK pakeitimo projektas numato, kad Lietuvos valstyb\u0117s v\u0117liavos, u\u017esienio valstyb\u0117s, ES ar tarptautin\u0117s vie\u0161osios organizacijos v\u0117liavos i\u0161k\u0117limo tvarkos pa\u017eeidimas u\u017etraukia \u012fsp\u0117jim\u0105 arba baud\u0105 juridini\u0173 asmen\u0173 vadovams, gyvenam\u0173j\u0173 nam\u0173 savininkams arba u\u017e j\u0173 eksploatavimo organizavim\u0105 atsakingiems asmenims nuo 100 iki 120 eur\u0173.\u00a0<\/p>\n<p class=\"wp-block-paragraph\">Valstyb\u0117s ir savivaldybi\u0173 institucij\u0173 ir \u012fstaig\u0173 vadovams ar kitiems atsakingiems asmenims si\u016bloma numatyti nuo 100 iki 160 eur\u0173 baudas.<\/p>\n<p class=\"wp-block-paragraph\">Toks \u00a0administracinis nusi\u017eengimas, padarytas pakartotinai, u\u017etraukt\u0173 baud\u0105 juridini\u0173 asmen\u0173 vadovams, gyvenam\u0173j\u0173 nam\u0173 savininkams arba u\u017e j\u0173 eksploatavimo organizavim\u0105 atsakingiems asmenims nuo 120 iki 160 eur\u0173, o \u00a0valstyb\u0117s ir savivaldybi\u0173 institucij\u0173 ir \u012fstaig\u0173 vadovams ar kitiems atsakingiems asmenims \u2013 nuo 160 iki 300 eur\u0173.<\/p>\n<p class=\"wp-block-paragraph\">Si\u016bloma, kad naujas reguliavimas \u012fsigaliot\u0173 nuo \u0161i\u0173 met\u0173 gruod\u017eio 1 d.\u00a0<\/p>\n<p class=\"wp-block-paragraph\">Pagal galiojant\u012f Valstybin\u0117s v\u0117liavos ir kit\u0173 v\u0117liav\u0173 \u012fstatym\u0105, valstybini\u0173 \u0161ven\u010di\u0173 dienomis Lietuvos valstyb\u0117s v\u0117liava keliama prie, vir\u0161 ar ant valstyb\u0117s ir savivaldybi\u0173 institucij\u0173 bei \u012fstaig\u0173, kit\u0173 \u012fstaig\u0173, \u012fmoni\u0173 ir organizacij\u0173, pastat\u0173, taip pat gyvenam\u0173j\u0173 nam\u0173. I\u0161imtis taikoma tik gyvenamiesiems namams, kuriuose n\u0117ra nuolat gyvenama.\u00a0<\/p>\n<p class=\"wp-block-paragraph\">Jadvyga Bieliavska (ELTA)<\/p>\n","protected":false},"excerpt":{"rendered":"Siekiant\u00a0stiprinti pagarb\u0105 Lietuvos valstybei bei jos simboliams, Seimo narys konservatorius Audronius A\u017eubalis si\u016blo grie\u017etinti atsakomyb\u0119 u\u017e v\u0117liavos nei\u0161k\u0117lim\u0105&hellip;\n","protected":false},"author":2,"featured_media":226906,"comment_status":"","ping_status":"","sticky":false,"template":"","format":"standard","meta":{"footnotes":"","_share_on_mastodon":"0"},"categories":[6],"tags":[25,11430,30,31,34,35,24,32,33,37,39,36,38,40,65,23,22,28,29,26,27],"class_list":["post-226905","post","type-post","status-publish","format-standard","has-post-thumbnail","category-antrastes","tag-antrastes","tag-baudos","tag-breaking-news","tag-breakingnews","tag-featured-news","tag-featurednews","tag-headlines","tag-latest-news","tag-latestnews","tag-lietuva","tag-lietuviu","tag-lithuania","tag-lithuanian","tag-lt","tag-naujiena","tag-naujienos","tag-news","tag-populiariausios-naujienos","tag-populiariausiosnaujienos","tag-top-stories","tag-topstories"],"share_on_mastodon":{"url":"https:\/\/pubeurope.com\/@lt\/116907615736739329","error":""},"_links":{"self":[{"href":"https:\/\/www.europesays.com\/lt\/wp-json\/wp\/v2\/posts\/226905","targetHints":{"allow":["GET"]}}],"collection":[{"href":"https:\/\/www.europesays.com\/lt\/wp-json\/wp\/v2\/posts"}],"about":[{"href":"https:\/\/www.europesays.com\/lt\/wp-json\/wp\/v2\/types\/post"}],"author":[{"embeddable":true,"href":"https:\/\/www.europesays.com\/lt\/wp-json\/wp\/v2\/users\/2"}],"replies":[{"embeddable":true,"href":"https:\/\/www.europesays.com\/lt\/wp-json\/wp\/v2\/comments?post=226905"}],"version-history":[{"count":0,"href":"https:\/\/www.europesays.com\/lt\/wp-json\/wp\/v2\/posts\/226905\/revisions"}],"wp:featuredmedia":[{"embeddable":true,"href":"https:\/\/www.europesays.com\/lt\/wp-json\/wp\/v2\/media\/226906"}],"wp:attachment":[{"href":"https:\/\/www.europesays.com\/lt\/wp-json\/wp\/v2\/media?parent=226905"}],"wp:term":[{"taxonomy":"category","embeddable":true,"href":"https:\/\/www.europesays.com\/lt\/wp-json\/wp\/v2\/categories?post=226905"},{"taxonomy":"post_tag","embeddable":true,"href":"https:\/\/www.europesays.com\/lt\/wp-json\/wp\/v2\/tags?post=226905"}],"curies":[{"name":"wp","href":"https:\/\/api.w.org\/{rel}","templated":true}]}}