{"id":227987,"date":"2026-07-13T19:58:20","date_gmt":"2026-07-13T19:58:20","guid":{"rendered":"https:\/\/www.europesays.com\/lt\/227987\/"},"modified":"2026-07-13T19:58:20","modified_gmt":"2026-07-13T19:58:20","slug":"palangoje-kavineje-chuliganai-puole-pavezeja-ir-lankytojus","status":"publish","type":"post","link":"https:\/\/www.europesays.com\/lt\/227987\/","title":{"rendered":"Palangoje kavin\u0117je chuliganai puol\u0117 pave\u017e\u0117j\u0105 ir lankytojus"},"content":{"rendered":"<p>Incidentas vyko liepos 11 d. apie 18 val. 20 min.<\/p>\n<p>Palangoje, Klaip\u0117dos plente, kavin\u0117je siaut\u0117jo du vyrai, vienas gim\u0119s 1985 m. (blaivum\u0105 tikrintis atsisak\u0117), kitas  \u2013 1987 m.  (\u012fp\u016bt\u0117 2,04 prom.). Pirminiais duomenimis, jie konfliktavo su pave\u017e\u0117ju, po to lauke vyresnysis smog\u0117 pave\u017e\u0117jui. <\/p>\n<p>V\u0117liau jaunesnis chuliganas kavin\u0117s patalpose band\u0117 pulti kitus klientus. Policijos vertinimu, taip jis pa\u017eeid\u0117 visuomen\u0117s rimt\u012f ir tvark\u0105. <\/p>\n<p>Prad\u0117tas vie\u0161osios tvarkos pa\u017eeidimo tyrimas.<\/p>\n","protected":false},"excerpt":{"rendered":"Incidentas vyko liepos 11 d. apie 18 val. 20 min. Palangoje, Klaip\u0117dos plente, kavin\u0117je siaut\u0117jo du vyrai, vienas&hellip;\n","protected":false},"author":2,"featured_media":227988,"comment_status":"","ping_status":"","sticky":false,"template":"","format":"standard","meta":{"footnotes":"","_share_on_mastodon":"0"},"categories":[13],"tags":[25,30,31,34,35,24,32,33,37,39,36,38,40,23,22,2801,28,29,26,27,221],"class_list":["post-227987","post","type-post","status-publish","format-standard","has-post-thumbnail","category-lietuva","tag-antrastes","tag-breaking-news","tag-breakingnews","tag-featured-news","tag-featurednews","tag-headlines","tag-latest-news","tag-latestnews","tag-lietuva","tag-lietuviu","tag-lithuania","tag-lithuanian","tag-lt","tag-naujienos","tag-news","tag-palanga","tag-populiariausios-naujienos","tag-populiariausiosnaujienos","tag-top-stories","tag-topstories","tag-viesosios-tvarkos-pazeidimas"],"share_on_mastodon":{"url":"https:\/\/pubeurope.com\/@lt\/116914441729551756","error":""},"_links":{"self":[{"href":"https:\/\/www.europesays.com\/lt\/wp-json\/wp\/v2\/posts\/227987","targetHints":{"allow":["GET"]}}],"collection":[{"href":"https:\/\/www.europesays.com\/lt\/wp-json\/wp\/v2\/posts"}],"about":[{"href":"https:\/\/www.europesays.com\/lt\/wp-json\/wp\/v2\/types\/post"}],"author":[{"embeddable":true,"href":"https:\/\/www.europesays.com\/lt\/wp-json\/wp\/v2\/users\/2"}],"replies":[{"embeddable":true,"href":"https:\/\/www.europesays.com\/lt\/wp-json\/wp\/v2\/comments?post=227987"}],"version-history":[{"count":0,"href":"https:\/\/www.europesays.com\/lt\/wp-json\/wp\/v2\/posts\/227987\/revisions"}],"wp:featuredmedia":[{"embeddable":true,"href":"https:\/\/www.europesays.com\/lt\/wp-json\/wp\/v2\/media\/227988"}],"wp:attachment":[{"href":"https:\/\/www.europesays.com\/lt\/wp-json\/wp\/v2\/media?parent=227987"}],"wp:term":[{"taxonomy":"category","embeddable":true,"href":"https:\/\/www.europesays.com\/lt\/wp-json\/wp\/v2\/categories?post=227987"},{"taxonomy":"post_tag","embeddable":true,"href":"https:\/\/www.europesays.com\/lt\/wp-json\/wp\/v2\/tags?post=227987"}],"curies":[{"name":"wp","href":"https:\/\/api.w.org\/{rel}","templated":true}]}}