{"id":228052,"date":"2026-07-13T22:12:27","date_gmt":"2026-07-13T22:12:27","guid":{"rendered":"https:\/\/www.europesays.com\/lt\/228052\/"},"modified":"2026-07-13T22:12:27","modified_gmt":"2026-07-13T22:12:27","slug":"alijevas-azerbaidzanas-buvo-ssrs-kolonija","status":"publish","type":"post","link":"https:\/\/www.europesays.com\/lt\/228052\/","title":{"rendered":"Alijevas: Azerbaid\u017eanas buvo SSRS kolonija"},"content":{"rendered":"<p>\u201eXIX am\u017eiuje buvome kolonizuoti. V\u0117liau priklaus\u0117me Taryb\u0173 S\u0105jungai, kurioje nepriklausomyb\u0117s netur\u0117jome. Buvome SSRS dalis, respublika, taip, bet be joki\u0173 teisi\u0173. M\u016bs\u0173 istorin\u0117je atmintyje i\u0161liko supratimas, k\u0105 rei\u0161kia b\u016bti kolonija, o v\u0117liau tapti laisva valstybe\u201c, \u2013 kalb\u0117damas IV \u0160u\u0161ino pasauliniame \u017einiasklaidos forume sak\u0117 I. Alijevas.<\/p>\n<p>Pasak jo, sovietme\u010diu i\u0161 Azerbaid\u017eano buvo \u201ei\u0161ve\u017eti milijardai ton\u0173 naftos\u201c, ta\u010diau po SSRS \u017elugimo \u0161alis susid\u016br\u0117 su elektros energijos tr\u016bkumu ir iki \u0161iol yra priversta \u0161alinti intensyvios naftos gavybos padaryt\u0105 ekologin\u0119 \u017eal\u0105.<\/p>\n<p>I. Alijevas taip pat pa\u017eym\u0117jo, kad po 1991 met\u0173 daugelis Rusijoje prognozavo greit\u0105 buvusi\u0173 S\u0105jungos respublik\u0173 \u017elugim\u0105, sakydami, kad jos nesugeba pasir\u016bpinti pa\u010dios savimi, ta\u010diau \u0161ios prognoz\u0117s nepasitvirtino. \u201eVisos jos gyvena normal\u0173 gyvenim\u0105\u201c, \u2013 sak\u0117 jis, pridurdamas, kad pats Azerbaid\u017eanas per 30 nepriklausomyb\u0117s met\u0173 tapo \u201evidutinio dyd\u017eio valstybe\u201c.<\/p>\n<p>I. Alijevas tokius sovietinio laikotarpio vertinimus i\u0161sako ne pirm\u0105 kart\u0105. Anks\u010diau jis yra sak\u0119s, kad Azerbaid\u017eanas \u012f SSRS sud\u0117t\u012f pateko d\u0117l okupacijos, tvirtindamas, kad tai sutrukd\u0117 respublikai tapti visaverte demokratine valstybe.<\/p>\n","protected":false},"excerpt":{"rendered":"\u201eXIX am\u017eiuje buvome kolonizuoti. V\u0117liau priklaus\u0117me Taryb\u0173 S\u0105jungai, kurioje nepriklausomyb\u0117s netur\u0117jome. Buvome SSRS dalis, respublika, taip, bet be&hellip;\n","protected":false},"author":2,"featured_media":228053,"comment_status":"","ping_status":"","sticky":false,"template":"","format":"standard","meta":{"footnotes":"","_share_on_mastodon":"0"},"categories":[15],"tags":[25,466,30,31,3346,34,35,24,4977,32,33,37,39,36,38,40,23,22,44,28,29,26,27,74,75,76],"class_list":["post-228052","post","type-post","status-publish","format-standard","has-post-thumbnail","category-pasaulis","tag-antrastes","tag-azerbaidzanas","tag-breaking-news","tag-breakingnews","tag-elta-uzsienio-naujiena","tag-featured-news","tag-featurednews","tag-headlines","tag-ilhamas-alijevas","tag-latest-news","tag-latestnews","tag-lietuva","tag-lietuviu","tag-lithuania","tag-lithuanian","tag-lt","tag-naujienos","tag-news","tag-pasaulis","tag-populiariausios-naujienos","tag-populiariausiosnaujienos","tag-top-stories","tag-topstories","tag-world","tag-world-news","tag-worldnews"],"share_on_mastodon":{"url":"https:\/\/pubeurope.com\/@lt\/116914968462908827","error":""},"_links":{"self":[{"href":"https:\/\/www.europesays.com\/lt\/wp-json\/wp\/v2\/posts\/228052","targetHints":{"allow":["GET"]}}],"collection":[{"href":"https:\/\/www.europesays.com\/lt\/wp-json\/wp\/v2\/posts"}],"about":[{"href":"https:\/\/www.europesays.com\/lt\/wp-json\/wp\/v2\/types\/post"}],"author":[{"embeddable":true,"href":"https:\/\/www.europesays.com\/lt\/wp-json\/wp\/v2\/users\/2"}],"replies":[{"embeddable":true,"href":"https:\/\/www.europesays.com\/lt\/wp-json\/wp\/v2\/comments?post=228052"}],"version-history":[{"count":0,"href":"https:\/\/www.europesays.com\/lt\/wp-json\/wp\/v2\/posts\/228052\/revisions"}],"wp:featuredmedia":[{"embeddable":true,"href":"https:\/\/www.europesays.com\/lt\/wp-json\/wp\/v2\/media\/228053"}],"wp:attachment":[{"href":"https:\/\/www.europesays.com\/lt\/wp-json\/wp\/v2\/media?parent=228052"}],"wp:term":[{"taxonomy":"category","embeddable":true,"href":"https:\/\/www.europesays.com\/lt\/wp-json\/wp\/v2\/categories?post=228052"},{"taxonomy":"post_tag","embeddable":true,"href":"https:\/\/www.europesays.com\/lt\/wp-json\/wp\/v2\/tags?post=228052"}],"curies":[{"name":"wp","href":"https:\/\/api.w.org\/{rel}","templated":true}]}}