{"id":228078,"date":"2026-07-14T02:49:21","date_gmt":"2026-07-14T02:49:21","guid":{"rendered":"https:\/\/www.europesays.com\/lt\/228078\/"},"modified":"2026-07-14T02:49:21","modified_gmt":"2026-07-14T02:49:21","slug":"sinoptiku-prognoze-savaitei-plustels-siluma-respublika","status":"publish","type":"post","link":"https:\/\/www.europesays.com\/lt\/228078\/","title":{"rendered":"Sinoptik\u0173 prognoz\u0117 savaitei: pl\u016bstels \u0161iluma &#8211; Respublika"},"content":{"rendered":"<ol>\n<li><a href=\"https:\/\/news.google.com\/rss\/articles\/CBMiswFBVV95cUxPQjR5M05TSjUwWVN5LXUtaHd2Sm5vYkJMMENDMVJBVzhyWkVZLWFMRzVsUEtyRUl0Vk5XcHc3RXNORE4tdlRINnlHUXlZbG9FaW44R0toLWo2bjRweTk0SVplTlBJM0hKQVVCUEdlQnFfazdhU0ZGUWZOYjNzOS1yNllzQ1ZhOW5DYzkxSndqMFJlTldQSUNKQnQ3aklpUnpsRThtblNfUlNSM2QxZzVLbk9sZw?oc=5\" target=\"_blank\" rel=\"nofollow noopener\">Sinoptik\u0173 prognoz\u0117 savaitei: pl\u016bstels \u0161iluma<\/a>&nbsp;&nbsp;Respublika<\/li>\n<li><a href=\"https:\/\/news.google.com\/rss\/articles\/CBMimgFBVV95cUxOYkVKTWgzMTZSYUdtMU9PcVlUUFNNbEIwVVg4bTJiV3JlSUk0VnpWeHEtaGtKSksyV2ZVZVE0MkZuelJnYjVFd015UUhQamtOd0RBc05oX2VBTVJ2dzBDR1hfVWFsVEk1Rk5YSmU3NjVtLVM5UlFWVlRzQ3ZFcldYYng5TVl5NERoY3hNM1NMNER1cE9vckpHMURB?oc=5\" target=\"_blank\" rel=\"nofollow noopener\">Ilgai laukta \u017einia: \u012f Lietuv\u0105 gr\u012f\u017eta tikra vasara<\/a>&nbsp;&nbsp;Delfi<\/li>\n<li><a href=\"https:\/\/news.google.com\/rss\/articles\/CBMiqgFBVV95cUxONTJZWVF4RVVtWF84MWtncUkxRTBkMnNVZElUNVpjN1VySXZpX2lMbHNCaVlMNkcwVHREUWo2UjlIOEVVeGFhVS1XT0hCRHphNUY4bUtaaC1HQTVWMTQ2OURQS1ZVcTU2eGdJcWVVQ21MMDVHazVkYXVRMmVCRGtmZFJMN2hadTRYVTFUZ2doYkotZGRlWVVyUy1PVTItRldSV2hCaFpCZkw0UQ?oc=5\" target=\"_blank\" rel=\"nofollow noopener\">Jau ai\u0161ku, kada baigsis li\u016btys: \u012f Lietuv\u0105 v\u0117l ver\u017eiasi kar\u0161\u010diai<\/a>&nbsp;&nbsp;tv3.lt<\/li>\n<li><a href=\"https:\/\/news.google.com\/rss\/articles\/CBMi0gFBVV95cUxObDhMZDVMclJyZkxmTGpUUXBDQzRmOGY4OHFFWmJzRmlpaUE2NlJveUVLNGFON1RfYWUtb2s2MGg1cFBHaW9mUGptdS1lTTVsM3dHTlFUdUMtVU1Nc2lpMFBLOGV1LXRsem5jY0Y0R3hfUWZDV2l1MTk5WF9nbV9vbmJ6eV9DbWV2dW1FSVJhZlBNb2JoMU9kMFBsekhFSngwbWxUakU4TEIyQU1lcVVROFlMWE93bWJXRm1hSVZQZEpjQzUxYl9kenphLUY0b0oyWkE?oc=5\" target=\"_blank\" rel=\"nofollow noopener\">Sinoptik\u0117 apie gr\u012f\u017etan\u010di\u0105 vasar\u0105: termometr\u0173 stulpeliai \u0161oktel\u0117s iki 28 laipsni\u0173 \u0161ilumos<\/a>&nbsp;&nbsp;LRT<\/li>\n<li><a href=\"https:\/\/news.google.com\/rss\/articles\/CBMikgFBVV95cUxQSzdaX0hLbldQUkFEQ1FVWmRkZEllVF9tY3VpWTVyM2VhR0VfN2tUMFloNnRrc3phRzRfRWt6aVpCVWdJZDh2VFpPMVFWNlp5X1N5VG9Xa3FjSkdMaVhSbzUtWFBVMC1HV3pHMGgwWElnVkJHZWR2Yk9qQ0tIWF9QQzRpaWdfRmsyV2xWZktCXzNpZw?oc=5\" target=\"_blank\" rel=\"nofollow noopener\">Sinoptik\u0117 turi ger\u0105 ir dar geresn\u0119 \u017eini\u0105<\/a>&nbsp;&nbsp;KaunoDiena.lt<\/li>\n<\/ol>\n","protected":false},"excerpt":{"rendered":"Sinoptik\u0173 prognoz\u0117 savaitei: pl\u016bstels \u0161iluma&nbsp;&nbsp;Respublika Ilgai laukta \u017einia: \u012f Lietuv\u0105 gr\u012f\u017eta tikra vasara&nbsp;&nbsp;Delfi Jau ai\u0161ku, kada baigsis li\u016btys:&hellip;\n","protected":false},"author":2,"featured_media":228079,"comment_status":"","ping_status":"","sticky":false,"template":"","format":"standard","meta":{"footnotes":"","_share_on_mastodon":"0"},"categories":[6],"tags":[25,30,31,4160,34,35,24,32,33,657,3260,37,39,36,38,40,23,22,260,28,29,487,3253,658,654,26,27,7996],"class_list":["post-228078","post","type-post","status-publish","format-standard","has-post-thumbnail","category-antrastes","tag-antrastes","tag-breaking-news","tag-breakingnews","tag-ciklonas","tag-featured-news","tag-featurednews","tag-headlines","tag-latest-news","tag-latestnews","tag-lhmt","tag-lietus","tag-lietuva","tag-lietuviu","tag-lithuania","tag-lithuanian","tag-lt","tag-naujienos","tag-news","tag-orai","tag-populiariausios-naujienos","tag-populiariausiosnaujienos","tag-prognoze","tag-siluma","tag-sinoptikai","tag-temperatura","tag-top-stories","tag-topstories","tag-vejas"],"share_on_mastodon":{"url":"https:\/\/pubeurope.com\/@lt\/116916057719439001","error":""},"_links":{"self":[{"href":"https:\/\/www.europesays.com\/lt\/wp-json\/wp\/v2\/posts\/228078","targetHints":{"allow":["GET"]}}],"collection":[{"href":"https:\/\/www.europesays.com\/lt\/wp-json\/wp\/v2\/posts"}],"about":[{"href":"https:\/\/www.europesays.com\/lt\/wp-json\/wp\/v2\/types\/post"}],"author":[{"embeddable":true,"href":"https:\/\/www.europesays.com\/lt\/wp-json\/wp\/v2\/users\/2"}],"replies":[{"embeddable":true,"href":"https:\/\/www.europesays.com\/lt\/wp-json\/wp\/v2\/comments?post=228078"}],"version-history":[{"count":0,"href":"https:\/\/www.europesays.com\/lt\/wp-json\/wp\/v2\/posts\/228078\/revisions"}],"wp:featuredmedia":[{"embeddable":true,"href":"https:\/\/www.europesays.com\/lt\/wp-json\/wp\/v2\/media\/228079"}],"wp:attachment":[{"href":"https:\/\/www.europesays.com\/lt\/wp-json\/wp\/v2\/media?parent=228078"}],"wp:term":[{"taxonomy":"category","embeddable":true,"href":"https:\/\/www.europesays.com\/lt\/wp-json\/wp\/v2\/categories?post=228078"},{"taxonomy":"post_tag","embeddable":true,"href":"https:\/\/www.europesays.com\/lt\/wp-json\/wp\/v2\/tags?post=228078"}],"curies":[{"name":"wp","href":"https:\/\/api.w.org\/{rel}","templated":true}]}}