{"id":228182,"date":"2026-07-14T06:08:19","date_gmt":"2026-07-14T06:08:19","guid":{"rendered":"https:\/\/www.europesays.com\/lt\/228182\/"},"modified":"2026-07-14T06:08:19","modified_gmt":"2026-07-14T06:08:19","slug":"rusija-policija-sueme-borisa-nadezdina-respublika-lt","status":"publish","type":"post","link":"https:\/\/www.europesays.com\/lt\/228182\/","title":{"rendered":"Rusija: policija su\u0117m\u0117 Boris\u0105 Nade\u017edin\u0105 &#8211; Respublika.lt"},"content":{"rendered":"<p><img loading=\"lazy\" decoding=\"async\" src=\"https:\/\/www.respublika.lt\/lt\/naujienos\/pasaulis\/pasaulio_politika\/rusija-policija-sueme-borisa-nadezdina\/images\/ico_camera_white.gif\" class=\"camera\" width=\"22\" height=\"15\" alt=\"nuotr.\" style=\"position:relative; top:-2px; right:2px;\"\/> 1 nuotr.<\/p>\n<p>Borisas Nade\u017edinas. EPA-Eltos nuotr.<\/p>\n<p style=\"text-align: justify;\" class=\"desktop_banner\">\u00a0<\/p>\n<p style=\"text-align: left;\">\u00a0<\/p>\n<p style=\"text-align: left;\">63 met\u0173 Borisas Nade\u017edinas Rusijoje i\u0161gars\u0117jo 2024 m., kai netik\u0117tai sulauk\u0117 paramos kandidatuoti prie\u0161 V. Putin\u0105 t\u0173 met\u0173 prezidento rinkimuose.<\/p>\n<p style=\"text-align: left;\">Po neilgai trukusios kampanijos jam tai buvo u\u017edrausta.<\/p>\n<p style=\"text-align: left;\">Jis yra vienas i\u0161 nedaugelio V. Putino kritik\u0173, vie\u0161ai kritikuojan\u010di\u0173 jo valdym\u0105 ir Maskvos kar\u0105 Ukrainoje, vis dar esan\u010di\u0173 Rusijoje ir ne\u012fki\u0161t\u0173 \u012f kal\u0117jim\u0105.<\/p>\n<p style=\"text-align: left;\">\u201eAtvyko policija\u201c, \u2013 per \u201eTelegram\u201c prane\u0161\u0117 B. Nade\u017edinas. V\u0117liau jis paskelb\u0117 dokument\u0105, kuriame teigiama, kad jam pareik\u0161ti kaltinimai d\u0117l \u201eekstremistini\u0173 simboli\u0173 demonstravimo\u201c 2023 m. vaizdo \u012fra\u0161e, kuriame buvo velionio opozicijos lyderio Aleksejaus Navalno nuotrauka.<\/p>\n<p style=\"text-align: left;\">A. Navalnas mir\u0117 kal\u0117jime Arktyje 2024 m. vasar\u012f, prie\u0161 pat prezidento rinkimus.<\/p>\n<p style=\"text-align: left;\">Advokatas Rusijos nepriklausomai \u017einiasklaidai sak\u0117, kad v\u0117liau pirmadien\u012f B. Nade\u017edinas bus atvestas \u012f teism\u0105.\u00a0<\/p>\n<p style=\"text-align: left;\">B. Nade\u017edinas suimtas po trij\u0173 dien\u0173, kai vald\u017eia paskelb\u0117 j\u012f \u201eu\u017esienio agentu\u201c.<\/p>\n<p style=\"text-align: left;\">\u0160\u012f apib\u016bdinim\u0105 Kremlius naudoja, kad nuslopint\u0173 nepritarim\u0105.\u00a0<\/p>\n<p style=\"text-align: left;\">B. Nade\u017edinas rinko para\u0161us, kad gal\u0117t\u0173 u\u017esiregistruoti kaip kandidatas \u012f parlamento \u017eemuosius r\u016bmus per rinkimus rugs\u0117j\u012f.<\/p>\n<p style=\"text-align: left;\">Balsavimas vyks penktaisiais karo metais, kai Ukrainos sm\u016bgiai labiau nei bet kada anks\u010diau paveik\u0117 \u012fprast\u0105 gyvenim\u0105.\u00a0<\/p>\n<p style=\"text-align: left;\">Pra\u0117jusi\u0105 savait\u0119 B. Nade\u017edinas parei\u0161k\u0117, kad priskyrimas \u201eu\u017esienio agentams\u201c nesutrukdys jam rinkti para\u0161\u0173 ir kad jis planuoja teisme u\u017egin\u010dyti \u0161i\u0105 \u201eidioti\u0161k\u0105\u201c \u017eym\u0105.\u00a0<\/p>\n<p style=\"text-align: left;\">\u201eEsu vienintelis opozicinis nepriklausomas kandidatas Rusijoje, renkantis para\u0161us, kad gal\u0117\u010diau dalyvauti rinkimuose\u201c, \u2013 sak\u0117 jis vaizdo \u012fra\u0161e \u201eYouTube\u201c, planuodamas kandidatuoti \u0161iauriniame Maskvos priemiestyje.\u00a0<\/p>\n<p style=\"text-align: left;\">Vaizdo \u012fra\u0161e jis tiesiogiai kritikavo V. Putin\u0105.\u00a0<\/p>\n<p style=\"text-align: left;\">\u201eKaro padariniai akivaizd\u016bs visiems\u201c, \u2013 sak\u0117 jis ir pamin\u0117jo benzino kriz\u0119, kuri\u0105 suk\u0117l\u0117 Ukrainos dron\u0173 sm\u016bgiai, ir kylan\u010dias kainas.\u00a0<\/p>\n<p style=\"text-align: left;\">\u201eKursas, kuriuo Putinas veda \u0161al\u012f visus \u0161iuos metus, 25 jo valdymo metus, yra militarizacijos, izoliacionizmo ir autoritarizmo kelias\u201c, \u2013 sak\u0117 B. Nade\u017edinas ir prid\u016br\u0117, kad \u0161is kelias veda \u012f chaos\u0105 ir, \u201eneduok Dieve\u201c, \u012f 1917 m. pavyzd\u017eio revoliucij\u0105.\u00a0<\/p>\n<p style=\"text-align: left;\">V. Putinas paskelb\u0117, kad parlamento rinkimai vyks rugs\u0117jo 20 dien\u0105.<\/p>\n","protected":false},"excerpt":{"rendered":"1 nuotr. Borisas Nade\u017edinas. EPA-Eltos nuotr. \u00a0 \u00a0 63 met\u0173 Borisas Nade\u017edinas Rusijoje i\u0161gars\u0117jo 2024 m., kai netik\u0117tai&hellip;\n","protected":false},"author":2,"featured_media":228183,"comment_status":"","ping_status":"","sticky":false,"template":"","format":"standard","meta":{"footnotes":"","_share_on_mastodon":"0"},"categories":[15],"tags":[25,30,31,34,35,24,1211,3332,32,33,37,39,36,38,40,34138,23,22,1137,738,44,28,29,2370,340,119,26,27,360,74,75,76],"class_list":["post-228182","post","type-post","status-publish","format-standard","has-post-thumbnail","category-pasaulis","tag-antrastes","tag-breaking-news","tag-breakingnews","tag-featured-news","tag-featurednews","tag-headlines","tag-kremlius","tag-kritika","tag-latest-news","tag-latestnews","tag-lietuva","tag-lietuviu","tag-lithuania","tag-lithuanian","tag-lt","tag-nadezdinas","tag-naujienos","tag-news","tag-opozicija","tag-parlamentas","tag-pasaulis","tag-populiariausios-naujienos","tag-populiariausiosnaujienos","tag-putinas","tag-rinkimai","tag-rusija","tag-top-stories","tag-topstories","tag-ukraina","tag-world","tag-world-news","tag-worldnews"],"share_on_mastodon":{"url":"https:\/\/pubeurope.com\/@lt\/116916840977422164","error":""},"_links":{"self":[{"href":"https:\/\/www.europesays.com\/lt\/wp-json\/wp\/v2\/posts\/228182","targetHints":{"allow":["GET"]}}],"collection":[{"href":"https:\/\/www.europesays.com\/lt\/wp-json\/wp\/v2\/posts"}],"about":[{"href":"https:\/\/www.europesays.com\/lt\/wp-json\/wp\/v2\/types\/post"}],"author":[{"embeddable":true,"href":"https:\/\/www.europesays.com\/lt\/wp-json\/wp\/v2\/users\/2"}],"replies":[{"embeddable":true,"href":"https:\/\/www.europesays.com\/lt\/wp-json\/wp\/v2\/comments?post=228182"}],"version-history":[{"count":0,"href":"https:\/\/www.europesays.com\/lt\/wp-json\/wp\/v2\/posts\/228182\/revisions"}],"wp:featuredmedia":[{"embeddable":true,"href":"https:\/\/www.europesays.com\/lt\/wp-json\/wp\/v2\/media\/228183"}],"wp:attachment":[{"href":"https:\/\/www.europesays.com\/lt\/wp-json\/wp\/v2\/media?parent=228182"}],"wp:term":[{"taxonomy":"category","embeddable":true,"href":"https:\/\/www.europesays.com\/lt\/wp-json\/wp\/v2\/categories?post=228182"},{"taxonomy":"post_tag","embeddable":true,"href":"https:\/\/www.europesays.com\/lt\/wp-json\/wp\/v2\/tags?post=228182"}],"curies":[{"name":"wp","href":"https:\/\/api.w.org\/{rel}","templated":true}]}}