{"id":228184,"date":"2026-07-14T06:09:12","date_gmt":"2026-07-14T06:09:12","guid":{"rendered":"https:\/\/www.europesays.com\/lt\/228184\/"},"modified":"2026-07-14T06:09:12","modified_gmt":"2026-07-14T06:09:12","slug":"vagi-sulaikes-apsaugininkas-klaipedoje-vos-netapo-auka","status":"publish","type":"post","link":"https:\/\/www.europesays.com\/lt\/228184\/","title":{"rendered":"Vag\u012f sulaik\u0119s apsaugininkas Klaip\u0117doje vos netapo auka"},"content":{"rendered":"<p>Klaip\u0117dos apygardos teisme jubiliejin\u012f \u2013 de\u0161imt\u0105j\u012f \u2013 nuosprend\u012f i\u0161klaus\u0117 neseniai 63-i\u0105j\u012f gimtadien\u012f b\u016bdamas suimtas ir belang\u0117je pamin\u0117j\u0119s klaip\u0117dietis Vilmantas Pliv\u0117.<\/p>\n<p>Devynis kartus prie\u0161 tai jau teist\u0105 pavojing\u0105 <a rel=\"noopener nofollow\" target=\"_blank\" href=\"https:\/\/www.delfi.lt\/temos\/recidyvistas\" tag-id=\"64555166\">recidyvist\u0105<\/a>, prie\u0161 15 met\u0173 pasik\u0117sinus\u012f gyvus sudeginti du brolius benamius, Temid\u0117 v\u0117l ilgam pasiunt\u0117 u\u017e grot\u0173.<\/p>\n<p>Nuolatin\u0117s gyvenamosios vietos neturintis klaip\u0117dietis pripa\u017eintas kaltu d\u0117l pasik\u0117sinimo nu\u017eudyti \u017emog\u0173 d\u0117l chuligani\u0161k\u0173 paskat\u0173. U\u017e tai jam skirta 14 met\u0173 ir 3 m\u0117nesi\u0173 laisv\u0117s at\u0117mimo bausm\u0117.<\/p>\n<p>Valstyb\u0117s kaltintojas Klaip\u0117dos apygardos prokurat\u016bros Baud\u017eiamojo persekiojimo skyriaus prokuroras Ar\u016bnas Saunorius pra\u0161\u0117 kaltinamajam paskirti didesn\u0119 bausm\u0119 nei sankcijoje numatytos laisv\u0117s at\u0117mimo bausm\u0117s vidurkis \u2013 16 met\u0173 laisv\u0117s at\u0117mimo, nes nusikaltim\u0105 padar\u0117 pavojingas recidyvistas.<\/p>\n<p>Baud\u017eiamajame kodekse nustatyta, kad pavojingam recidyvistui u\u017e ty\u010din\u012f nusikaltim\u0105 skiriama grie\u017etesn\u0117 negu straipsnio sankcijoje u\u017e padaryt\u0105 nusikaltim\u0105 nustatytos laisv\u0117s at\u0117mimo bausm\u0117s vidurkis bausm\u0117.<\/p>\n<p>I\u0161 V. Pliv\u0117s valstybei priteisti 333,33 Eur procesini\u0173 i\u0161laid\u0173 u\u017e nukent\u0117jusiajam suteikt\u0105 antrin\u0119 teisin\u0119 pagalb\u0105.<\/p>\n<p>    <img decoding=\"async\" src=\"https:\/\/www.europesays.com\/lt\/wp-content\/uploads\/2026\/07\/4bab6355-e616-4d4a-87e5-b32fa6719e07.jpg\" loading=\"lazy\" alt=\"Temid\u0117\"\/>      <\/p>\n<p>Suma\u017eino per pus\u0119<\/p>\n<p>Teis\u0117j\u0173 kolegija nukent\u0117jusiojo pareik\u0161t\u0105 civilin\u012f ie\u0161kin\u012f tenkino i\u0161 dalies. I\u0161 V. Pliv\u0117s mirties i\u0161vengusiam vyrui priteistas 500 eur\u0173 neturtin\u0117s \u017ealos atlyginimas.<\/p>\n<p>Pastarasis pra\u0161\u0117 jam priteisti 1000 eur\u0173. Tikino, kad V. Pliv\u0117s elgesys labai i\u0161g\u0105sdino, nusikaltimo metu patyr\u0117 didel\u012f stres\u0105, vis\u0105 dien\u0105 negal\u0117jo nusiraminti. V\u0117liau prasid\u0117jo galvos skausmai, nakt\u012f negal\u0117jo u\u017emigti, nusiraminti, jaut\u0117 stres\u0105, baim\u0119 ir prad\u0117jo gerti raminamuosius vaistus.<\/p>\n<p>Teisme vyras patvirtino, jog po \u012fvykio darb\u0105 toliau t\u0119s\u0117, nemalon\u016bs i\u0161gyvenimai truko apie savait\u0119.<\/p>\n<p>Apsivog\u0117 \u201eAkropolyje\u201c<\/p>\n<p>\u0160i\u0173 met\u0173 baland\u017eio 1-osios vakar\u0105 nusikaltimas \u012fvykdytas uostamies\u010dio Taikos prospekte \u012fsik\u016brusiame prekybos ir pramog\u0173 centre \u201eAkropolis\u201c. Apsaugos darbuotojai pro kasas jau i\u0161\u0117jus\u012f girt\u0105 (1,39 prom.) V. Pliv\u0119 sulaik\u0117 \u012ftar\u0119 vagyste.<\/p>\n<p>V. Pliv\u0117 sumok\u0117jo u\u017e mineralinio vandens ir alaus butelius, ta\u010diau band\u0117 pavogti du butelius degtin\u0117s.<\/p>\n<p>Pavog\u0117 ir peil\u012f, kurio gele\u017et\u0117s ilgis 122 mm, plotis 23 mm, o rankenos ilgis 112 mm. V\u0117liau tikino, kad jam jo labai reik\u0117jo nakvyn\u0117s namuose, kuriuose gyveno.<\/p>\n<p>Dar b\u016bdamas parduotuv\u0117je peil\u012f i\u0161pakavo, kad \u012fsitikint\u0173 jo a\u0161trumu.<\/p>\n<p>Tr\u016bko tik sekund\u0117s<\/p>\n<p>Nuvestas \u012f prekybos centro apsaugos patalp\u0105, kurioje pildyti dokumentai d\u0117l vagyst\u0117s, V. Pliv\u0117 necenz\u016briniais \u017eod\u017eiais \u012f\u017eeidin\u0117jo vien\u0105 <a rel=\"noopener nofollow\" target=\"_blank\" href=\"https:\/\/www.delfi.lt\/temos\/apsaugininkas\" tag-id=\"64315694\">apsauginink\u0105<\/a>, grasino nupjauti jo galv\u0105 bei nu\u017eudyti.<\/p>\n<p>\u0160is \u012f grasinimus nereagavo. S\u0117d\u0117jo ir tyl\u0117damas \u017ei\u016br\u0117jo \u012f monitori\u0173, stebdamas kas vyksta prekybos centre.<\/p>\n<p>Netrukus V. Pliv\u0117 papra\u0161\u0117 pasinaudoti tualetu ir v\u0117liau nukent\u0117jusiuoju pripa\u017einto apsaugininko kolega j\u012f nuved\u0117.<\/p>\n<p>Gr\u012f\u017e\u0119s \u012f post\u0105 V. Pliv\u0117 \u0117jo pro nugara \u012f j\u012f prie monitoriaus s\u0117d\u0117jus\u012f apsauginink\u0105, toliau j\u012f \u012f\u017eeidin\u0117jo ir grasino susidorojimu.<\/p>\n<p>Staiga V. Pliv\u0117 kaire ranka i\u0161 pasal\u0173 grieb\u0117 nieko ne\u012ftarian\u010diam vyrui u\u017e kaklo, o kita ranka i\u0161 striuk\u0117s vidin\u0117s ki\u0161en\u0117s i\u0161sitrauk\u0117 peil\u012f bei prid\u0117jo prie apsaugininko kaklo.<\/p>\n<p>\u012evykio liudytoj\u0173 teigimu, iki \u017emogaus gyvyb\u0117s at\u0117mimo tr\u016bko tik akimirkos.<\/p>\n<p>\u201eBe dingsties, tai yra d\u0117l chuligani\u0161k\u0173 paskat\u0173, tur\u0117damas tiksl\u0105 peiliu smogti nukent\u0117jusiajam, tai yra nu\u017eudyti, kaire ranka apgl\u0117b\u0117 s\u0117din\u010dio apsaugininko kakl\u0105, o de\u0161ine ranka u\u017esimojo peiliu jam smogti\u201c, \u2013 konstatavo teismas.<\/p>\n<p>Nukent\u0117jusysis aktyviai pasiprie\u0161ino \u2013 sugrieb\u0117 u\u017e kair\u0117s rankos ir i\u0161silaisvino.<\/p>\n<p>Kartu buv\u0119s kitas apsaugininkas sugrieb\u0117 V. Plivei u\u017e de\u0161in\u0117s rankos, kurioje jis laik\u0117 peil\u012f, j\u0105 u\u017elau\u017e\u0117, tod\u0117l jis peil\u012f i\u0161met\u0117.<\/p>\n<p>U\u017elau\u017e\u0119 V. Plivei rankas, apsaugininkai u\u017ed\u0117jo antrankius ir i\u0161kviet\u0117 policij\u0105.<\/p>\n<p>Kol atvyko patruliai, V. Pliv\u0117 nenustojo grasinti, kad tikrai apsaugininkui nupjaus galv\u0105.<\/p>\n<p>Pareig\u016bnai girt\u0105 \u012ftariam\u0105j\u012f sulaik\u0117 ir u\u017edar\u0117 \u012f Klaip\u0117dos apskrities VPK are\u0161tin\u0119.<\/p>\n<p>    <img decoding=\"async\" src=\"https:\/\/www.europesays.com\/lt\/wp-content\/uploads\/2026\/07\/2288938a-6ab0-4f10-81ae-911219ac18e1.jpg\" loading=\"lazy\" alt=\"Teismas\"\/>      <\/p>\n<p>Tikslas \u2013 nu\u017eudyti<\/p>\n<p><a rel=\"noopener nofollow\" target=\"_blank\" href=\"https:\/\/www.delfi.lt\/temos\/klaipeda\" tag-id=\"39307167\">Klaip\u0117dos<\/a> apygardos teismo Baud\u017eiam\u0173j\u0173 byl\u0173 skyriaus teis\u0117j\u0173 kolegija konstatavo, kad V. Pliv\u0117 apsaugininko nenu\u017eud\u0117, tai yra nusikaltimo nebaig\u0117 d\u0117l prie\u017eas\u010di\u0173, nepriklausan\u010di\u0173 nuo jo valios.<\/p>\n<p>\u201eVertindama byloje surinktus \u012frodymus, teis\u0117j\u0173 kolegija konstatavo, kad kaltinamasis nusikaltim\u0105 padar\u0117 d\u0117l chuligani\u0161k\u0173 paskat\u0173 \u2013 pasik\u0117sino smurtauti prie\u0161 nukent\u0117jus\u012fj\u012f d\u0117l menkavert\u0117s dingsties (\u012fsitikin\u0119s, kad buvo be pagrindo sulaikytas), ignoruodamas elementarias moral\u0117s bei elgesio normas, demonstruodamas nepagarb\u0105 aplinkiniams.<\/p>\n<p>Teis\u0117j\u0173 kolegija pa\u017eym\u0117jo, kad kaltinamojo chuligani\u0161kos paskatos pasirei\u0161k\u0117 nei\u0161provokuota agresija, iki tol tik i\u0161 matymo pa\u017e\u012fstamo nukent\u0117jusiojo (d\u0117l kaltinamojo lankymosi parduotuv\u0117je, kurioje dirba nukent\u0117jusysis) u\u017epuolimu ir pasik\u0117sinimu j\u012f nu\u017eudyti nesant joki\u0173 asmenini\u0173 tarpusavio santyki\u0173\u201c, \u2013 patikino Klaip\u0117dos apygardos teismo atstov\u0117 Monika Vismant\u0117.<\/p>\n<p>Teismas pa\u017eym\u0117jo, kad toks V. Pliv\u0117s elgesys (greitas priart\u0117jimas prie nieko nenutuokian\u010dio, nugara \u012f j\u012f s\u0117din\u010dio nukent\u0117jusiojo, kaklo apgl\u0117bimas ranka ir u\u017esimojimas peiliu) bei pasirinktas asmens su\u017ealojimui \u012frankis rodo ne nor\u0105 pag\u0105sdinti nukent\u0117jus\u012fj\u012f, o prie\u0161ingai \u2013 patvirtina, kad, u\u017esimoj\u0119s peiliu ir nusitaik\u0119s \u012f gyvybi\u0161kai svarbi\u0105 k\u016bno dal\u012f \u2013 kakl\u0105, V. Pliv\u0117 neabejotinai ai\u0161kiai suvok\u0117 savo veiksm\u0173 pavojingum\u0105 ir taip elg\u0117si nor\u0117damas konkretaus rezultato \u2013 atimti nukent\u0117jusiajam gyvyb\u0119.<\/p>\n<p>Nusikalto nei\u0161nykus teistumui<\/p>\n<p>Skirdamas bausm\u0119, teismas atsi\u017evelg\u0117 \u012f tai, kad V. Pliv\u0117 padar\u0117 vien\u0105 labai sunk\u0173 nusikaltim\u0105 \u017emogaus gyvybei, kuris nutr\u016bko pasik\u0117sinimo stadijoje. Taip pat padaryto nusikaltimo pob\u016bd\u012f ir pavojingumo laipsn\u012f, kalt\u0117s form\u0105 bei kaltinamojo asmenyb\u0119 charakterizuojan\u010dius duomenis.<\/p>\n<p>Neved\u0119s V. Pliv\u0117 nedirba, \u012ftrauktas \u012f gyvenamosios vietos neturin\u010di\u0173 asmen\u0173 apskait\u0105, baustas administracine tvarka, anks\u010diau ne kart\u0105 teistas, taip pat ir u\u017e pasik\u0117sinim\u0105 padaryti labai sunk\u0173 nusikaltim\u0105 \u017emogaus gyvybei.<\/p>\n<p>V. Pliv\u0117 nauj\u0105 nusikaltim\u0105 padar\u0117 nei\u0161nykus teistumui, pra\u0117jus \u0161iek tiek daugiau nei septyniems m\u0117nesiams po to, kai buvo paleistas i\u0161 laisv\u0117s at\u0117mimo viet\u0173 \u012fstaigos atlik\u0119s ilgalaik\u0119 laisv\u0117s at\u0117mimo bausm\u0119.<\/p>\n<p>Pavojingas recidyvistas<\/p>\n<p>Pavojingu recidyvistu V. Pliv\u0117 pripa\u017eintas 2012 met\u0173 prad\u017eioje, kai su perpus jaunesniu bendrininku \u017dydr\u016bnu Juciu u\u017e pasik\u0117sinim\u0105 gyvus sudeginti du brolius benamius buvo nuteistas kal\u0117ti 15 met\u0173.<\/p>\n<p>Makabri\u0161k\u0105 nusikaltim\u0105 V. Pliv\u0117 ir taip pat benamis \u017d. Jucys \u012fvykd\u0117 2010 met\u0173 rugpj\u016b\u010dio prad\u017eioje. Nakt\u012f u\u017egesin\u0119 pietiniame uostamies\u010dio rajone esant\u012f m\u016brin\u012f gara\u017e\u0105, ugniagesiai jo viduje rado du benamius.<\/p>\n<p>23 met\u0173 Vytautas ir septyneriais metais vyresnis jo brolis Nerijus Viskontai buvo gyvi, ta\u010diau stipriai apsinuodij\u0119 d\u016bmais.<\/p>\n<p>Nors vienas j\u0173 net patyr\u0117 kom\u0105, medikams pavyko i\u0161saugoti klaip\u0117die\u010di\u0173 gyvybes.<\/p>\n<p>Nukent\u0117jusieji policininkams papasakojo, kad gara\u017ee, kuriame jie ir gyvena, juos u\u017edar\u0117 bei duris padeg\u0117 keli asmenys.<\/p>\n<p>Dur\u0173 spyna buvo u\u017evyniota metaline viela, tad savo j\u0117gomis i\u0161silaisvinti negal\u0117jusius brolius i\u0161gelb\u0117jo tai, kad jie tur\u0117jo mobil\u0173j\u012f telefon\u0105 ir prisiskambino bendruoju skubiosios pagalbos telefono numeriu 112. Prie\u0161ingu atveju vargu ar jie b\u016bt\u0173 lik\u0119 gyvi.<\/p>\n<p>Nustatyta, kad ugnimi V. Pliv\u0117 ir \u017d. Jucys ker\u0161ijo u\u017e \u012f\u017eeidim\u0105. Visiems kartu girtaujant, vienas i\u0161 broli\u0173 Viskont\u0173 kelis kartus teist\u0105 V. Pliv\u0119 pavadino \u201egaid\u017eiu\u201c.<\/p>\n<p>Brolis mirties nei\u0161veng\u0117<\/p>\n<p>Kraupios mirties liepsnose kartu su vyresniu broliu Vytautu vos i\u0161veng\u0119s klaip\u0117dietis Nerijus Viskontas nuo jam skirto \u017eiauraus likimo nepab\u0117go. Vyras net ne\u012ftar\u0117, kad jam lemtingi bus b\u016btent vyresnio brolio suduoti sm\u016bgiai.<\/p>\n<p>Brolis brol\u012f nu\u017eud\u0117 2012 met\u0173 vasar\u0105 per uostamiestyje vykusi\u0105 tradicin\u0119 J\u016br\u0173 \u0161vent\u0119.<\/p>\n<p>\u0160ventinio \u0161e\u0161tadienio ryt\u0105 Baltijos prospekte esan\u010diame parkelyje rastas negyvas vyras, kurio veidas ir galva labai stipriai sudau\u017eyti. Prad\u0117j\u0119 ikiteismin\u012f tyrim\u0105 policininkai nustat\u0117, kad tai n\u0117ra vienas i\u0161 tomis dienomis mieste vykusios \u0161vent\u0117s dalyvi\u0173.<\/p>\n<p>Paai\u0161k\u0117jus, kad velionis yra 1983 metais gim\u0119s klaip\u0117dietis V. Viskontas, netrukus sulaikytas ir pagrindinis \u012ftariamasis \u2013 1976 metais gim\u0119s jo brolis N. Viskontas. Abu broliai buvo \u017einomi kaip nuolatin\u0117s gyvenamosios vietos neturintys asmenys.<\/p>\n<p>N. Viskontas prisipa\u017eino \u012fvykd\u0119s \u0161\u012f nusikaltim\u0105. Jis nesl\u0117p\u0117, jog ir anks\u010diau jau ne kart\u0105 smurtavo prie\u0161 jaun\u0117l\u012f, kai abu nesutardavo d\u0117l pinig\u0173. Ta\u010diau min\u0117t\u0105 savaitgal\u012f jo sm\u016bgiai akmeniu tapo mirtini.<\/p>\n<p>\u0160i\u0173 broli\u0173 sesuo 2003 metais nu\u017eud\u0117 savo t\u0117v\u0105.<\/p>\n","protected":false},"excerpt":{"rendered":"Klaip\u0117dos apygardos teisme jubiliejin\u012f \u2013 de\u0161imt\u0105j\u012f \u2013 nuosprend\u012f i\u0161klaus\u0117 neseniai 63-i\u0105j\u012f gimtadien\u012f b\u016bdamas suimtas ir belang\u0117je pamin\u0117j\u0119s klaip\u0117dietis&hellip;\n","protected":false},"author":2,"featured_media":228185,"comment_status":"","ping_status":"","sticky":false,"template":"","format":"standard","meta":{"footnotes":"","_share_on_mastodon":"0"},"categories":[13],"tags":[25,6964,30,31,34,35,24,511,32,33,37,39,36,38,40,23,22,28,29,5018,26,27,7852],"class_list":["post-228184","post","type-post","status-publish","format-standard","has-post-thumbnail","category-lietuva","tag-antrastes","tag-apsaugininkas","tag-breaking-news","tag-breakingnews","tag-featured-news","tag-featurednews","tag-headlines","tag-klaipeda","tag-latest-news","tag-latestnews","tag-lietuva","tag-lietuviu","tag-lithuania","tag-lithuanian","tag-lt","tag-naujienos","tag-news","tag-populiariausios-naujienos","tag-populiariausiosnaujienos","tag-recidyvistas","tag-top-stories","tag-topstories","tag-vagis"],"share_on_mastodon":{"url":"https:\/\/pubeurope.com\/@lt\/116916844191520750","error":""},"_links":{"self":[{"href":"https:\/\/www.europesays.com\/lt\/wp-json\/wp\/v2\/posts\/228184","targetHints":{"allow":["GET"]}}],"collection":[{"href":"https:\/\/www.europesays.com\/lt\/wp-json\/wp\/v2\/posts"}],"about":[{"href":"https:\/\/www.europesays.com\/lt\/wp-json\/wp\/v2\/types\/post"}],"author":[{"embeddable":true,"href":"https:\/\/www.europesays.com\/lt\/wp-json\/wp\/v2\/users\/2"}],"replies":[{"embeddable":true,"href":"https:\/\/www.europesays.com\/lt\/wp-json\/wp\/v2\/comments?post=228184"}],"version-history":[{"count":0,"href":"https:\/\/www.europesays.com\/lt\/wp-json\/wp\/v2\/posts\/228184\/revisions"}],"wp:featuredmedia":[{"embeddable":true,"href":"https:\/\/www.europesays.com\/lt\/wp-json\/wp\/v2\/media\/228185"}],"wp:attachment":[{"href":"https:\/\/www.europesays.com\/lt\/wp-json\/wp\/v2\/media?parent=228184"}],"wp:term":[{"taxonomy":"category","embeddable":true,"href":"https:\/\/www.europesays.com\/lt\/wp-json\/wp\/v2\/categories?post=228184"},{"taxonomy":"post_tag","embeddable":true,"href":"https:\/\/www.europesays.com\/lt\/wp-json\/wp\/v2\/tags?post=228184"}],"curies":[{"name":"wp","href":"https:\/\/api.w.org\/{rel}","templated":true}]}}