{"id":228262,"date":"2026-07-14T07:39:08","date_gmt":"2026-07-14T07:39:08","guid":{"rendered":"https:\/\/www.europesays.com\/lt\/228262\/"},"modified":"2026-07-14T07:39:08","modified_gmt":"2026-07-14T07:39:08","slug":"del-rusu-smugiu-strateginio-ukrainos-produkto-eksportas-gali-strigti","status":"publish","type":"post","link":"https:\/\/www.europesays.com\/lt\/228262\/","title":{"rendered":"D\u0117l rus\u0173 sm\u016bgi\u0173 strateginio Ukrainos produkto eksportas gali strigti"},"content":{"rendered":"<p>Rusijos okupant\u0173 sm\u016bgiai \u012f Ukrainos uost\u0173 infrastrukt\u016br\u0105 riboja galimybes eksportuoti derli\u0173 \u012f u\u017esien\u012f ir, atitinkamai, gauti u\u017esienio valiutos pajamas. Pad\u0117tis gali paa\u0161tr\u0117ti ruden\u012f, kai \u016bkininkai ims derli\u0173, atsi\u017evelgiant \u012f neparduotus pra\u0117jusio sezono liku\u010dius, \u2013 pokalbyje su UNIAN prane\u0161\u0117 Visos Ukrainos \u017eem\u0117s \u016bkio tarybos pirmininko pavaduotojas Denisas Mar\u010dukas.<\/p>\n<p>\u201eLiku\u010diai sudaro papildom\u0105 na\u0161t\u0105 \u016bkininkams, nes jie lieka saugomi elevatoriuose. I\u0161 esm\u0117s jie u\u017eima viet\u0105, skirt\u0105 naujam derliui, o tai sukelia papildomas saugojimo i\u0161laidas gamintojams ir brangina i\u0161laikymo proces\u0105. O naujas derlius, kaip prognozuojama, bus ne prastesnis nei pra\u0117jusiais metais\u201c, \u2013 sako D. Mar\u010dukas.<\/p>\n<p>Kol kas \u0161i\u0173 liku\u010di\u0173 ne\u012fmanoma parduoti u\u017e adekva\u010dias kainas d\u0117l suma\u017e\u0117jusio uost\u0173 pralaidumo.<\/p>\n<p>\u201ePad\u0117tis i\u0161 ties\u0173 yra problemin\u0117 ir susijusi su uost\u0173 infrastrukt\u016bros veikimu. M\u016bs\u0173 pardavimo apimtys fakti\u0161kai suma\u017e\u0117jo d\u0117l da\u017en\u0173 sm\u016bgi\u0173 uostams. Nors uostai nenustojo veikti, jie dirba, ta\u010diau i\u0161krovimas n\u0117ra toks greitas. Tai sukuria papildom\u0105 na\u0161t\u0105 visoms tiekimo grandin\u0117s grandims\u201c, \u2013 konstatuoja ekspertas.<\/p>\n<p>Kol kas situacijos negalima pavadinti kritine, pa\u017eymi jis, ta\u010diau pesimistiniu scenarijumi ji gali tokia tapti.<\/p>\n<p>\u201eDabar kalbame apie galimyb\u0119 pritraukti tarptautinius fondus ir fondacijas, kad, s\u0105lygi\u0161kai tariant, b\u016bt\u0173 atkurta uostuose sunaikinama infrastrukt\u016bra, nes ten gri\u016bva ir elevatoriai, ir perkrovimo \u012frenginiai. Nuostoliai uostuose \u2013 senas skai\u010dius 1,5 milijardo doleri\u0173 \u2013 manau, dabar jie jau \u017eymiai didesni. O verslui savaranki\u0161kai atsigauti prakti\u0161kai jau tiesiog n\u0117ra galimyb\u0117s\u201c, \u2013 teigia M. Mar\u010dukas.<\/p>\n<p>\u017dem\u0117s \u016bkio produkt\u0173 eksportas i\u0161 Ukrainos \u2013 naujausios naujienos<\/p>\n<p>Bir\u017eelio viduryje analitikai apskai\u010diavo, kad Rusijos atakos prie\u0161 uost\u0173 infrastrukt\u016br\u0105 gali suma\u017einti gr\u016bd\u0173 eksport\u0105 i\u0161 Ukrainos tre\u010ddaliu.<\/p>\n<p>Per 2026 m. pirm\u0105j\u012f ketvirt\u012f Ukrainos \u017eem\u0117s \u016bkio eksportas sudar\u0117 15,5 mln. ton\u0173 \u017eem\u0117s \u016bkio produkcijos u\u017e 6,3 mlrd. doleri\u0173. Metiniu pagrindu pajamos i\u0161augo 8,3 %, arba 482 mln. doleri\u0173.<\/p>\n","protected":false},"excerpt":{"rendered":"Rusijos okupant\u0173 sm\u016bgiai \u012f Ukrainos uost\u0173 infrastrukt\u016br\u0105 riboja galimybes eksportuoti derli\u0173 \u012f u\u017esien\u012f ir, atitinkamai, gauti u\u017esienio valiutos&hellip;\n","protected":false},"author":2,"featured_media":228263,"comment_status":"","ping_status":"","sticky":false,"template":"","format":"standard","meta":{"footnotes":"","_share_on_mastodon":"0"},"categories":[15],"tags":[25,30,31,34,35,2763,34148,24,32,33,37,39,36,38,40,23,22,44,28,29,5698,26,27,360,74,75,76],"class_list":["post-228262","post","type-post","status-publish","format-standard","has-post-thumbnail","category-pasaulis","tag-antrastes","tag-breaking-news","tag-breakingnews","tag-featured-news","tag-featurednews","tag-grudai","tag-grudu-eksportas","tag-headlines","tag-latest-news","tag-latestnews","tag-lietuva","tag-lietuviu","tag-lithuania","tag-lithuanian","tag-lt","tag-naujienos","tag-news","tag-pasaulis","tag-populiariausios-naujienos","tag-populiariausiosnaujienos","tag-rusijos-agresija","tag-top-stories","tag-topstories","tag-ukraina","tag-world","tag-world-news","tag-worldnews"],"share_on_mastodon":{"url":"https:\/\/pubeurope.com\/@lt\/116917198071319101","error":""},"_links":{"self":[{"href":"https:\/\/www.europesays.com\/lt\/wp-json\/wp\/v2\/posts\/228262","targetHints":{"allow":["GET"]}}],"collection":[{"href":"https:\/\/www.europesays.com\/lt\/wp-json\/wp\/v2\/posts"}],"about":[{"href":"https:\/\/www.europesays.com\/lt\/wp-json\/wp\/v2\/types\/post"}],"author":[{"embeddable":true,"href":"https:\/\/www.europesays.com\/lt\/wp-json\/wp\/v2\/users\/2"}],"replies":[{"embeddable":true,"href":"https:\/\/www.europesays.com\/lt\/wp-json\/wp\/v2\/comments?post=228262"}],"version-history":[{"count":0,"href":"https:\/\/www.europesays.com\/lt\/wp-json\/wp\/v2\/posts\/228262\/revisions"}],"wp:featuredmedia":[{"embeddable":true,"href":"https:\/\/www.europesays.com\/lt\/wp-json\/wp\/v2\/media\/228263"}],"wp:attachment":[{"href":"https:\/\/www.europesays.com\/lt\/wp-json\/wp\/v2\/media?parent=228262"}],"wp:term":[{"taxonomy":"category","embeddable":true,"href":"https:\/\/www.europesays.com\/lt\/wp-json\/wp\/v2\/categories?post=228262"},{"taxonomy":"post_tag","embeddable":true,"href":"https:\/\/www.europesays.com\/lt\/wp-json\/wp\/v2\/tags?post=228262"}],"curies":[{"name":"wp","href":"https:\/\/api.w.org\/{rel}","templated":true}]}}