{"id":228302,"date":"2026-07-14T08:17:30","date_gmt":"2026-07-14T08:17:30","guid":{"rendered":"https:\/\/www.europesays.com\/lt\/228302\/"},"modified":"2026-07-14T08:17:30","modified_gmt":"2026-07-14T08:17:30","slug":"aiskeja-daugiau-apie-klaipedos-viesbutyje-rasta-vyro-kuna-ieje-darbuotojai-pamate-sukrecianti-vaizda","status":"publish","type":"post","link":"https:\/\/www.europesays.com\/lt\/228302\/","title":{"rendered":"Ai\u0161k\u0117ja daugiau apie Klaip\u0117dos vie\u0161butyje rast\u0105 vyro k\u016bn\u0105 \u2013 \u012f\u0117j\u0119 darbuotojai pamat\u0117 sukre\u010diant\u012f vaizd\u0105"},"content":{"rendered":"<p>\u017dmogaus mirtis uostamiestyje u\u017efiksuota pirmadien\u012f (liepos 13 d.).<\/p>\n<p>Popiet\u0119 policininkai ir greitosios medikai i\u0161kviesti \u012f \u0161alia miesto centrin\u0117s dalies esan\u010di\u0105 Dubysos gatv\u0119.<\/p>\n<p>Vyro pasigedo vie\u0161bu\u010dio darbuotojai<\/p>\n<p>Skubios pagalbos tarnyb\u0173 ry\u0161io numeriu 112 paskambino jame \u012fsik\u016brusio vie\u0161bu\u010dio darbuotojai.<\/p>\n<p>Pasiged\u0119 <a rel=\"noopener nofollow\" target=\"_blank\" href=\"https:\/\/www.delfi.lt\/temos\/viesbutis\" tag-id=\"52404637\">vie\u0161butyje<\/a> apsistojusio vyro, jie prad\u0117jo sve\u010dio ie\u0161koti.<\/p>\n<p>Kambario dur\u0173 niekas nedar\u0117, tad darbuotojai jas atrakino.<\/p>\n<p>Apie 13.42 val. u\u017e\u0117j\u0119 \u012f kambario vid\u0173, vie\u0161bu\u010dio darbuotojai ir pamat\u0117 joki\u0173 gyvyb\u0117s po\u017eymi\u0173 nerodant\u012f \u017emog\u0173.<\/p>\n<p>Atvykusi greitosios medicinin\u0117s pagalbos tarnybos brigada konstatavo 52 met\u0173 vyro mirt\u012f.<\/p>\n<p>Per pirmin\u0119 ap\u017ei\u016br\u0105, kriminalistikos ekspertas ant velionio k\u016bno akivaizd\u017ei\u0173 smurto \u017eymi\u0173 nepasteb\u0117jo.<\/p>\n<p>Vyro mirties prie\u017eastis paai\u0161k\u0117s atlikus teismo medicinos ekspertiz\u0117.<\/p>\n<p>Klaip\u0117dos miesto policijos komisariate prad\u0117tas ikiteisminis tyrimas \u017emogaus mirtis prie\u017eas\u010diai nustatyti.<\/p>\n","protected":false},"excerpt":{"rendered":"\u017dmogaus mirtis uostamiestyje u\u017efiksuota pirmadien\u012f (liepos 13 d.). Popiet\u0119 policininkai ir greitosios medikai i\u0161kviesti \u012f \u0161alia miesto centrin\u0117s&hellip;\n","protected":false},"author":2,"featured_media":228303,"comment_status":"","ping_status":"","sticky":false,"template":"","format":"standard","meta":{"footnotes":"","_share_on_mastodon":"0"},"categories":[6],"tags":[25,30,31,34,35,24,511,32,33,37,39,36,38,40,23,22,28,29,26,27,2193],"class_list":["post-228302","post","type-post","status-publish","format-standard","has-post-thumbnail","category-antrastes","tag-antrastes","tag-breaking-news","tag-breakingnews","tag-featured-news","tag-featurednews","tag-headlines","tag-klaipeda","tag-latest-news","tag-latestnews","tag-lietuva","tag-lietuviu","tag-lithuania","tag-lithuanian","tag-lt","tag-naujienos","tag-news","tag-populiariausios-naujienos","tag-populiariausiosnaujienos","tag-top-stories","tag-topstories","tag-viesbutis"],"share_on_mastodon":{"url":"https:\/\/pubeurope.com\/@lt\/116917347749720770","error":""},"_links":{"self":[{"href":"https:\/\/www.europesays.com\/lt\/wp-json\/wp\/v2\/posts\/228302","targetHints":{"allow":["GET"]}}],"collection":[{"href":"https:\/\/www.europesays.com\/lt\/wp-json\/wp\/v2\/posts"}],"about":[{"href":"https:\/\/www.europesays.com\/lt\/wp-json\/wp\/v2\/types\/post"}],"author":[{"embeddable":true,"href":"https:\/\/www.europesays.com\/lt\/wp-json\/wp\/v2\/users\/2"}],"replies":[{"embeddable":true,"href":"https:\/\/www.europesays.com\/lt\/wp-json\/wp\/v2\/comments?post=228302"}],"version-history":[{"count":0,"href":"https:\/\/www.europesays.com\/lt\/wp-json\/wp\/v2\/posts\/228302\/revisions"}],"wp:featuredmedia":[{"embeddable":true,"href":"https:\/\/www.europesays.com\/lt\/wp-json\/wp\/v2\/media\/228303"}],"wp:attachment":[{"href":"https:\/\/www.europesays.com\/lt\/wp-json\/wp\/v2\/media?parent=228302"}],"wp:term":[{"taxonomy":"category","embeddable":true,"href":"https:\/\/www.europesays.com\/lt\/wp-json\/wp\/v2\/categories?post=228302"},{"taxonomy":"post_tag","embeddable":true,"href":"https:\/\/www.europesays.com\/lt\/wp-json\/wp\/v2\/tags?post=228302"}],"curies":[{"name":"wp","href":"https:\/\/api.w.org\/{rel}","templated":true}]}}