{"id":228500,"date":"2026-07-14T11:50:56","date_gmt":"2026-07-14T11:50:56","guid":{"rendered":"https:\/\/www.europesays.com\/lt\/228500\/"},"modified":"2026-07-14T11:50:56","modified_gmt":"2026-07-14T11:50:56","slug":"dirbtinio-intelekto-itaka-verslui-google-pokyciai","status":"publish","type":"post","link":"https:\/\/www.europesays.com\/lt\/228500\/","title":{"rendered":"Dirbtinio intelekto \u012ftaka verslui: \u201eGoogle\u201c poky\u010diai"},"content":{"rendered":"<p>  <img decoding=\"async\" src=\"https:\/\/www.europesays.com\/lt\/wp-content\/uploads\/2026\/07\/1784029856_755_03170399-6142-4128-85de-e868712994c8.jpg\" loading=\"eager\" fetchpriority=\"high\" alt=\"Google AI Mode Gemini\"\/> <\/p>\n<p>Google AI Mode Gemini<\/p>\n<p>FOTO:  Markus Mainka | Shutterstock<\/p>\n<p>\u201eGoogle\u201c paie\u0161kos sistemos naudojimas m\u016bs\u0173 kasdienyb\u0117je yra tiek \u012fsi\u0161aknij\u0119s, kad visuomen\u0117je nat\u016braliai prigijo \u017eodis \u201eg\u016bglinti\u201c. Visgi, kartu su dirbtinio intelekto (DI) populiar\u0117jimu situacija spar\u010diai kei\u010diasi ir, pana\u0161u, jau reik\u0117s ie\u0161koti nauj\u0173 naujadar\u0173. Prie \u201eChatGPT`inti\u201c ar \u201eGeminainti\u201c pereinanti visuomen\u0117 diktuoja naujas taisykles, \u012f kurias privalo atsi\u017evelgti ir \u0161i\u0105 atsiverian\u010di\u0105 ni\u0161\u0105 norintis i\u0161naudoti verslas.<\/p>\n","protected":false},"excerpt":{"rendered":"Google AI Mode Gemini FOTO: Markus Mainka | Shutterstock \u201eGoogle\u201c paie\u0161kos sistemos naudojimas m\u016bs\u0173 kasdienyb\u0117je yra tiek \u012fsi\u0161aknij\u0119s,&hellip;\n","protected":false},"author":2,"featured_media":228501,"comment_status":"","ping_status":"","sticky":false,"template":"","format":"standard","meta":{"footnotes":"","_share_on_mastodon":"0"},"categories":[17],"tags":[4406,81,295,37,39,36,38,40,46],"class_list":["post-228500","post","type-post","status-publish","format-standard","has-post-thumbnail","category-verslas","tag-google","tag-business","tag-dirbtinis-intelektas","tag-lietuva","tag-lietuviu","tag-lithuania","tag-lithuanian","tag-lt","tag-verslas"],"share_on_mastodon":{"url":"https:\/\/pubeurope.com\/@lt\/116918189599864798","error":""},"_links":{"self":[{"href":"https:\/\/www.europesays.com\/lt\/wp-json\/wp\/v2\/posts\/228500","targetHints":{"allow":["GET"]}}],"collection":[{"href":"https:\/\/www.europesays.com\/lt\/wp-json\/wp\/v2\/posts"}],"about":[{"href":"https:\/\/www.europesays.com\/lt\/wp-json\/wp\/v2\/types\/post"}],"author":[{"embeddable":true,"href":"https:\/\/www.europesays.com\/lt\/wp-json\/wp\/v2\/users\/2"}],"replies":[{"embeddable":true,"href":"https:\/\/www.europesays.com\/lt\/wp-json\/wp\/v2\/comments?post=228500"}],"version-history":[{"count":0,"href":"https:\/\/www.europesays.com\/lt\/wp-json\/wp\/v2\/posts\/228500\/revisions"}],"wp:featuredmedia":[{"embeddable":true,"href":"https:\/\/www.europesays.com\/lt\/wp-json\/wp\/v2\/media\/228501"}],"wp:attachment":[{"href":"https:\/\/www.europesays.com\/lt\/wp-json\/wp\/v2\/media?parent=228500"}],"wp:term":[{"taxonomy":"category","embeddable":true,"href":"https:\/\/www.europesays.com\/lt\/wp-json\/wp\/v2\/categories?post=228500"},{"taxonomy":"post_tag","embeddable":true,"href":"https:\/\/www.europesays.com\/lt\/wp-json\/wp\/v2\/tags?post=228500"}],"curies":[{"name":"wp","href":"https:\/\/api.w.org\/{rel}","templated":true}]}}