{"id":228536,"date":"2026-07-14T12:48:11","date_gmt":"2026-07-14T12:48:11","guid":{"rendered":"https:\/\/www.europesays.com\/lt\/228536\/"},"modified":"2026-07-14T12:48:11","modified_gmt":"2026-07-14T12:48:11","slug":"kibernetinio-saugumo-ekspertas-ispeja-visus-lidl-klientus-nutekeje-duomenys-gali-tureti-rimtu-pasekmiu","status":"publish","type":"post","link":"https:\/\/www.europesays.com\/lt\/228536\/","title":{"rendered":"Kibernetinio saugumo ekspertas \u012fsp\u0117ja visus \u201eLidl\u201c klientus: nutek\u0117j\u0119 duomenys gali tur\u0117ti rimt\u0173 pasekmi\u0173"},"content":{"rendered":"<p class=\"wp-block-paragraph\">Pra\u0117jusi\u0105 savait\u0119 Europ\u0105 apskriejo \u017einia apie did\u017eiausio prekybos tinklo \u201e<a style=\"font-weight:bold;\" href=\"https:\/\/madeinvilnius.lt\/tema\/lidl\/\" target=\"_blank\" rel=\"nofollow noopener\">Lidl<\/a>\u201c klient\u0173 duomen\u0173 saugumo incident\u0105. Nors bendrov\u0117s siun\u010diamos \u017einut\u0117s klientams suformuluotos raminamai, IT teismo ekspertas ir kibernetinio saugumo specialistas Marius Pare\u0161\u010dius \u012fsp\u0117ja \u2013 b\u016btent tokius prane\u0161imus reik\u0117t\u0173 skaityti atid\u017eiausiai. Specialistas socialiniame tinkle i\u0161samiai paanalizavo situacij\u0105 ir \u012fvertino, koki\u0105 gr\u0117sm\u0119 tai gali kelti Lietuvos pirk\u0117jams.<\/p>\n<p>Kas i\u0161 ties\u0173 nutiko ir kokie duomenys pavogti?<\/p>\n<p class=\"wp-block-paragraph\">M. Pare\u0161\u010dius atkreipia d\u0117mes\u012f, kad \u012fsilau\u017eta buvo ne \u012f pa\u010di\u0105 internetin\u0119 parduotuv\u0119, o \u012f vieno i\u0161 \u201eLidl\u201c IT paslaug\u0173 tiek\u0117j\u0173 sistemas. Nors incidentas pasteb\u0117tas liepos prad\u017eioje, vie\u0161ai apie j\u012f prane\u0161ta tik pra\u0117jus\u012f penktadien\u012f, informuojant Vokietijos, Belgijos ir Nyderland\u0173 klientus. Nutek\u0117jo jautr\u016bs asmeniniai duomenys: kreipinys, vardas ir pavard\u0117, telefono numeris, elektroninis pa\u0161tas, gimimo data bei kliento numeris.<\/p>\n<p class=\"wp-block-paragraph\">\u201eSlapta\u017eod\u017ei\u0173, adres\u0173 ar mok\u0117jimo duomen\u0173, pasak galutin\u0117s \u201eLidl\u201c pozicijos, pavogta nebuvo. Bet \u012fsid\u0117m\u0117kite detal\u0119: pirminiuose prane\u0161imuose bendrov\u0117 negal\u0117jo atmesti, kad slapta\u017eod\u017eiai, adresai ir banko duomenys taip pat gal\u0117jo b\u016bti paliesti \u2014 ir tik v\u0117liau pozicija sukiet\u0117jo iki \u201enepaveikta\u201c. Tyrimas tebevyksta\u201c, \u2013 atid\u017eiau vertinti oficiali\u0105 komunikacij\u0105 ragina IT ekspertas.<\/p>\n<p>Situacija Lietuvoje: ekspertas \u012f\u017evelgia ry\u0161\u012f su gautomis \u017einut\u0117mis<\/p>\n<p class=\"wp-block-paragraph\">Nors oficialiai skelbiama apie nukent\u0117jusius vartotojus Vokietijoje, Belgijoje ir Nyderlanduose, M. Pare\u0161\u010dius si\u016blo neprarasti budrumo ir Lietuvoje. Lietuvi\u0161kas prekybos tinklo padalinys apie galim\u0105 poveik\u012f kol kas vie\u0161ai nekomunikavo, o Valstybin\u0117 duomen\u0173 apsaugos inspekcija (VDAI) parei\u0161kim\u0173 nepateik\u0117. Visgi kibernetinio saugumo specialistas \u012f\u017evelgia tiesiogin\u012f ry\u0161\u012f tarp \u0161io incidento ir savaitgal\u012f Lietuvos pirk\u0117j\u0173 gaut\u0173 keist\u0173 SMS \u017einu\u010di\u0173.<\/p>\n<p class=\"wp-block-paragraph\">\u201e\u201eMy Lidl\u201c \/ \u201eLidl Plus\u201c paskyra yra visos grup\u0117s paslauga su vieno prisijungimo (SSO) sistema, centralizuotai valdoma Vokietijoje ir veikian\u010dia visose rinkose, taip pat ir Lietuvoje. O pavogt\u0173 duomen\u0173 rinkinys \u2014 vardas, telefonas, el. pa\u0161tas, gimimo data \u2014 yra lygiai tas, kur\u012f \u201eLidl Plus\u201c renka ir i\u0161 m\u016bs\u0173. Kol tiek\u0117jas ir failo apimtis neatskleisti, s\u0105\u017einingas atsakymas yra ne \u201em\u016bs\u0173 klientai saug\u016bs\u201c, o \u201emes tiesiog ne\u017einome\u201c\u201c, \u2013 situacijos neapibr\u0117\u017etum\u0105 pabr\u0117\u017eia M. Pare\u0161\u010dius.<\/p>\n<p class=\"wp-block-paragraph\">Specialistas tiesiai r\u0117\u017eia savo nuomon\u0119 apie pastar\u0173j\u0173 dien\u0173 \u012fvykius: \u201eMano manymu \u0161\u012f savaitgali gautos sms \u017einut\u0117s jau pasekm\u0117 duomen\u0173 nutek\u0117jimo globaliame Lidl, niekaip ne \u017emogi\u0161ka klaida kaip vakar komentavo Lietuvos Lidl atstovai\u201c, \u2013 teigia specialistas.<\/p>\n<p>Gr\u0117sm\u0117s vartotojams ir \u012fmon\u0117s padarytos klaidos<\/p>\n<p class=\"wp-block-paragraph\">Pasak IT eksperto, net ir nutek\u0117j\u0119 \u201evien kontaktiniai\u201c duomenys yra pavojingas ginklas nusikalt\u0117li\u0173 rankose. Vardas, gimimo data, telefonas ir elektroninis pa\u0161tas yra b\u016btent tas derinys, kuris leid\u017eia suk\u010diams kurti itin \u012ftikinamas, personalizuotas atakas, tokias kaip phishing (suk\u010diavimas el. pa\u0161tu) ar vishing (apgaulingi skambu\u010diai).<\/p>\n<p class=\"wp-block-paragraph\">M. Pare\u0161\u010dius i\u0161skiria kelias esmines \u201eLidl\u201c klaidas, kurios l\u0117m\u0117 \u0161\u012f incident\u0105:<\/p>\n<ul class=\"wp-block-list\">\n<li>Tiekimo grandin\u0117s rizika: atsakomyb\u0117 tenka duomen\u0173 valdytojui, net jei spraga atsirado pas tiek\u0117j\u0105.<\/li>\n<li>Duomen\u0173 minimizavimo tr\u016bkumas: lieka neai\u0161ku, kod\u0117l atskirame faile apskritai buvo laikomi tokie jautr\u016bs duomenys kaip gimimo datos ir kontaktai tokia forma, kad juos buvo galima lengvai pasisavinti.<\/li>\n<li>Komunikacijos nenuoseklumas: greitas per\u0117jimas nuo \u201egal\u0117jo b\u016bti paveikta\u201c prie \u201enepaveikta\u201c dar vykstant tyrimui griauna vartotoj\u0173 pasitik\u0117jim\u0105.<\/li>\n<li>Skaidrumo tr\u016bkumas: ne\u012fvardijus tiek\u0117jo ir tikslaus masto, klientams ne\u012fmanoma \u012fvertinti asmenin\u0117s rizikos.<\/li>\n<\/ul>\n<p class=\"wp-block-paragraph\">Galiausiai ekspertas atkreipia d\u0117mes\u012f \u012f itin skaud\u017ei\u0105 \u0161ios istorijos detal\u0119. \u201eLidl\u201c valdan\u010diai \u201eSchwarz Group\u201c priklauso ne tik prekybos tinklai, bet tai yra ir rimtas kibernetinio saugumo rinkos \u017eaid\u0117jas, investuojantis \u0161imtus milijon\u0173 eur\u0173 \u012f technologijas, kurios modeliuoja kibernetines atakas. Grup\u0117 parduoda sprendimus, padedan\u010dius rasti pa\u017eeid\u017eiamumus tiekimo grandin\u0117se, ta\u010diau pati klient\u0173 duomenis prarado b\u016btent per silpn\u0105 tiek\u0117jo grand\u012f.<\/p>\n<p class=\"wp-block-paragraph\">\u201eGeresn\u0117s iliustracijos vienai taisyklei ir nesugalvosi: kibernetinis saugumas n\u0117ra produktas, kur\u012f nusiperki. Tai procesas, kur\u012f pri\u017ei\u016bri kasdien \u2014 ir silpniausia vieta beveik visada yra ne tavo serveris, o tas, kuriam atidavei duomenis\u201c, \u2013 apibendrindamas svarbiausi\u0105 pamok\u0105 verslui teigia kibernetinio saugumo ekspertas M. Pare\u0161\u010dius.<\/p>\n","protected":false},"excerpt":{"rendered":"Pra\u0117jusi\u0105 savait\u0119 Europ\u0105 apskriejo \u017einia apie did\u017eiausio prekybos tinklo \u201eLidl\u201c klient\u0173 duomen\u0173 saugumo incident\u0105. Nors bendrov\u0117s siun\u010diamos \u017einut\u0117s&hellip;\n","protected":false},"author":2,"featured_media":157938,"comment_status":"","ping_status":"","sticky":false,"template":"","format":"standard","meta":{"footnotes":"","_share_on_mastodon":"0"},"categories":[17],"tags":[81,7365,37,39,36,38,40,65,46],"class_list":["post-228536","post","type-post","status-publish","format-standard","has-post-thumbnail","category-verslas","tag-business","tag-lidl","tag-lietuva","tag-lietuviu","tag-lithuania","tag-lithuanian","tag-lt","tag-naujiena","tag-verslas"],"share_on_mastodon":{"url":"https:\/\/pubeurope.com\/@lt\/116918413043632873","error":""},"_links":{"self":[{"href":"https:\/\/www.europesays.com\/lt\/wp-json\/wp\/v2\/posts\/228536","targetHints":{"allow":["GET"]}}],"collection":[{"href":"https:\/\/www.europesays.com\/lt\/wp-json\/wp\/v2\/posts"}],"about":[{"href":"https:\/\/www.europesays.com\/lt\/wp-json\/wp\/v2\/types\/post"}],"author":[{"embeddable":true,"href":"https:\/\/www.europesays.com\/lt\/wp-json\/wp\/v2\/users\/2"}],"replies":[{"embeddable":true,"href":"https:\/\/www.europesays.com\/lt\/wp-json\/wp\/v2\/comments?post=228536"}],"version-history":[{"count":0,"href":"https:\/\/www.europesays.com\/lt\/wp-json\/wp\/v2\/posts\/228536\/revisions"}],"wp:featuredmedia":[{"embeddable":true,"href":"https:\/\/www.europesays.com\/lt\/wp-json\/wp\/v2\/media\/157938"}],"wp:attachment":[{"href":"https:\/\/www.europesays.com\/lt\/wp-json\/wp\/v2\/media?parent=228536"}],"wp:term":[{"taxonomy":"category","embeddable":true,"href":"https:\/\/www.europesays.com\/lt\/wp-json\/wp\/v2\/categories?post=228536"},{"taxonomy":"post_tag","embeddable":true,"href":"https:\/\/www.europesays.com\/lt\/wp-json\/wp\/v2\/tags?post=228536"}],"curies":[{"name":"wp","href":"https:\/\/api.w.org\/{rel}","templated":true}]}}