{"id":228537,"date":"2026-07-14T12:50:28","date_gmt":"2026-07-14T12:50:28","guid":{"rendered":"https:\/\/www.europesays.com\/lt\/228537\/"},"modified":"2026-07-14T12:50:28","modified_gmt":"2026-07-14T12:50:28","slug":"tokie-vaizdai-pajuryje-pribloskia-daugelis-tokio-kiekio-net-nera-regeje","status":"publish","type":"post","link":"https:\/\/www.europesays.com\/lt\/228537\/","title":{"rendered":"Tokie vaizdai paj\u016bryje priblo\u0161kia \u2013 daugelis tokio kiekio net n\u0117ra reg\u0117j\u0119"},"content":{"rendered":"<p>Kai kurie paj\u016brio gyventojai teig\u0117, kad tokio kiekio dumbli\u0173 kurorte n\u0117ra reg\u0117j\u0119. Pasak kurorto mero \u0160ar\u016bno Vaitkaus, ant sm\u0117lio susikaupusius dumblius \u0161alina speciali technika, ta\u010diau darbas u\u017etruks.<\/p>\n<p>\u201eDar nema\u017eai dumbli\u0173 yra j\u016broje, tod\u0117l tik\u0117tina, kad artimiausiomis dienomis bangos j\u0173 i\u0161mes dar daugiau. Visam papl\u016bdimiui sutvarkyti prireiks ma\u017eiausiai trij\u0173 dien\u0173\u201c, \u2013 pirmadien\u012f feisbuke paskelb\u0117 \u0160. Vaitkus.<\/p>\n<p>Tuo metu Klaip\u0117doje did\u017eiausi dumbli\u0173 kiekiai, pasak vietos gelb\u0117toj\u0173 vadovo Aleksandro Siakki, buvo fiksuojami penktadien\u012f, o \u0161ios savait\u0117s prad\u017eioje pati j\u016bra did\u017ei\u0105j\u0105 dal\u012f j\u0173 susigr\u0105\u017eino atgal.<\/p>\n<p>\u201ePati gamta i\u0161sivalo\u201c, \u2013 naujien\u0173 portalui <a rel=\"noopener nofollow\" href=\"http:\/\/VE.lt\" target=\"_blank\">VE.lt<\/a> sak\u0117 A. Siakki.<\/p>\n<p>Savivaldyb\u0117s \u012fmon\u0117 \u201eKlaip\u0117dos papl\u016bdimiai\u201c \u201eFacebook\u201c paskyroje ai\u0161kino, kad dumbliai krante atsiranda d\u0117l or\u0173 s\u0105lyg\u0173, j\u0173 kiekis ir vieta kinta. <\/p>\n<p>\u201eSituacij\u0105 Klaip\u0117dos papl\u016bdimiuose nuolat stebime. Dumbli\u0173 sankaupos priklauso nuo meteorologini\u0173 s\u0105lyg\u0173 \u2013 v\u0117jo krypties, bangavimo ir srovi\u0173, tod\u0117l j\u0173 kiekis bei vietos nuolat kei\u010diasi \u2013 vienose papl\u016bdimio vietose bangos dumblius nuplauna, kitose v\u0117l i\u0161meta \u012f krant\u0105.<\/p>\n<p>\u0160iuo metu sprendimas d\u0117l mechaninio dumbli\u0173 surinkimo dar n\u0117ra priimtas, nes situacija yra nuolat vertinama. Jeigu artimiausiomis dienomis dumbli\u0173 sankaupos i\u0161liks gausios ir j\u0173 kiekis nat\u016braliai nema\u017e\u0117s, bus organizuojami papl\u016bdimi\u0173 valymo darbai\u201c, \u2013 skelb\u0117 \u012fmon\u0117.<\/p>\n<p>Antradien\u012f prie\u0161piet \u012f redakcij\u0105 paskambin\u0119s A. Siakki patikslino, kad \u0161iandien prie Melnrag\u0117s molo \u2013 daug dumbli\u0173.<\/p>\n<p>\u201eTen visk\u0105 sune\u0161\u0117 v\u0117jas\u201c, \u2013 sak\u0117 \u012fstaigos \u201eKlaip\u0117dos papl\u016bdimiai\u201c gelb\u0117toj\u0173 vadovas.<\/p>\n","protected":false},"excerpt":{"rendered":"Kai kurie paj\u016brio gyventojai teig\u0117, kad tokio kiekio dumbli\u0173 kurorte n\u0117ra reg\u0117j\u0119. Pasak kurorto mero \u0160ar\u016bno Vaitkaus, ant&hellip;\n","protected":false},"author":2,"featured_media":228538,"comment_status":"","ping_status":"","sticky":false,"template":"","format":"standard","meta":{"footnotes":"","_share_on_mastodon":"0"},"categories":[13],"tags":[25,30,31,34176,34,35,24,511,32,33,37,39,36,38,40,23,22,2801,23713,28,29,26,27],"class_list":["post-228537","post","type-post","status-publish","format-standard","has-post-thumbnail","category-lietuva","tag-antrastes","tag-breaking-news","tag-breakingnews","tag-dumbliai","tag-featured-news","tag-featurednews","tag-headlines","tag-klaipeda","tag-latest-news","tag-latestnews","tag-lietuva","tag-lietuviu","tag-lithuania","tag-lithuanian","tag-lt","tag-naujienos","tag-news","tag-palanga","tag-papludimiai","tag-populiariausios-naujienos","tag-populiariausiosnaujienos","tag-top-stories","tag-topstories"],"share_on_mastodon":{"url":"https:\/\/pubeurope.com\/@lt\/116918421214350343","error":""},"_links":{"self":[{"href":"https:\/\/www.europesays.com\/lt\/wp-json\/wp\/v2\/posts\/228537","targetHints":{"allow":["GET"]}}],"collection":[{"href":"https:\/\/www.europesays.com\/lt\/wp-json\/wp\/v2\/posts"}],"about":[{"href":"https:\/\/www.europesays.com\/lt\/wp-json\/wp\/v2\/types\/post"}],"author":[{"embeddable":true,"href":"https:\/\/www.europesays.com\/lt\/wp-json\/wp\/v2\/users\/2"}],"replies":[{"embeddable":true,"href":"https:\/\/www.europesays.com\/lt\/wp-json\/wp\/v2\/comments?post=228537"}],"version-history":[{"count":0,"href":"https:\/\/www.europesays.com\/lt\/wp-json\/wp\/v2\/posts\/228537\/revisions"}],"wp:featuredmedia":[{"embeddable":true,"href":"https:\/\/www.europesays.com\/lt\/wp-json\/wp\/v2\/media\/228538"}],"wp:attachment":[{"href":"https:\/\/www.europesays.com\/lt\/wp-json\/wp\/v2\/media?parent=228537"}],"wp:term":[{"taxonomy":"category","embeddable":true,"href":"https:\/\/www.europesays.com\/lt\/wp-json\/wp\/v2\/categories?post=228537"},{"taxonomy":"post_tag","embeddable":true,"href":"https:\/\/www.europesays.com\/lt\/wp-json\/wp\/v2\/tags?post=228537"}],"curies":[{"name":"wp","href":"https:\/\/api.w.org\/{rel}","templated":true}]}}