{"id":228563,"date":"2026-07-14T13:15:34","date_gmt":"2026-07-14T13:15:34","guid":{"rendered":"https:\/\/www.europesays.com\/lt\/228563\/"},"modified":"2026-07-14T13:15:34","modified_gmt":"2026-07-14T13:15:34","slug":"azerbaidzanas-svarsto-pasitraukti-is-europos-tarybos","status":"publish","type":"post","link":"https:\/\/www.europesays.com\/lt\/228563\/","title":{"rendered":"Azerbaid\u017eanas svarsto pasitraukti i\u0161 Europos Tarybos"},"content":{"rendered":"<p>Azerbaid\u017eanas svarsto pasitraukti i\u0161 Europos Tarybos, pirmadien\u012f prane\u0161\u0117 Azerbaid\u017eano prezidentas Ilhamas Aliyevas.<\/p>\n<p>Sakydamas atidarymo kalb\u0105 Ketvirtajame \u0160u\u0161os pasauliniame \u017einiasklaidos forume, I. Alijevas teig\u0117, kad Baku svarsto \u201ene tik d\u0117l naryst\u0117s sustabdymo ar \u012f\u0161aldymo\u201c, ra\u0161o \u201eEuronews\u201c.<\/p>\n<p>\u201eMes rimtai svarstome pasitraukti i\u0161 \u0161ios strukt\u016bros\u201c, \u2013 akcentavo \u0161alies prezidentas.<\/p>\n<p>Anot I. Alijevo, Europos Tarybos vadovyb\u0117 jau papra\u0161\u0117 rasti sprendim\u0105, kuris leist\u0173 Azerbaid\u017eanui likti organizacijos sud\u0117tyje.<\/p>\n<p>\u201eEuropos Tarybos generalinis sekretorius [Alainas Bersetas] susisiek\u0117 su manimi, pra\u0161ydamas m\u016bs\u0173 \u0161io \u017eingsio nesiimti ir rasti b\u016bd\u0105 pad\u0117\u010diai pagerinti\u201c, \u2013 sak\u0117 jis.<\/p>\n<p>Europos Taryba \u2013 tai su Europos S\u0105junga nesusijusi, 46 valstybes vienijanti \u017emogaus teisi\u0173 organizacija, kuri pri\u017ei\u016bri Europos \u017dmogaus Teisi\u0173 Teismo veikl\u0105.<\/p>\n<p>Nors Azerbaid\u017eanas ir toliau yra visateis\u0117 Europos Tarybos narys, 2024 m. \u0161aliai buvo sustabdytos jos delegacijos balsavimo teis\u0117s Europos Tarybos Parlamentin\u0117je Asambl\u0117joje. <\/p>\n","protected":false},"excerpt":{"rendered":"Azerbaid\u017eanas svarsto pasitraukti i\u0161 Europos Tarybos, pirmadien\u012f prane\u0161\u0117 Azerbaid\u017eano prezidentas Ilhamas Aliyevas. Sakydamas atidarymo kalb\u0105 Ketvirtajame \u0160u\u0161os pasauliniame&hellip;\n","protected":false},"author":2,"featured_media":228564,"comment_status":"","ping_status":"","sticky":false,"template":"","format":"standard","meta":{"footnotes":"","_share_on_mastodon":"0"},"categories":[6],"tags":[25,466,30,31,13854,34,35,24,4977,32,33,37,39,36,38,40,23,22,28,29,26,27],"class_list":["post-228563","post","type-post","status-publish","format-standard","has-post-thumbnail","category-antrastes","tag-antrastes","tag-azerbaidzanas","tag-breaking-news","tag-breakingnews","tag-europos-taryba","tag-featured-news","tag-featurednews","tag-headlines","tag-ilhamas-alijevas","tag-latest-news","tag-latestnews","tag-lietuva","tag-lietuviu","tag-lithuania","tag-lithuanian","tag-lt","tag-naujienos","tag-news","tag-populiariausios-naujienos","tag-populiariausiosnaujienos","tag-top-stories","tag-topstories"],"share_on_mastodon":{"url":"https:\/\/pubeurope.com\/@lt\/116918519447013828","error":""},"_links":{"self":[{"href":"https:\/\/www.europesays.com\/lt\/wp-json\/wp\/v2\/posts\/228563","targetHints":{"allow":["GET"]}}],"collection":[{"href":"https:\/\/www.europesays.com\/lt\/wp-json\/wp\/v2\/posts"}],"about":[{"href":"https:\/\/www.europesays.com\/lt\/wp-json\/wp\/v2\/types\/post"}],"author":[{"embeddable":true,"href":"https:\/\/www.europesays.com\/lt\/wp-json\/wp\/v2\/users\/2"}],"replies":[{"embeddable":true,"href":"https:\/\/www.europesays.com\/lt\/wp-json\/wp\/v2\/comments?post=228563"}],"version-history":[{"count":0,"href":"https:\/\/www.europesays.com\/lt\/wp-json\/wp\/v2\/posts\/228563\/revisions"}],"wp:featuredmedia":[{"embeddable":true,"href":"https:\/\/www.europesays.com\/lt\/wp-json\/wp\/v2\/media\/228564"}],"wp:attachment":[{"href":"https:\/\/www.europesays.com\/lt\/wp-json\/wp\/v2\/media?parent=228563"}],"wp:term":[{"taxonomy":"category","embeddable":true,"href":"https:\/\/www.europesays.com\/lt\/wp-json\/wp\/v2\/categories?post=228563"},{"taxonomy":"post_tag","embeddable":true,"href":"https:\/\/www.europesays.com\/lt\/wp-json\/wp\/v2\/tags?post=228563"}],"curies":[{"name":"wp","href":"https:\/\/api.w.org\/{rel}","templated":true}]}}