{"id":228836,"date":"2026-07-14T19:46:07","date_gmt":"2026-07-14T19:46:07","guid":{"rendered":"https:\/\/www.europesays.com\/lt\/228836\/"},"modified":"2026-07-14T19:46:07","modified_gmt":"2026-07-14T19:46:07","slug":"rokas-baciuska-perima-krautuvo-vaira-gamyboje","status":"publish","type":"post","link":"https:\/\/www.europesays.com\/lt\/228836\/","title":{"rendered":"Rokas Baciu\u0161ka perima krautuvo vair\u0105 gamyboje"},"content":{"rendered":"<p>\u0160\u012fmet paskelb\u0119s apie partneryst\u0119 su viena did\u017eiausi\u0173 popieriaus ir medienos pramon\u0117s \u012fmoni\u0173 grupi\u0173 Baltijos \u0161alyse \u201eGrigeo Group\u201c, R. Baciu\u0161ka apsilank\u0117 grup\u0117s gofruotojo kartono pakuot\u0117s gamybin\u0117se patalpose ir i\u0161m\u0117gino nauj\u0105 profesij\u0105. J\u0105 lenktynininkas pasirinko neatsitiktinai \u2013 \u0161iuo metu \u201eGrigeo Group\u201c \u012fgyvendina vien\u0105 did\u017eiausi\u0173 pl\u0117tros etap\u0173 savo istorijoje, tod\u0117l vis daugiau d\u0117mesio skiria specialistams, nuo kuri\u0173 priklauso sklandus gamybos procesas. Viena toki\u0173 profesij\u0173 \u2013 krautuvo vairuotojas.<\/p>\n<p>\u201eAtvyk\u0119s \u012f gamybines patalpas pamatai, kiek daug visko vyksta vienu metu ir kiek svarbus kiekvienas \u017emogus tame procese. Pats krautuvas i\u0161 pirmo \u017evilgsnio neatrodo labai sud\u0117tinga technika, bet kai atsis\u0117di u\u017e vairo ir pradedi dirbti realioje aplinkoje, greitai supranti, kad tai n\u0117ra tiesiog \u201epasukioti vair\u0105\u201c. Reikia jausti technik\u0105 ir gana tiksliai atlikti veiksmus\u201c, \u2013 pasakoja R. Baciu\u0161ka.<\/p>\n<p>Rokas tikina, kad nors nebuvo sunku perprasti pagrindinius principus, nustebino tai, kiek daug \u012fg\u016bd\u017ei\u0173 reikalauja \u0161is darbas.<\/p>\n<p>Dakaro \u010dempiono teigimu, gamyboje nuolat kas nors vyksta \u2013 aplink dirba \u017emon\u0117s, gamybos t\u0119stinum\u0105 u\u017etikrina ir robotai, juda technika, produkcija, tod\u0117l kiekvienas sprendimas turi b\u016bti apgalvotas. \u010cia n\u0117ra vietos skub\u0117jimui ar neatidumui, ta\u010diau kartu negali dirbti ir pernelyg l\u0117tai. Turi rasti balans\u0105 tarp saugumo ir efektyvumo, pana\u0161iai kaip ir lenktyn\u0117se.<\/p>\n<p>\u201eKartais keli centimetrai gali tur\u0117ti reik\u0161m\u0117s, tod\u0117l svarb\u016bs ne tik vairavimo \u012fg\u016bd\u017eiai, bet ir geb\u0117jimas tiksliai \u012fvertinti situacij\u0105. Kiekviena darbo diena atrodo dinami\u0161ka\u201c, \u2013 sako R. <a rel=\"noopener nofollow\" target=\"_blank\" href=\"https:\/\/www.delfi.lt\/temos\/rokas-baciuska\" tag-id=\"62012627\">Baciu\u0161ka<\/a>.<\/p>\n<p>Moderni gamyba griauna senus stereotipus<\/p>\n<p>Pasak \u201e<a rel=\"noopener nofollow\" target=\"_blank\" href=\"https:\/\/www.delfi.lt\/temos\/grigeo-group\" tag-id=\"96616914\">Grigeo Group<\/a>\u201c \u017emoni\u0173 ir kult\u016bros vadov\u0117s Inetos Kasparaityt\u0117s-Tratsinnikavos, gamybos sektorius \u0161iandien si\u016blo kur kas daugiau galimybi\u0173 nei da\u017enai \u012fsivaizduojama.<\/p>\n<p>    <img decoding=\"async\" src=\"https:\/\/www.europesays.com\/lt\/wp-content\/uploads\/2026\/07\/d2573ab9-cbe9-4943-a1cd-e0113cc85d08.jpg\" loading=\"lazy\" alt=\"\u201eGrigeo Group\u201c \u017emoni\u0173 ir kult\u016bros vadov\u0117 Ineta Kasparaityt\u0117-Tratsinnikava\"\/>      <\/p>\n<p>\u201eVis dar susiduriame su stereotipu, kad gamybos \u012fmon\u0117se gamyklose dirbama monotoni\u0161kai ar kad karjeros galimyb\u0117s jose yra ribotos. Ta\u010diau realyb\u0117 kitokia \u2013 \u0161iuolaikin\u0117je gamyboje naudojama moderni technika, o darbuotojai turi galimyb\u0119 mokytis, \u012fgyti nauj\u0173 kompetencij\u0173 ir augti organizacijos viduje.<\/p>\n<p>Krautuvo vairuotojai yra viena svarbiausi\u0173 gamybos grand\u017ei\u0173. Nuo j\u0173 darbo priklauso, kaip skland\u017eiai juda \u017ealiavos, produkcija ir kiti procesai. Tod\u0117l investuojame \u012f darbuotoj\u0173 mokymus, saugi\u0105 darbo aplink\u0105 ir galimybes augti organizacijos viduje\u201c, \u2013 sako ji.<\/p>\n<p>Norint \u012fgusti ir dirbti efektyviai, reikalinga praktika, ta\u010diau pozicijos atviros ir neturintiems patirties. Nauji darbuotojai apmokomi darbo vietoje, dirba kartu su patyrusiais kolegomis ir turi asmeninius mentorius.<\/p>\n<p>\u0160iuo metu \u201eGrigeo Group\u201c \u012fgyvendina did\u017eiausi\u0105 investicij\u0173 projekt\u0105 grup\u0117s istorijoje \u2013 \u012f gamybos pl\u0117tr\u0105 investuojama daugiau kaip 106 mln. eur\u0173. \u012egyvendinus projekt\u0105 bus sukurta iki 80 nauj\u0173 darbo viet\u0173, tod\u0117l \u012fvairi\u0173 sri\u010di\u0173 specialist\u0173 poreikis artimiausiais metais tik did\u0117s.<\/p>\n","protected":false},"excerpt":{"rendered":"\u0160\u012fmet paskelb\u0119s apie partneryst\u0119 su viena did\u017eiausi\u0173 popieriaus ir medienos pramon\u0117s \u012fmoni\u0173 grupi\u0173 Baltijos \u0161alyse \u201eGrigeo Group\u201c, R.&hellip;\n","protected":false},"author":2,"featured_media":228837,"comment_status":"","ping_status":"","sticky":false,"template":"","format":"standard","meta":{"footnotes":"","_share_on_mastodon":"0"},"categories":[19],"tags":[31051,37,39,36,38,40,3329,47,104],"class_list":["post-228836","post","type-post","status-publish","format-standard","has-post-thumbnail","category-sportas","tag-grigeo-group","tag-lietuva","tag-lietuviu","tag-lithuania","tag-lithuanian","tag-lt","tag-rokas-baciuska","tag-sportas","tag-sports"],"share_on_mastodon":{"url":"https:\/\/pubeurope.com\/@lt\/116920057094190609","error":""},"_links":{"self":[{"href":"https:\/\/www.europesays.com\/lt\/wp-json\/wp\/v2\/posts\/228836","targetHints":{"allow":["GET"]}}],"collection":[{"href":"https:\/\/www.europesays.com\/lt\/wp-json\/wp\/v2\/posts"}],"about":[{"href":"https:\/\/www.europesays.com\/lt\/wp-json\/wp\/v2\/types\/post"}],"author":[{"embeddable":true,"href":"https:\/\/www.europesays.com\/lt\/wp-json\/wp\/v2\/users\/2"}],"replies":[{"embeddable":true,"href":"https:\/\/www.europesays.com\/lt\/wp-json\/wp\/v2\/comments?post=228836"}],"version-history":[{"count":0,"href":"https:\/\/www.europesays.com\/lt\/wp-json\/wp\/v2\/posts\/228836\/revisions"}],"wp:featuredmedia":[{"embeddable":true,"href":"https:\/\/www.europesays.com\/lt\/wp-json\/wp\/v2\/media\/228837"}],"wp:attachment":[{"href":"https:\/\/www.europesays.com\/lt\/wp-json\/wp\/v2\/media?parent=228836"}],"wp:term":[{"taxonomy":"category","embeddable":true,"href":"https:\/\/www.europesays.com\/lt\/wp-json\/wp\/v2\/categories?post=228836"},{"taxonomy":"post_tag","embeddable":true,"href":"https:\/\/www.europesays.com\/lt\/wp-json\/wp\/v2\/tags?post=228836"}],"curies":[{"name":"wp","href":"https:\/\/api.w.org\/{rel}","templated":true}]}}