{"id":228947,"date":"2026-07-15T03:52:11","date_gmt":"2026-07-15T03:52:11","guid":{"rendered":"https:\/\/www.europesays.com\/lt\/228947\/"},"modified":"2026-07-15T03:52:11","modified_gmt":"2026-07-15T03:52:11","slug":"pinskuvienes-mamos-gynejams-solidzios-sumos-is-savivaldybes","status":"publish","type":"post","link":"https:\/\/www.europesays.com\/lt\/228947\/","title":{"rendered":"Pinskuvien\u0117s mamos gyn\u0117jams solid\u017eios sumos i\u0161 savivaldyb\u0117s"},"content":{"rendered":"<p>Kas atstovauja mer\u0117s mamai?<\/p>\n<p>Taigi, \u0160irvint\u0173 rajono savivaldyb\u0117 \u0161iai presti\u017eine laikomai advokat\u0173 kontorai moka gan\u0117tinai solid\u017eias sumas u\u017e teisini\u0173 paslaug\u0173 teikim\u0105. O dabar \u0161ios kontoros advokato J. Elzbergo paslaugomis nutar\u0117 pasinaudoti ir \u0160irvint\u0173 mer\u0117s mama M. Gudonien\u0117. \u0160is advokatas Lietuvoje yra gerai \u017einomas ir teisines paslaugas daugiausia teikia statyb\u0173 srityje.<\/p>\n<p>Ikiteismin\u012f tyrim\u0105 d\u0117l M. Gudonien\u0117s buto Palangoje \u012fsigijimo ir vie\u0161\u0173j\u0173 pirkim\u0173 \u0160irvint\u0173 savivaldyb\u0117je vykdanti Speciali\u0173j\u0173 tyrim\u0173 tarnyba liepos 1 d. atliko kratas ir po\u0117mius.<\/p>\n<p>    <img decoding=\"async\" src=\"https:\/\/www.europesays.com\/lt\/wp-content\/uploads\/2026\/07\/f22bf6c0-5b67-11ed-b7b5-a9b12627c68d.jpg\" loading=\"lazy\" alt=\"Advokatas Jovitas Elzbergas\"\/>      <\/p>\n<p>STT skelb\u0117, kad ikiteisminis tyrimas d\u0117l galimo ky\u0161ininkavimo ir papirkimo buvo prad\u0117tas bir\u017eelio 12 d.<\/p>\n<p>Po krat\u0173 ir paai\u0161k\u0117jo, kad M. Gudonienei atstovauja savivaldybei teisines paslaugas teikian\u010dios advokat\u0173 kontoros \u201eMotieka ir Audzevi\u010dius\u201c advokatas J. Elzbergas. Tuomet \u017einiasklaidai jis teig\u0117, kad teis\u0117sauga atliko Palangoje esan\u010dio buto krat\u0105.<\/p>\n<p>Beje, STT agentams M. Gudonien\u0117s advokatas d\u0117l atlikt\u0173 krat\u0173 tur\u0117jo pastab\u0173.<\/p>\n<p>STT kilo \u012ftarim\u0173, kad M. Gudonien\u0117 but\u0105 gal\u0117jo nusipirkti pigiau nei rinkos kaina. \u0160iuos apartamentus Genio Gatv\u0117je, Kunigi\u0161kiuose, ji pirko i\u0161 verslininko Vilmanto Guobio, kurio \u012fmon\u0117 \u201eVilmstata\u201c laimi didel\u0117s vert\u0117s \u0160irvint\u0173 rajono savivaldyb\u0117s pirkimus.<\/p>\n<p>Kad buvo atliktos kratos, \u201eDelfi\u201c patvirtino ir STT atstov\u0117 Renata Keblien\u0117.<\/p>\n<p>\u201ePatvirtiname, kad Speciali\u0173j\u0173 tyrim\u0173 tarnyba (STT) atliko suplanuotus procesinius veiksmus \u0160irvint\u0173 rajono savivaldyb\u0117je ir kitose vietose. <\/p>\n<p>Procesiniai veiksmai atlikti siekiant surinkti tyrimui reik\u0161mingus duomenis ikiteisminiame tyrime d\u0117l \u0160irvint\u0173 rajono savivaldyb\u0117s tarybos nar\u0117s M. Gudonien\u0117s nekilnojamojo turto \u012fsigijimo bei \u0160irvint\u0173 rajono savivaldyb\u0117s administracijos vykdyt\u0173 pirkim\u0173.<\/p>\n<p>Tyrimas atliekamas, siekiant nustatyti, ar \u0160irvint\u0173 rajono savivaldyb\u0117s administracijai vykdant vie\u0161uosius pirkimus gal\u0117jo b\u016bti sudaromos i\u0161skirtinai palankios s\u0105lygos konkre\u010diam rangovui, u\u017e kurias gal\u0117jo b\u016bti atsilyginta nekilnojamojo turto perleidimu u\u017e galimai ma\u017eesn\u0119 nei rinkos kain\u0105\u201c, \u2013 \u201eDelfi\u201c teig\u0117 R. Keblien\u0117.<\/p>\n<p>\u0160irvint\u0173 savivaldyb\u0117 \u2013 viena pagrindini\u0173 vie\u0161o sektoriaus klient\u0173<\/p>\n<p>Vis d\u0117lto \u201eDelfi\u201c i\u0161siai\u0161kino, kad M. Gudonienei atstovauja tas pats advokatas, kurio advokat\u0173 kontora teisines paslaugas teikia ir \u0160irvint\u0173 savivaldybei.<\/p>\n<p><a rel=\"noopener nofollow\" href=\"http:\/\/Rekvizitai.lt\" target=\"_blank\">Rekvizitai.lt<\/a> duomenimis, \u0160irvint\u0173 savivaldyb\u0117 yra tarp TOP organizacij\u0173 pagal konkurs\u0173, kuriuose advokat\u0173 kontora dalyvavo ir laim\u0117jo, sutar\u010di\u0173 skai\u010di\u0173. Pagal sutar\u010di\u0173 skai\u010di\u0173 \u0160irvint\u0173 savivaldyb\u0117 yra ketvirtoje vietoje.<\/p>\n<p>       <img decoding=\"async\" src=\"https:\/\/www.europesays.com\/lt\/wp-content\/uploads\/2026\/07\/8430889b-de94-42ee-a25e-2f4aeae85cc7.jpg\" loading=\"lazy\" alt=\"LR Speciali\u0173j\u0173 tyrim\u0173 tarnyba\"\/>      <\/p>\n<p>O pagal sutar\u010di\u0173 sumas \u0160irvint\u0173 rajono savivaldyb\u0117 yra pirmoje vietoje. Sutar\u010di\u0173 suma \u2013 daugiau nei 84 t\u016bkst. eur\u0173. Reikia pabr\u0117\u017eti, kad \u0161i suma \u2013 bendra sutar\u010di\u0173 su organizacija suma per pastaruosius 3 metus skai\u010diuojant visus mokes\u010dius.<\/p>\n<p>Remiantis Vie\u0161\u0173j\u0173 pirkim\u0173 sistemos duomenimis, paskutin\u0119 sutart\u012f \u0160irvint\u0173 rajono savivaldyb\u0117 su advokat\u0173 profesine bendrija \u201eMotieka ir Audzevi\u010dius\u201c sudar\u0117 \u0161i\u0173 met\u0173 vasario m\u0117nes\u012f. Sutarties vert\u0117 \u2013 18 t\u016bkst. eur\u0173.<\/p>\n<p>2025 m. i\u0161 viso buvo sudarytos keturios teisini\u0173 paslaug\u0173 pirkimo sutartys, 2024 m. \u2013 trys sutartys.<\/p>\n<p>Taigi, vertinant vie\u0161ai prieinamus duomenis pana\u0161u, kad kalbant apie valstybines institucijas \u0160irvint\u0173 savivaldyb\u0117 yra viena pagrindini\u0173 advokat\u0173 kontoros klien\u010di\u0173.<\/p>\n<p>       <img decoding=\"async\" src=\"https:\/\/www.europesays.com\/lt\/wp-content\/uploads\/2026\/07\/9dad02a5-1c32-4ca9-855b-03b62dd90fd0.jpg\" loading=\"lazy\" alt=\"\u017divil\u0117 Pinskuvien\u0117 ir Marija Gudonien\u0117\"\/>      <\/p>\n<p>Advokat\u0173 kontoros internetiniame puslapyje J. Elzbergas pristatomas kaip statyb\u0173 teis\u0117s \u017einovas.<\/p>\n<p>\u201eJ. Elzbergas yra nekilnojamojo turto ir statyb\u0173 teis\u0117s ekspertas. Jis konsultuoja klientus nekilnojamojo turto vystymo ir statybos projekt\u0173 klausimais, taip pat nekilnojamojo turto \u012fsigijimo sandoriuose. Nuolat atstovauja klientams i\u0161duodant statyb\u0173 leidimus valstyb\u0117s ir savivaldybi\u0173 institucijose, tarp j\u0173: savivaldybi\u0173 administracijose, Teritorij\u0173 planavimo ir statybos inspekcijoje, Nacionalin\u0117je \u017eem\u0117s tarnyboje, Kult\u016bros vertybi\u0173 departamente, Visuomen\u0117s sveikatos centre ir kitose institucijose.<\/p>\n<p>Taip pat nuolat dalyvauja derybose bei u\u017esiima klient\u0173 interes\u0173 gynyba vis\u0173 instancij\u0173 teismuose. Jovitas yra sukaup\u0119s did\u017eiul\u0119 patirt\u012f bylose, kuriose viena i\u0161 \u0161ali\u0173 yra vie\u0161ojo administravimo institucijos\u201c, \u2013 teigiama advokat\u0173 kontoros apra\u0161yme.<\/p>\n<p>\u012e klausimus neatsak\u0117<\/p>\n<p>Bandydami i\u0161siai\u0161kinti situacij\u0105 su klausimais kreip\u0117m\u0117s \u012f \u0160irvint\u0173 rajono tarybos nar\u0119 M. Gudonien\u0119. Ji neatsak\u0117 nei telefonu, nei \u012f ra\u0161tu pateiktus klausimus.<\/p>\n<p>\u0160irvint\u0173 politik\u0117s klaus\u0117me, ar ji ne\u012f\u017evelgia interes\u0173 konflikto, kai savivaldyb\u0117s pirkimus laimin\u010dios advokat\u0173 kontoros advokatas teisines paslaugas teikia savivaldyb\u0117s mer\u0117s mamai, kuri yra ir savivaldyb\u0117s tarybos nar\u0117.<\/p>\n<p>    <img decoding=\"async\" src=\"https:\/\/www.europesays.com\/lt\/wp-content\/uploads\/2026\/07\/cdfcf4e9-548d-45e2-91b3-2bfad3a92ffa.jpg\" loading=\"lazy\" alt=\"\u017divil\u0117 Pinskuvien\u0117 \"\/>      <\/p>\n<p>Be to, M. Gudonien\u0117s klaus\u0117me, ar \u0161i advokat\u0173 kontora ir \u0161is advokatas jai anks\u010diau yra teik\u0119 teisines paslaugas.<\/p>\n<p>Galiausiai M. Gudonien\u0117s paklaus\u0117me, ar ji gal\u0117t\u0173 pasakyti, kok\u012f atlyg\u012f advokat\u0173 kontora ir J. Elzbergas sutar\u0117 su ja d\u0117l teisini\u0173 paslaug\u0173 teikimo.<\/p>\n<p>Ta\u010diau kaip jau min\u0117ta, M. Gudonien\u0117 \u012f elektroniniu pa\u0161tu jai pateiktus klausimus neatsak\u0117.<\/p>\n<p>\u012e \u201eDelfi\u201c elektroniniu pa\u0161tu pateiktus klausimus neatsak\u0117 ir advokat\u0173 kontora \u201eMotieka ir Audzevi\u010dius\u201c.<\/p>\n","protected":false},"excerpt":{"rendered":"Kas atstovauja mer\u0117s mamai? Taigi, \u0160irvint\u0173 rajono savivaldyb\u0117 \u0161iai presti\u017eine laikomai advokat\u0173 kontorai moka gan\u0117tinai solid\u017eias sumas u\u017e&hellip;\n","protected":false},"author":2,"featured_media":228948,"comment_status":"","ping_status":"","sticky":false,"template":"","format":"standard","meta":{"footnotes":"","_share_on_mastodon":"0"},"categories":[13],"tags":[25,30,31,34,35,24,32,33,37,39,36,38,40,23,22,28,29,997,26,27,678],"class_list":["post-228947","post","type-post","status-publish","format-standard","has-post-thumbnail","category-lietuva","tag-antrastes","tag-breaking-news","tag-breakingnews","tag-featured-news","tag-featurednews","tag-headlines","tag-latest-news","tag-latestnews","tag-lietuva","tag-lietuviu","tag-lithuania","tag-lithuanian","tag-lt","tag-naujienos","tag-news","tag-populiariausios-naujienos","tag-populiariausiosnaujienos","tag-stt","tag-top-stories","tag-topstories","tag-zivile-pinskuviene"],"share_on_mastodon":{"url":"https:\/\/pubeurope.com\/@lt\/116921968283277610","error":""},"_links":{"self":[{"href":"https:\/\/www.europesays.com\/lt\/wp-json\/wp\/v2\/posts\/228947","targetHints":{"allow":["GET"]}}],"collection":[{"href":"https:\/\/www.europesays.com\/lt\/wp-json\/wp\/v2\/posts"}],"about":[{"href":"https:\/\/www.europesays.com\/lt\/wp-json\/wp\/v2\/types\/post"}],"author":[{"embeddable":true,"href":"https:\/\/www.europesays.com\/lt\/wp-json\/wp\/v2\/users\/2"}],"replies":[{"embeddable":true,"href":"https:\/\/www.europesays.com\/lt\/wp-json\/wp\/v2\/comments?post=228947"}],"version-history":[{"count":0,"href":"https:\/\/www.europesays.com\/lt\/wp-json\/wp\/v2\/posts\/228947\/revisions"}],"wp:featuredmedia":[{"embeddable":true,"href":"https:\/\/www.europesays.com\/lt\/wp-json\/wp\/v2\/media\/228948"}],"wp:attachment":[{"href":"https:\/\/www.europesays.com\/lt\/wp-json\/wp\/v2\/media?parent=228947"}],"wp:term":[{"taxonomy":"category","embeddable":true,"href":"https:\/\/www.europesays.com\/lt\/wp-json\/wp\/v2\/categories?post=228947"},{"taxonomy":"post_tag","embeddable":true,"href":"https:\/\/www.europesays.com\/lt\/wp-json\/wp\/v2\/tags?post=228947"}],"curies":[{"name":"wp","href":"https:\/\/api.w.org\/{rel}","templated":true}]}}