{"id":229044,"date":"2026-07-15T06:43:11","date_gmt":"2026-07-15T06:43:11","guid":{"rendered":"https:\/\/www.europesays.com\/lt\/229044\/"},"modified":"2026-07-15T06:43:11","modified_gmt":"2026-07-15T06:43:11","slug":"perspejimas-kurortininkams-del-dumbliu-pajuryje","status":"publish","type":"post","link":"https:\/\/www.europesays.com\/lt\/229044\/","title":{"rendered":"Persp\u0117jimas kurortininkams d\u0117l dumbli\u0173 paj\u016bryje"},"content":{"rendered":"<p>Per tir\u0161t\u0105 r\u016bk\u0105 ir pakrant\u0117je susikaupusius j\u016bros dumblius j\u016bros beveik nebuvo matyti.<\/p>\n<p>\u201eLabai daug dumbli\u0173. Teko pab\u016bti Liepojoje \u2013 ten irgi tas pats, bet kvapas baisesnis. \u010cia dar nors kv\u0117puoti galima\u201c, \u2013 pasakojo moteris.<\/p>\n<p>\u201eBand\u0117me dumbliuose ie\u0161koti gintar\u0173. Radome nedaug, tik kelet\u0105 trupin\u0117li\u0173\u201c, \u2013 sak\u0117 vyras.<\/p>\n<p>\u201eGra\u017eiau, kai papl\u016bdimys b\u016bna \u0161varus. Keista, kad jis toks. Gal j\u016bra susirinks juos atgal\u201c, \u2013 svarst\u0117 kitas vyras.<\/p>\n<p>Kad dumbli\u0173 buvo gausiau nei \u012fprasta, antrino ir gelb\u0117tojai.<\/p>\n<p>\u201eKetvirtadien\u012f buvo audra, didelis bangavimas. Penktadien\u012f j\u016bra prad\u0117jo rimti ir i\u0161met\u0117 daug dumbli\u0173. \u0160i\u0105 vasar\u0105 dumbli\u0173 tiek dar nebuvo, pernai \u2013 taip pat. Kiekis labai didelis\u201c, \u2013 ai\u0161kino gelb\u0117toj\u0173 vadovas Aleksandras Siakki.<\/p>\n<p>Banglentininkams per dumblius irtis buvo itin sud\u0117tinga.<\/p>\n<p>\u201eApsine\u0161a banglent\u0117, hidrokostiumas, viskas apsine\u0161a. I\u0161lendi kaip pelki\u0173 \u017emogus\u201c, \u2013 pasakojo vyras.<\/p>\n<p>    <img decoding=\"async\" src=\"https:\/\/www.europesays.com\/lt\/wp-content\/uploads\/2026\/07\/5857ef09-0e4c-47b6-8518-5a243d25b3f7.jpg\" loading=\"lazy\" alt=\"Dumbliai\"\/>      <\/p>\n<p>\u201eTiesiog tragedija, net ne\u012fmanoma praplaukti. Ne\u017einau, kaip plausiu plaukus \u2013 turb\u016bt valand\u0105 reik\u0117s praleisti du\u0161e\u201c, \u2013 skund\u0117si moteris.<\/p>\n<p>I\u0161 j\u016bros dumbli\u0173 kalnai banglentininkams atrod\u0117 kitaip.<\/p>\n<p>\u201eRealiai vyks taip: jis klosis, ant jo ne\u0161 sm\u0117l\u012f ir, kaip jau matote, prie vandens jau kyla kopa. Turb\u016bt pakils kok\u012f pusantro metro nuo kranto linijos\u201c, \u2013 ai\u0161kino banglentininkas.<\/p>\n<p>Prie molo dumbli\u0173 buvo gausiausia, ta\u010diau ir kai kurie kiti papl\u016bdimiai buvo jais nukloti.<\/p>\n<p>    <img decoding=\"async\" src=\"https:\/\/www.europesays.com\/lt\/wp-content\/uploads\/2026\/07\/c2af4cd8-e598-4fe5-876b-672f7830bb86.jpg\" loading=\"lazy\" alt=\"Dumbliai\"\/>      <\/p>\n<p>\u201eDumbliai m\u016bs\u0173 priekrant\u0117je t\u0119siasi iki 15\u201316 metr\u0173 gylio. Jie apauga akmenis ir formuoja vadinamuosius Lietuvos rifus. Kai ateina stipresn\u0117 audra, tie dumbliai yra nuraunami\u201c, \u2013 pasakojo Klaip\u0117dos universiteto mokslininkas Martynas Bu\u010das.<\/p>\n<p>Mokslininkas ragino \u017eydin\u010di\u0173 melsvabakteri\u0173 nepainioti su dumbliais.<\/p>\n<p>\u201eKai buvo labai kar\u0161tos dienos, su\u017eyd\u0117jo mikrodumbliai, ir \u017emon\u0117s galvoja, kad dabar, kai jie su\u017eyd\u0117jo, juos \u010dia ir i\u0161met\u0117. Tai reikia atskirti. \u010cia yra makrodumbliai \u2013 akimi matomi dumbliai\u201c, \u2013 pabr\u0117\u017e\u0117 M. Bu\u010das.<\/p>\n<p>Palangos komunalininkai traktoriais ve\u017e\u0117 dumbli\u0173 kalnus i\u0161 papl\u016bdimi\u0173. Komunalinink\u0173 vadovas sak\u0117, kad taip suskubta daryti, jog, orams \u0161ylant, puv\u0117si\u0173 kvapas neg\u0105sdint\u0173 kurortinink\u0173. Klaip\u0117dos papl\u016bdimiuose dumbli\u0173 buvo gausu ne visur.<\/p>\n<p>\u201eBanga pakils ir nuplaus. Kai matysime, kiek j\u016bra nuplaus, matysime, kur liks didesn\u0117s sankaupos, ir bandysime jas i\u0161ve\u017eti. Ta\u010diau dideli\u0173 darb\u0173, kokie tenka Palangai ar \u0160ventajai, tikrai nebus\u201c, \u2013 sak\u0117 Melnrag\u0117s\u2013Giruli\u0173 tvarkymo skyriaus ved\u0117jas Marius Maliorius.<\/p>\n<p>       <img decoding=\"async\" src=\"https:\/\/www.europesays.com\/lt\/wp-content\/uploads\/2026\/07\/73b2bf01-f3ad-46fe-b697-c670a7d2f32c.jpg\" loading=\"lazy\" alt=\"Dumbliai\"\/>      <\/p>\n<p>Mokslininkai sak\u0117, kad dumbliai n\u0117ra pavojingi, ta\u010diau ilgai krante p\u016bti negali, nes jie yra bakterij\u0173 maistas. Juose randama fekalini\u0173 ir itin pavojing\u0173, rimtas infekcijas galin\u010di\u0173 sukelti \u201eVibrio\u201c bakterij\u0173.<\/p>\n<p>\u201eTokiose dumbli\u0173 sankaupose stebime pagaus\u0117jim\u0105 \u0161i\u0173 bakterij\u0173, kurios gali b\u016bti patogeni\u0161kos \u017emogui. Vadinasi, jeigu dumbliai kaupiasi rekreacin\u0117je aplinkoje, papl\u016bdimiuose, ir ten i\u0161b\u016bna ilgiau nei vien\u0105, dvi ar tris dienas, rekomenduotume juos \u0161alinti\u201c, \u2013 pabr\u0117\u017e\u0117 Klaip\u0117dos universiteto mokslinink\u0117 Marija Katar\u017eyt\u0117.<\/p>\n<p>Kad dumbliai jau nebe gintar\u0173 saugykla ar gera tr\u0105\u0161a dar\u017eams, i\u0161dav\u0117 kvapas.<\/p>\n<p>    <img decoding=\"async\" src=\"https:\/\/www.europesays.com\/lt\/wp-content\/uploads\/2026\/07\/94d648ec-6f8c-4bf2-8758-9dd963ec925f.jpg\" loading=\"lazy\" alt=\"Dumbliai\"\/>      <\/p>\n<p>\u201eKai at\u0117j\u0119 \u012f papl\u016bdim\u012f jau\u010diame supuvusio kiau\u0161inio kvap\u0105, nes i\u0161siskiria sieros kvapas, vadinasi, prasid\u0117jo intensyv\u016bs skaidymo procesai ir mikroorganizm\u0173 gal\u0117jo gerokai padaug\u0117ti. Tokiu atveju rekomenduo\u010diau vengti eiti \u012f vanden\u012f, ypa\u010d jeigu turite \u017eaizd\u0173\u201c, \u2013 \u012fsp\u0117jo M. Katar\u017eyt\u0117.<\/p>\n<p>Antraip, anot mokslinink\u0173, did\u0117ja rizika u\u017esikr\u0117sti pavojingomis bakterijomis.<\/p>\n","protected":false},"excerpt":{"rendered":"Per tir\u0161t\u0105 r\u016bk\u0105 ir pakrant\u0117je susikaupusius j\u016bros dumblius j\u016bros beveik nebuvo matyti. \u201eLabai daug dumbli\u0173. Teko pab\u016bti Liepojoje&hellip;\n","protected":false},"author":2,"featured_media":229045,"comment_status":"","ping_status":"","sticky":false,"template":"","format":"standard","meta":{"footnotes":"","_share_on_mastodon":"0"},"categories":[13],"tags":[25,30,31,34,35,24,33963,511,13212,32,33,37,39,36,38,40,23,22,32223,2801,28,29,26,27],"class_list":["post-229044","post","type-post","status-publish","format-standard","has-post-thumbnail","category-lietuva","tag-antrastes","tag-breaking-news","tag-breakingnews","tag-featured-news","tag-featurednews","tag-headlines","tag-juros-dumbliai","tag-klaipeda","tag-klaipedos-universitetas","tag-latest-news","tag-latestnews","tag-lietuva","tag-lietuviu","tag-lithuania","tag-lithuanian","tag-lt","tag-naujienos","tag-news","tag-pajurio-papludimiai","tag-palanga","tag-populiariausios-naujienos","tag-populiariausiosnaujienos","tag-top-stories","tag-topstories"],"share_on_mastodon":{"url":"https:\/\/pubeurope.com\/@lt\/116922640238014358","error":""},"_links":{"self":[{"href":"https:\/\/www.europesays.com\/lt\/wp-json\/wp\/v2\/posts\/229044","targetHints":{"allow":["GET"]}}],"collection":[{"href":"https:\/\/www.europesays.com\/lt\/wp-json\/wp\/v2\/posts"}],"about":[{"href":"https:\/\/www.europesays.com\/lt\/wp-json\/wp\/v2\/types\/post"}],"author":[{"embeddable":true,"href":"https:\/\/www.europesays.com\/lt\/wp-json\/wp\/v2\/users\/2"}],"replies":[{"embeddable":true,"href":"https:\/\/www.europesays.com\/lt\/wp-json\/wp\/v2\/comments?post=229044"}],"version-history":[{"count":0,"href":"https:\/\/www.europesays.com\/lt\/wp-json\/wp\/v2\/posts\/229044\/revisions"}],"wp:featuredmedia":[{"embeddable":true,"href":"https:\/\/www.europesays.com\/lt\/wp-json\/wp\/v2\/media\/229045"}],"wp:attachment":[{"href":"https:\/\/www.europesays.com\/lt\/wp-json\/wp\/v2\/media?parent=229044"}],"wp:term":[{"taxonomy":"category","embeddable":true,"href":"https:\/\/www.europesays.com\/lt\/wp-json\/wp\/v2\/categories?post=229044"},{"taxonomy":"post_tag","embeddable":true,"href":"https:\/\/www.europesays.com\/lt\/wp-json\/wp\/v2\/tags?post=229044"}],"curies":[{"name":"wp","href":"https:\/\/api.w.org\/{rel}","templated":true}]}}