{"id":229131,"date":"2026-07-15T08:14:17","date_gmt":"2026-07-15T08:14:17","guid":{"rendered":"https:\/\/www.europesays.com\/lt\/229131\/"},"modified":"2026-07-15T08:14:17","modified_gmt":"2026-07-15T08:14:17","slug":"omberg-group-zengia-i-nt-fondu-valdymo-rinka","status":"publish","type":"post","link":"https:\/\/www.europesays.com\/lt\/229131\/","title":{"rendered":"\u201eOmberg Group\u201c \u017eengia \u012f NT fond\u0173 valdymo rink\u0105"},"content":{"rendered":"<p>\u201eValdymo \u012fmon\u0117s id\u0117ja buvo prad\u0117ta kurti pernai, reaguojant \u012f brand\u017ei\u0173 investuotoj\u0173 poreik\u012f efektyviai ir racionaliai \u012fdarbinti <a rel=\"noopener nofollow\" target=\"_blank\" href=\"https:\/\/www.delfi.lt\/temos\/kapitalas\" tag-id=\"64941549\">kapital\u0105<\/a>, o gavus veiklos leidim\u0105 \u2013 baigiama burti profesionali komanda\u201c, \u2013 sako bendrov\u0117s \u201e<a rel=\"noopener nofollow\" target=\"_blank\" href=\"https:\/\/www.delfi.lt\/temos\/omberg-group\" tag-id=\"90308973\">Omberg Group<\/a>\u201c generalin\u0117 direktor\u0117 Deimant\u0117 Laumyt\u0117.<\/p>\n<p>    <img decoding=\"async\" src=\"https:\/\/www.europesays.com\/lt\/wp-content\/uploads\/2026\/07\/6b554a6a-b900-43cf-b369-c7a36557af8f.jpg\" loading=\"lazy\" alt=\"Deimant\u0117 Laumyt\u0117\"\/>      <\/p>\n<p>\u201eOmberg Asset Management\u201c vadovu paskirtas ilgametis NT fond\u0173 valdymo ekspertas Deividas Rinkevi\u010dius.<\/p>\n<p>Investicijos \u012f gyvenamosios paskirties objektus nuo 125 t\u016bkst. eur\u0173<\/p>\n<p>Strateginis naujai steigiam\u0173 investicini\u0173 fond\u0173 d\u0117mesys bus sutelktas \u012f gyvenamosios paskirties objektus nam\u0173 rinkoje \u2013 Vilniuje, Kaune ir paj\u016bryje. Kartu su tuo \u201eOmberg Asset Management\u201c d\u0117mes\u012f skirs ir darbui su potencialiais u\u017esienio NT projektais Lenkijoje ir Latvijoje.<\/p>\n<p>       <img decoding=\"async\" src=\"https:\/\/www.europesays.com\/lt\/wp-content\/uploads\/2026\/07\/a95d0fbe-aec0-47c9-8696-2541324082db.jpg\" loading=\"lazy\" alt=\"Deividas Rinkevi\u010dius\"\/>      <\/p>\n<p>\u201eMinimali investicija \u012f fond\u0105 sieks 125 t\u016bkst. eur\u0173. Jau ruden\u012f bus pristatytos investicin\u0117s galimyb\u0117s skirtinguose projekt\u0173 etapuose (nulin\u0117je faz\u0117je arba prie\u0161 pat statybas), o \u0161iuo metu baigiami rengti konkret\u016bs pasi\u016blymai investuotojams\u201c, \u2013 teigia \u201eOmberg Asset Management\u201c vadovas.<\/p>\n<p>Anot jo, investuotojai patys valdys savo gr\u0105\u017eos potencial\u0105, rinkdamiesi i\u0161 skirting\u0173 investicij\u0173 klasi\u0173 pagal asmenin\u012f rizikos apetit\u0105: ankstyvoji projekto stadija leis maksimizuoti peln\u0105 prisiimant didesn\u0119 rizik\u0105, o v\u0117lesni etapai u\u017etikrins nuosaikesn\u012f, \u017eemesn\u0117s rizikos rezultat\u0105.<\/p>\n<p>Per artimiausius metus investuotojams bus atverta apie 10 nauj\u0173 investicini\u0173 galimybi\u0173.<\/p>\n<p>\u201eOmberg Group\u201c veiks kaip pagrindinis investuotojas, tod\u0117l \u012fmon\u0117 rizikuos savo pa\u010dios l\u0117\u0161omis kartu su partneriais, bet pirmenybin\u0119 gr\u0105\u017e\u0105 skirs investuotojams. <\/p>\n<p>Investicin\u0117se bendrov\u0117se, kurias valdys UAB \u201eOmberg Asset Management\u201c, bus pritaikytos Akcini\u0173 bendrovi\u0173 \u012fstatymo naujov\u0117s \u2013 investuotojams bus si\u016blomos i\u0161perkamosios akcijos, palengvinta dividend\u0173 i\u0161mok\u0117jimo tvarka.<\/p>\n","protected":false},"excerpt":{"rendered":"\u201eValdymo \u012fmon\u0117s id\u0117ja buvo prad\u0117ta kurti pernai, reaguojant \u012f brand\u017ei\u0173 investuotoj\u0173 poreik\u012f efektyviai ir racionaliai \u012fdarbinti kapital\u0105, o&hellip;\n","protected":false},"author":2,"featured_media":229132,"comment_status":"","ping_status":"","sticky":false,"template":"","format":"standard","meta":{"footnotes":"","_share_on_mastodon":"0"},"categories":[17],"tags":[81,12013,37,39,36,38,40,22899,46],"class_list":["post-229131","post","type-post","status-publish","format-standard","has-post-thumbnail","category-verslas","tag-business","tag-kapitalas","tag-lietuva","tag-lietuviu","tag-lithuania","tag-lithuanian","tag-lt","tag-omberg-group","tag-verslas"],"share_on_mastodon":{"url":"https:\/\/pubeurope.com\/@lt\/116922998071914349","error":""},"_links":{"self":[{"href":"https:\/\/www.europesays.com\/lt\/wp-json\/wp\/v2\/posts\/229131","targetHints":{"allow":["GET"]}}],"collection":[{"href":"https:\/\/www.europesays.com\/lt\/wp-json\/wp\/v2\/posts"}],"about":[{"href":"https:\/\/www.europesays.com\/lt\/wp-json\/wp\/v2\/types\/post"}],"author":[{"embeddable":true,"href":"https:\/\/www.europesays.com\/lt\/wp-json\/wp\/v2\/users\/2"}],"replies":[{"embeddable":true,"href":"https:\/\/www.europesays.com\/lt\/wp-json\/wp\/v2\/comments?post=229131"}],"version-history":[{"count":0,"href":"https:\/\/www.europesays.com\/lt\/wp-json\/wp\/v2\/posts\/229131\/revisions"}],"wp:featuredmedia":[{"embeddable":true,"href":"https:\/\/www.europesays.com\/lt\/wp-json\/wp\/v2\/media\/229132"}],"wp:attachment":[{"href":"https:\/\/www.europesays.com\/lt\/wp-json\/wp\/v2\/media?parent=229131"}],"wp:term":[{"taxonomy":"category","embeddable":true,"href":"https:\/\/www.europesays.com\/lt\/wp-json\/wp\/v2\/categories?post=229131"},{"taxonomy":"post_tag","embeddable":true,"href":"https:\/\/www.europesays.com\/lt\/wp-json\/wp\/v2\/tags?post=229131"}],"curies":[{"name":"wp","href":"https:\/\/api.w.org\/{rel}","templated":true}]}}