{"id":229370,"date":"2026-07-15T13:18:11","date_gmt":"2026-07-15T13:18:11","guid":{"rendered":"https:\/\/www.europesays.com\/lt\/229370\/"},"modified":"2026-07-15T13:18:11","modified_gmt":"2026-07-15T13:18:11","slug":"stojimai-2026-m-ko-labiausiai-bijo-abiturientai-ir-ka-pataria-priemimo-ekspertai-delfi","status":"publish","type":"post","link":"https:\/\/www.europesays.com\/lt\/229370\/","title":{"rendered":"Stojimai 2026 m.: ko labiausiai bijo abiturientai ir k\u0105 pataria pri\u0117mimo ekspertai &#8211; Delfi"},"content":{"rendered":"<ol>\n<li><a href=\"https:\/\/news.google.com\/rss\/articles\/CBMiygFBVV95cUxNVnREZUJpVUJGcGROeGp2azJRWktrekxGa2xRQkNHLTYyMDdCT3FaSUtIOTJoUTFTZlliakZ6Wmk4ajlwX08wVGNreVFHNWJjaXJ5di1Td3c2dkplXzYtdEdMWW1vWmt6WVlfWG0yUG45ZUhhbHVreUZWYmMxLWpOYzIxTnlWWHNodDliS2Qyd1BRZ2hneHBvNzB4WUlUS2JYeFptOS1vSk4zT1pVcEJSNFlueDg0ck9zblUtZWxZRV83RF9OejZOVzV3?oc=5\" target=\"_blank\" rel=\"nofollow noopener\">Stojimai 2026 m.: ko labiausiai bijo abiturientai ir k\u0105 pataria pri\u0117mimo ekspertai<\/a>&nbsp;&nbsp;Delfi<\/li>\n<li><a href=\"https:\/\/news.google.com\/rss\/articles\/CBMiygFBVV95cUxOZnFZQzdUWXFIcDB4MGJlUWRzT0RpRnJSZ0R5TWk4TGtodXlfQXlqSDFKUVEtSFpBZXlvWXF5Vm5ZSVlRS0pZZHNxUFRfak1SQ0IwUE91ZW5SU21GTm1EZkZSN01RWUpyZ29hTnpIRjBhQlBVaTREUzZRMklTTXoyUnlxMGNrVTlTY29OWnBBcTEyYVVIM3ZOVnlFcWtjZVdVSGZIMVlyYm1fY2YtM1p6ZXpHVVNFWmU4T1NVOVRZS2FTRjFxdHBBNmFn?oc=5\" target=\"_blank\" rel=\"nofollow noopener\">Saugiausios ateities profesijos: k\u0105 rinktis stojantiesiems 2026-aisiais?<\/a>&nbsp;&nbsp;15min.lt<\/li>\n<li><a href=\"https:\/\/news.google.com\/rss\/articles\/CBMi2AFBVV95cUxOcTJ5QlN0SE1BTXJpQWhuZkFmZ0hVUllKQ0dqeXUxM1lEaW9CR0Q5SzZaNjBnUHE5NnNhX2RuRHNpc3EzWWJMLVJnOTM3VUxiRFp6Y05FSGJJRUtrcmhDV09fYVVzTDR5bmtjSEFoaEtwSl9TX2VjdGJDUmVES29ZVTVGOXdUa3BmN0g5T0lCcEw0MUtmbGN6SGVTZlNXQl9Ubi1iWXd3d29OdExHdWs1aTYyYW9yemRVUURLZXktamR0elJ6d0c4SEZwbUpnTHdwenBkNThQRDU?oc=5\" target=\"_blank\" rel=\"nofollow noopener\">Naujoji verslo specialist\u0173 karta: kod\u0117l \u012fmon\u0117ms reikia \u017emoni\u0173, suprantan\u010di\u0173 technologijas<\/a>&nbsp;&nbsp;Elektronika.lt<\/li>\n<li><a href=\"https:\/\/news.google.com\/rss\/articles\/CBMitwFBVV95cUxOMWFXNXVRMTIzX0JJUDgyTFlfT0V6THdVVm1NQXk3enBaSVRndWdmWUx0dFJpRXM5azhlcnRaYnFyOXdNbzBJbUprNGpuRllLbEtQMnRmSGhjcEJnM0V0dF8yR0NKWjhiX1JlVUxObjN4ZTdXMTJSQWc4a2FQcHhfbjlKdzJEdnlyQ1FPaTJXQWsxcWFaVWNvNXlLZlhYQmhUTUtsX0pNMTJ6dm9QT3Vac1B1TFN0bEk?oc=5\" target=\"_blank\" rel=\"nofollow noopener\">\u0160i\u0173 darbuotoj\u0173 netrukus tr\u016bks visur: vien diplomo darbdaviams jau nebepakaks<\/a>&nbsp;&nbsp;Kaipkada.lt<\/li>\n<li><a href=\"https:\/\/news.google.com\/rss\/articles\/CBMiwgFBVV95cUxOSHA0RGctdEhxY2RVdlYwblB3RXpsOTF0WmxJZ2RjdWtrLXdKOW0wRlBWbHZ2QVJiVWE2VkJ0MUhTTnByVlN3eG41NlR5N3pxUDAtRWxqT2stVC0yVlRRVUY4MVA0OUYwb1QwZWE1UVNMTUcwRzl6S2xqSVhpazBNTGVySlVnR09VbmVUam4tVktzZy0wNVFlaS02OFZSZTUxaE1JN3h3TkI1UHZBUFEzSkFZNkpYNDhpWjVwSW81N1Jodw?oc=5\" target=\"_blank\" rel=\"nofollow noopener\">Universiteto diplomas praranda vert\u0119? Jaunimas vis da\u017eniau renkasi profesijas, kuri\u0173 DI nepakeis<\/a>&nbsp;&nbsp;Laikas.lt<\/li>\n<\/ol>\n","protected":false},"excerpt":{"rendered":"Stojimai 2026 m.: ko labiausiai bijo abiturientai ir k\u0105 pataria pri\u0117mimo ekspertai&nbsp;&nbsp;Delfi Saugiausios ateities profesijos: k\u0105 rinktis stojantiesiems&hellip;\n","protected":false},"author":2,"featured_media":229371,"comment_status":"","ping_status":"","sticky":false,"template":"","format":"standard","meta":{"footnotes":"","_share_on_mastodon":"0"},"categories":[17],"tags":[81,37,39,36,38,40,3026,46,34277,626],"class_list":["post-229370","post","type-post","status-publish","format-standard","has-post-thumbnail","category-verslas","tag-business","tag-lietuva","tag-lietuviu","tag-lithuania","tag-lithuanian","tag-lt","tag-studijos","tag-verslas","tag-vilniaus-kolegija","tag-vilnius"],"share_on_mastodon":{"url":"https:\/\/pubeurope.com\/@lt\/116924193556764694","error":""},"_links":{"self":[{"href":"https:\/\/www.europesays.com\/lt\/wp-json\/wp\/v2\/posts\/229370","targetHints":{"allow":["GET"]}}],"collection":[{"href":"https:\/\/www.europesays.com\/lt\/wp-json\/wp\/v2\/posts"}],"about":[{"href":"https:\/\/www.europesays.com\/lt\/wp-json\/wp\/v2\/types\/post"}],"author":[{"embeddable":true,"href":"https:\/\/www.europesays.com\/lt\/wp-json\/wp\/v2\/users\/2"}],"replies":[{"embeddable":true,"href":"https:\/\/www.europesays.com\/lt\/wp-json\/wp\/v2\/comments?post=229370"}],"version-history":[{"count":0,"href":"https:\/\/www.europesays.com\/lt\/wp-json\/wp\/v2\/posts\/229370\/revisions"}],"wp:featuredmedia":[{"embeddable":true,"href":"https:\/\/www.europesays.com\/lt\/wp-json\/wp\/v2\/media\/229371"}],"wp:attachment":[{"href":"https:\/\/www.europesays.com\/lt\/wp-json\/wp\/v2\/media?parent=229370"}],"wp:term":[{"taxonomy":"category","embeddable":true,"href":"https:\/\/www.europesays.com\/lt\/wp-json\/wp\/v2\/categories?post=229370"},{"taxonomy":"post_tag","embeddable":true,"href":"https:\/\/www.europesays.com\/lt\/wp-json\/wp\/v2\/tags?post=229370"}],"curies":[{"name":"wp","href":"https:\/\/api.w.org\/{rel}","templated":true}]}}