{"id":229504,"date":"2026-07-15T15:51:15","date_gmt":"2026-07-15T15:51:15","guid":{"rendered":"https:\/\/www.europesays.com\/lt\/229504\/"},"modified":"2026-07-15T15:51:15","modified_gmt":"2026-07-15T15:51:15","slug":"globos-issukiai-kaip-berniukas-atrado-seima","status":"publish","type":"post","link":"https:\/\/www.europesays.com\/lt\/229504\/","title":{"rendered":"Globos i\u0161\u0161\u016bkiai: kaip berniukas atrado \u0161eim\u0105"},"content":{"rendered":"<p>Did\u017eiausia visuomen\u0117s baim\u0117 \u2013 \u201enetinkamas\u201c vaiko elgesys<\/p>\n<p>Atliekami visuomen\u0117s nuomon\u0117s tyrimai rodo, kad viena i\u0161 pagrindini\u0173 prie\u017eas\u010di\u0173, stabdan\u010di\u0173 \u017emones \u017eengti globos keliu, yra baim\u0117 susidurti su sunkiai valdomu vaiko elgesiu.<\/p>\n<p>Pasak R. Ladauskien\u0117s, \u0161iandien\u0117je visuomen\u0117je jau\u010diama stipri tendencija reikalauti i\u0161 vaik\u0173 tobulumo: kad jie b\u016bt\u0173 uol\u016bs, visada besi\u0161ypsantys ir vykdyt\u0173 nurodymus \u010dia ir dabar. Kai vaikas elgiasi kitaip, suaugusieji da\u017enai link\u0119 nuo jo nusisukti.<\/p>\n<p>\u201eMes pamatome, kad netinkamas elgesys yra nepatenkint\u0173 poreiki\u0173 kalba. Mes, suaugusieji, tur\u0117tume ateiti t\u0173 poreiki\u0173 tenkinti, ta\u010diau i\u0161eina prie\u0161ingai \u2013 suaugusieji kaip tik tolsta nuo vaik\u0173. Tikrai manome, kad b\u016btina apie tai kalb\u0117ti visuomenei\u201c, \u2013 teigia R. Ladauskien\u0117.<\/p>\n<p>       <img decoding=\"async\" src=\"https:\/\/www.europesays.com\/lt\/wp-content\/uploads\/2026\/07\/3a40b068-4a1b-418b-ab31-e4f256cb3d5b.jpg\" loading=\"lazy\" alt=\"Globos centrus vienijan\u010dio tinklo \u201eVaikai yra vaikai\u201c vadov\u0117 Rugil\u0117 Ladauskien\u0117\"\/>      <\/p>\n<p>Anot pa\u0161nekov\u0117s, po vaiko pyk\u010diu ar u\u017esisklendimu da\u017enai slypi tokie dalykai:<\/p>\n<p>\u00b7 Nepatenkinti baziniai poreikiai. Vaikas gali b\u016bti nepavalg\u0119s, nemiegoj\u0119s ar pervarg\u0119s. Kaip ir suaugusieji, vaikai tampa piktesni, kai jau\u010diasi fizi\u0161kai blogai.<\/p>\n<p>\u00b7 Sensoriniai i\u0161\u0161\u016bkiai. Dirginantis ap\u0161vietimas, per garsus triuk\u0161mas ar taktilinis diskomfortas (dirginama oda ir pan.).<\/p>\n<p>\u00b7 Emociniai poreikiai. Jausmas, kad esi nematomas, nei\u0161girstas ir niekam nereikalingas. \u0160is skausmas da\u017eniausiai i\u0161rei\u0161kiamas per pykt\u012f.<\/p>\n<p>Jei vaikas netenka saugios \u0161eimos aplinkos, jam pirmiausia reikia saugumo ir garantijos, kad suaug\u0119s \u017emogus jo nebeapleis. R. Ladauskien\u0117 pastebi skaud\u017ei\u0105 ties\u0105 \u2013 net ir biologin\u0117se \u0161eimose vaikai neretai g\u0105sdinami fraze: \u201eJei blogai elgsiesi, atiduosime tave \u012f vaik\u0173 namus.\u201c Tai sukelia gili\u0105 paliktumo baim\u0119, traumas ir dar labiau provokuoja netinkam\u0105 elges\u012f.<\/p>\n<p>Jovitos istorija: vietoje vienos mergait\u0117s \u2013 du berniukai<\/p>\n<p>Gydytoja Jovita Samauskien\u0117 glob\u0117ja tapo prie\u0161 \u0161e\u0161erius metus. \u012e glob\u0105 \u0161eima at\u0117jo vedina noro auginti mergait\u0119, mat patys jau augino du biologinius s\u016bnus. Ta\u010diau likimas visk\u0105 sud\u0117liojo kitaip \u2013 \u0161eima tapo dviej\u0173 ma\u017e\u0173 broliuk\u0173 glob\u0117jais. Vienam i\u0161 j\u0173 tuo metu buvo vos penki m\u0117nesiai, kitam \u2013 pustre\u010di\u0173 met\u0173.<\/p>\n<p>Pirm\u0105j\u012f susitikim\u0105 Jovita prisimena taip, tarsi jis b\u016bt\u0173 \u012fvyk\u0119s vakar. Vyresnysis berniukas buvo itin aktyvus, sunkiai u\u017emezg\u0117 kontakt\u0105, o Jovita, kaip medik\u0117, i\u0161kart pasteb\u0117jo tam tikrus emocij\u0173 ir elgesio sutrikimus. Ta\u010diau visk\u0105 pakeit\u0117 viena akimirka.<\/p>\n<p>\u201eT\u0105 susitikimo dien\u0105 tas dviej\u0173 su puse met\u0173 berniukas \u012fsikibo mano vyrui \u012f rank\u0105 ir sako: \u201eVa\u017eiuojam namo.\u201c Mes atva\u017eiavome nor\u0117dami vienos mergait\u0117s, o susipa\u017einome su dviem berniukais, i\u0161 kuri\u0173 vienas jau kibosi \u012f rank\u0105. T\u0105 pat\u012f vakar\u0105 su vyru apkalb\u0117jome, kad negalime j\u0173 nepaimti\u201c, \u2013 jautriu prisiminimu dalijasi Jovita.<\/p>\n<p>Moteris neslepia, kad prad\u017eioje tur\u0117jo baimi\u0173, ta\u010diau suvok\u0117, jog berniuko elgesys buvo gilaus emocinio apleistumo pasekm\u0117. B\u016bdamas vos pustre\u010di\u0173 met\u0173, vaikas jau kraust\u0117si \u012f ketvirtuosius savo namus.<\/p>\n<p>Ry\u0161io atrakinimas: 100 kart\u0173 atstums, bet 101-\u0105j\u012f priims<\/p>\n<p>J. Samauskien\u0117s teigimu, ry\u0161io k\u016brimas su vaikais yra ilgas, nuoseklus ir kantrus darbas.<\/p>\n<p>\u201eTai yra darbas, kai \u0161imt\u0105 kart\u0173 pabandai prieiti, rasti kontakt\u0105, ir \u0161imt\u0105 kart\u0173 tave atstumia. Bet tas nuoseklumas ir nuolatinis bandymas parodyti vaikui, kad tu neatstumsi jo ir po de\u0161imto karto, ir buvo s\u0117km\u0117 pasiekti vaiko \u0161ird\u012f. Ma\u017edaug po pus\u0117s met\u0173 jis mane prie dar\u017eelio pavadino mama.<\/p>\n<p>Tas \u0161irdies atrakinimas ir yra nuoseklus darbas bei suvokimas: jei \u012frodysi vaikui, kad esi saugus ir nepaliksi jo tada, kai jis piktas, kai jam li\u016bdna, kai jam skauda ar kai jis bando tavo ribas \u2013 tai ir bus s\u0117km\u0117\u201c, \u2013 sako moteris.<\/p>\n<p>Tapimas glob\u0117jais \u0161eimai atne\u0161\u0117 ir netik\u0117t\u0173 atradim\u0173. Jovita d\u017eiaugiasi pama\u010diusi, kokia stipri komanda yra jos \u0161eima. Biologiniai s\u016bn\u016bs \u0161iltai pri\u0117m\u0117 ma\u017euosius, vadina juos broliais ir jais r\u016bpinasi. \u0160tai vyresnysis s\u016bnus dabar kasdien po valand\u0105 padeda globojamam pirmokui ruo\u0161tis mokyklai.<\/p>\n<p>    <img decoding=\"async\" src=\"https:\/\/www.europesays.com\/lt\/wp-content\/uploads\/2026\/07\/9ec04be3-d248-46f2-a1d7-b6d1a61ce5d9.jpg\" loading=\"lazy\" alt=\"Glob\u0117ja Jovita Samauskien\u0117\"\/>      <\/p>\n<p>Visiems, kurie vis dar abejoja d\u0117l globos ar bijo stereotip\u0173, Jovita turi paprast\u0105 patarim\u0105:<\/p>\n<p>\u201eA\u0161 po \u0161i\u0173 met\u0173 supratau viena \u2013 meil\u0117 yra sukuriama kasdien\u0117mis ma\u017eomis smulkmenomis. Reikia klausyti savo \u0161irdies balso, nes mes geriausiai jau\u010diame, kiek galime. Jeigu yra bent ma\u017eiausias noras ir ma\u017eiausia viltis, reikia tiesiog daryti. O darant ir pasidaro.\u201c<\/p>\n<p>Statistika, kuri\u0105 privalome keisti<\/p>\n<p>R. Ladauskien\u0117 pastebi, kad nors globos institucijose augan\u010di\u0173 vaik\u0173 skai\u010dius Lietuvoje kasmet ma\u017e\u0117ja, situacija i\u0161lieka rimta:<\/p>\n<p>\u00b7 938 vaikai vis dar auga globos institucijose.<\/p>\n<p>\u00b7 Apie 1000 vaik\u0173 kasmet patenka \u012f laikin\u0105j\u0105 glob\u0105.<\/p>\n<p>\u00b7 Dalis \u0161i\u0173 vaik\u0173 negali gr\u012f\u017eti \u012f biologines \u0161eimas d\u0117l sunki\u0173 t\u0117v\u0173 priklausomybi\u0173 bei sistemini\u0173 problem\u0173, kuri\u0173 nepavyksta i\u0161spr\u0119sti net padedant specialistams.<\/p>\n<p>\u201eN\u0117 vienas i\u0161 m\u016bs\u0173 nenor\u0117t\u0173, kad m\u016bs\u0173 artimas \u017emogus gyvent\u0173 institucijoje. Su visa pagarba socialiniams darbuotojams, jie negali atstoti tikros \u0161eimos, kurioje visi dirba kaip komanda. Tod\u0117l mes turime nuolat ie\u0161koti glob\u0117j\u0173 \u0161eim\u0173, kurios tapt\u0173 \u0161iems vaikams namais ir pad\u0117t\u0173 jiems u\u017eaugti visaver\u010diais visuomen\u0117s nariais\u201c, \u2013 pokalb\u012f viltingai u\u017ebaigia R. Ladauskien\u0117.<\/p>\n","protected":false},"excerpt":{"rendered":"Did\u017eiausia visuomen\u0117s baim\u0117 \u2013 \u201enetinkamas\u201c vaiko elgesys Atliekami visuomen\u0117s nuomon\u0117s tyrimai rodo, kad viena i\u0161 pagrindini\u0173 prie\u017eas\u010di\u0173, stabdan\u010di\u0173&hellip;\n","protected":false},"author":2,"featured_media":229505,"comment_status":"","ping_status":"","sticky":false,"template":"","format":"standard","meta":{"footnotes":"","_share_on_mastodon":"0"},"categories":[13],"tags":[25,30,31,34,35,13984,24,32,33,37,39,36,38,40,23,22,28,29,26,27,692,31835],"class_list":["post-229504","post","type-post","status-publish","format-standard","has-post-thumbnail","category-lietuva","tag-antrastes","tag-breaking-news","tag-breakingnews","tag-featured-news","tag-featurednews","tag-globa","tag-headlines","tag-latest-news","tag-latestnews","tag-lietuva","tag-lietuviu","tag-lithuania","tag-lithuanian","tag-lt","tag-naujienos","tag-news","tag-populiariausios-naujienos","tag-populiariausiosnaujienos","tag-top-stories","tag-topstories","tag-vaikai","tag-vaiku-globa"],"share_on_mastodon":{"url":"https:\/\/pubeurope.com\/@lt\/116924795438678368","error":""},"_links":{"self":[{"href":"https:\/\/www.europesays.com\/lt\/wp-json\/wp\/v2\/posts\/229504","targetHints":{"allow":["GET"]}}],"collection":[{"href":"https:\/\/www.europesays.com\/lt\/wp-json\/wp\/v2\/posts"}],"about":[{"href":"https:\/\/www.europesays.com\/lt\/wp-json\/wp\/v2\/types\/post"}],"author":[{"embeddable":true,"href":"https:\/\/www.europesays.com\/lt\/wp-json\/wp\/v2\/users\/2"}],"replies":[{"embeddable":true,"href":"https:\/\/www.europesays.com\/lt\/wp-json\/wp\/v2\/comments?post=229504"}],"version-history":[{"count":0,"href":"https:\/\/www.europesays.com\/lt\/wp-json\/wp\/v2\/posts\/229504\/revisions"}],"wp:featuredmedia":[{"embeddable":true,"href":"https:\/\/www.europesays.com\/lt\/wp-json\/wp\/v2\/media\/229505"}],"wp:attachment":[{"href":"https:\/\/www.europesays.com\/lt\/wp-json\/wp\/v2\/media?parent=229504"}],"wp:term":[{"taxonomy":"category","embeddable":true,"href":"https:\/\/www.europesays.com\/lt\/wp-json\/wp\/v2\/categories?post=229504"},{"taxonomy":"post_tag","embeddable":true,"href":"https:\/\/www.europesays.com\/lt\/wp-json\/wp\/v2\/tags?post=229504"}],"curies":[{"name":"wp","href":"https:\/\/api.w.org\/{rel}","templated":true}]}}