{"id":229667,"date":"2026-07-15T19:53:02","date_gmt":"2026-07-15T19:53:02","guid":{"rendered":"https:\/\/www.europesays.com\/lt\/229667\/"},"modified":"2026-07-15T19:53:02","modified_gmt":"2026-07-15T19:53:02","slug":"buves-irano-prezidentas-suimtas-del-rysiu-su-izraeliu-respublika-lt","status":"publish","type":"post","link":"https:\/\/www.europesays.com\/lt\/229667\/","title":{"rendered":"Buv\u0119s Irano prezidentas suimtas d\u0117l ry\u0161i\u0173 su Izraeliu &#8211; Respublika.lt"},"content":{"rendered":"<p>    \u00d7<\/p>\n<p>    (1\/1) Buv\u0119s Irano prezidentas Mahmudas Ahmadine\u017eadas. Stop kadras <a href=\"https:\/\/www.respublika.lt\/uploads\/img\/catalog\/1\/photo_1_64645445.jpg\" class=\"swiper-photo-download\" download=\"\" rel=\"nofollow noopener\" target=\"_blank\">Atsisi\u0173sti<\/a><\/p>\n<p><img loading=\"lazy\" decoding=\"async\" src=\"https:\/\/www.respublika.lt\/lt\/naujienos\/pasaulis\/pasaulio_politika\/buves-irano-prezidentas-suimtas-del-rysiu-su-izraeliu\/images\/ico_camera_white.gif\" class=\"camera\" width=\"22\" height=\"15\" alt=\"nuotr.\" style=\"position:relative; top:-2px; right:2px;\"\/> 1 nuotr.<\/p>\n<p>Buv\u0119s Irano prezidentas Mahmudas Ahmadine\u017eadas. Stop kadras<\/p>\n<p>Buv\u0119s Irano prezidentas Mahmudas Ahmadine\u017eadas (Mahmoud Ahmadinejad) buvo suimtas d\u0117l \u012ftarim\u0173 bendradarbiavimu su Izraelio \u017evalgyba. Apie tai prane\u0161\u0117 \u201eThe New York Times&#8221;.<\/p>\n<p style=\"text-align: justify;\" class=\"desktop_banner\">\u00a0<\/p>\n<p>Leidinyje teigiama, kad \u201eMossad&#8221; slapt\u0105 operacij\u0105, kuria buvo siekiama u\u017everbuoti politik\u0105, vykd\u0117 metus, nes mat\u0117 jame nauj\u0105 potencial\u0173 Irano lyder\u012f po politinio re\u017eimo pasikeitimo.<\/p>\n<p>Vienas i\u0161 pagrindini\u0173 operacijos etap\u0173 buvo 2024 m. Budape\u0161te organizuotas M.Ahmadine\u017eado ir Izraelio \u017evalgybos vadovo Davido Barnea susitikimas.<\/p>\n<p>Tam kaip priedanga Izraelio \u017evalgybos tarnybos pasinaudojo moksline konferencija apie klimat\u0105.<\/p>\n<p>Laikra\u0161tis taip pat pateikia informacij\u0105 apie reguliarius Izraelio piniginius pervedimus buvusio prezidento spaudos sekretoriui Akbarui D\u017eavanfekrui (Ali Akbar Javanfekr).<\/p>\n<p>Ypatingas d\u0117mesys skiriamas \u0161i\u0173 met\u0173 vasario 28 d. \u012fvykiams: per Izraelio raket\u0173 atak\u0105 prie\u0161 Teheran\u0105 nukent\u0117jo buvusio prezidento apsaugos pastatas, o v\u0117liau \u201eMossad&#8221; agentai juodu \u201ePeugeot&#8221; automobiliu tariamai nuve\u017e\u0117 politik\u0105 \u012f saugi\u0105 viet\u0105.<\/p>\n<p>V\u0117liau es\u0105 santykiai tarp M.Ahmadine\u017eado ir Izraelio pus\u0117s pablog\u0117jo, tod\u0117l jis savaranki\u0161kai paliko sl\u0117ptuv\u0119.<\/p>\n<p>Ilgai nesirod\u0119s vie\u0161umoje jis buvo pasteb\u0117tas tik per paskutin\u012f atsisveikinim\u0105 su ajatola Ali Chamen\u0117jumi (Ali Khamenei).<\/p>\n<p>\u0160iuo metu politiko statusas lieka neai\u0161kus: remiantis prane\u0161imais, jam gali b\u016bti taikomas nam\u0173 are\u0161tas, pri\u017ei\u016brint Islamo revoliucin\u0117s gvardijos pareig\u016bnams.<\/p>\n<p>M.Ahmadine\u017eadas &#8211; prie\u0161taringai vertinamas Irano politikas, \u0117jo \u0161alies prezidento pareigas dvi kadencijas nuo 2005 iki 2013 m.<\/p>\n<p>Jo valdymo laikotarpis pasi\u017eym\u0117jo radikalia antiamerikieti\u0161ka retorika, atvirais raginimais sunaikinti Izrael\u012f ir prie\u0161taringai vertinamos branduolin\u0117s programos vystymu.<\/p>\n<p>Patiko straipsnis? Leisk mums apie tai su\u017einoti. Nepamir\u0161k pasidalinti Facebook! <\/p>\n<p><img loading=\"lazy\" decoding=\"async\" class=\"p2_social_circle_icon\" src=\"https:\/\/www.respublika.lt\/images\/thumbs_up.svg\" width=\"21\" height=\"22\" alt=\"L\"\/><\/p>\n<p><img loading=\"lazy\" decoding=\"async\" class=\"p2_social_circle_icon\" src=\"https:\/\/www.respublika.lt\/images\/facebook.svg\" alt=\"F\" width=\"22\" height=\"22\" style=\"filter: invert(37%) sepia(55%) saturate(2351%) hue-rotate(187deg) brightness(102%) contrast(106%);\"\/><\/p>\n<p>&#13;<br \/>\n\tNesutinkate &#8211; diskutuokime!<br \/>&#13;<br \/>\n\tNepykite komentatoriai, bet komentarai su keiksma\u017eod\u017eiais bus \u0161alinami automati\u0161kai, be atsipra\u0161ymo.\n    <\/p>\n<p>&#13;<br \/>\n              Respublika.lt pasilieka teis\u0119 pa\u0161alinti nekult\u016bringus, keiksma\u017eod\u017eiais pagardintus, su tema nesusijusius, kito asmens vardu pasira\u0161ytus, \u012fstatymus pa\u017eeid\u017eian\u010dius, \u0161lam\u0161t\u0105 reklamuojan\u010dius ar nusikalsti kurstan\u010dius komentarus. Jei kurstysite smurt\u0105, rasin\u0119, tautin\u0119, religin\u0119 ar kitokio pob\u016bd\u017eio neapykant\u0105, \u017evirbliu i\u0161skrid\u0119 j\u016bs\u0173 \u017eod\u017eiai gr\u012f\u017edami gali virsti ton\u0105 sverian\u010diu jau\u010diu &#8211; specialiosioms Lietuvos tarnyboms pareikalavus suteiksime j\u016bs\u0173 duomenis.\n            <\/p>\n","protected":false},"excerpt":{"rendered":"\u00d7 (1\/1) Buv\u0119s Irano prezidentas Mahmudas Ahmadine\u017eadas. Stop kadras Atsisi\u0173sti 1 nuotr. Buv\u0119s Irano prezidentas Mahmudas Ahmadine\u017eadas. Stop&hellip;\n","protected":false},"author":2,"featured_media":229668,"comment_status":"","ping_status":"","sticky":false,"template":"","format":"standard","meta":{"footnotes":"","_share_on_mastodon":"0"},"categories":[15],"tags":[19005,34312,25,30,31,34,35,24,79,553,32,33,37,39,36,38,40,34313,23,22,44,28,29,684,21012,26,27,74,75,76],"class_list":["post-229667","post","type-post","status-publish","format-standard","has-post-thumbnail","category-pasaulis","tag-agentas","tag-ahmadinezadas","tag-antrastes","tag-breaking-news","tag-breakingnews","tag-featured-news","tag-featurednews","tag-headlines","tag-iranas","tag-izraelis","tag-latest-news","tag-latestnews","tag-lietuva","tag-lietuviu","tag-lithuania","tag-lithuanian","tag-lt","tag-mossad","tag-naujienos","tag-news","tag-pasaulis","tag-populiariausios-naujienos","tag-populiariausiosnaujienos","tag-prezidentas","tag-suimtas","tag-top-stories","tag-topstories","tag-world","tag-world-news","tag-worldnews"],"share_on_mastodon":{"url":"https:\/\/pubeurope.com\/@lt\/116925747050337543","error":""},"_links":{"self":[{"href":"https:\/\/www.europesays.com\/lt\/wp-json\/wp\/v2\/posts\/229667","targetHints":{"allow":["GET"]}}],"collection":[{"href":"https:\/\/www.europesays.com\/lt\/wp-json\/wp\/v2\/posts"}],"about":[{"href":"https:\/\/www.europesays.com\/lt\/wp-json\/wp\/v2\/types\/post"}],"author":[{"embeddable":true,"href":"https:\/\/www.europesays.com\/lt\/wp-json\/wp\/v2\/users\/2"}],"replies":[{"embeddable":true,"href":"https:\/\/www.europesays.com\/lt\/wp-json\/wp\/v2\/comments?post=229667"}],"version-history":[{"count":0,"href":"https:\/\/www.europesays.com\/lt\/wp-json\/wp\/v2\/posts\/229667\/revisions"}],"wp:featuredmedia":[{"embeddable":true,"href":"https:\/\/www.europesays.com\/lt\/wp-json\/wp\/v2\/media\/229668"}],"wp:attachment":[{"href":"https:\/\/www.europesays.com\/lt\/wp-json\/wp\/v2\/media?parent=229667"}],"wp:term":[{"taxonomy":"category","embeddable":true,"href":"https:\/\/www.europesays.com\/lt\/wp-json\/wp\/v2\/categories?post=229667"},{"taxonomy":"post_tag","embeddable":true,"href":"https:\/\/www.europesays.com\/lt\/wp-json\/wp\/v2\/tags?post=229667"}],"curies":[{"name":"wp","href":"https:\/\/api.w.org\/{rel}","templated":true}]}}