{"id":229710,"date":"2026-07-15T20:48:11","date_gmt":"2026-07-15T20:48:11","guid":{"rendered":"https:\/\/www.europesays.com\/lt\/229710\/"},"modified":"2026-07-15T20:48:11","modified_gmt":"2026-07-15T20:48:11","slug":"baltuosiuose-rumuose-sujudimas-delfi","status":"publish","type":"post","link":"https:\/\/www.europesays.com\/lt\/229710\/","title":{"rendered":"Baltuosiuose r\u016bmuose \u2013 sujudimas &#8211; Delfi"},"content":{"rendered":"<p>Pasak j\u0173, D. Trump\u0105 itin supykd\u0117 vie\u0161ai pasirod\u017eiusi informacija apie naujojo l\u0117ktuvo saugumo problemas, tod\u0117l jo administracija skubiai prad\u0117jo intensyv\u0173 nutekinimo tyrim\u0105, suk\u0117lus\u012f sumai\u0161t\u012f vyriausyb\u0117s institucijose.<\/p>\n<p>Viena i\u0161 JAV federalini\u0173 agent\u016br\u0173 i\u0161siunt\u0117 darbuotojams prane\u0161im\u0105, kuriame nurod\u0117, kad jei j\u0173 bus pra\u0161oma pateikti informacij\u0105 ar perduoti mobiliuosius telefonus, jie pirmiausia turi kreiptis \u012f savo agent\u016bros teisininkus.<\/p>\n<p>K. Patelas, kuris ruo\u0161\u0117si vykti \u012f \u010cikag\u0105, buvo i\u0161kviestas \u012f Baltuosius r\u016bmus, kad asmeni\u0161kai vadovaut\u0173 tyrimui. Jis tapo vie\u0161as ankstyv\u0105 \u0161e\u0161tadienio ryt\u0105, kai \u201eThe New York Times\u201c prane\u0161\u0117, jog JAV Teisingumo departamentas nusiunt\u0117 oficialius \u0161aukimus keturiems laikra\u0161\u010dio \u017eurnalistams, ra\u0161iusiems apie naujojo l\u0117ktuvo saugumo problemas.<\/p>\n<p>K. Patelas apytiksliai septynias valandas dirbo kabinete \u0161alia S. Wiles biuro. Balt\u0173j\u0173 r\u016bm\u0173 vakarin\u0117je dalyje jie \u012fk\u016br\u0117 special\u0173 tyrimo koordinavimo centr\u0105, kur\u012f vienas \u0161altinis pavadino \u201ekaro \u0161tabu\u201c.<\/p>\n<p>Tyr\u0117jai ne tik pra\u0161\u0117 pareig\u016bn\u0173 perduoti mobiliuosius telefonus, bet ir rinko informacij\u0105 i\u0161 \u017emoni\u0173, lyd\u0117jusi\u0173 D. Trump\u0105 kelion\u0117s metu arba dalyvavusi\u0173 jos organizavime. Tarp j\u0173 buvo ir \u012fvairi\u0173 federalini\u0173 institucij\u0173 pareig\u016bnai. Ta\u010diau ne visi papra\u0161yti darbuotojai sutiko atiduoti savo \u012frenginius.<\/p>\n<p>    <img decoding=\"async\" src=\"https:\/\/www.europesays.com\/lt\/wp-content\/uploads\/2026\/07\/e227fc5e-ba06-49c0-9626-d24ca9f56f07.jpg\" loading=\"lazy\" alt=\"D. Trumpas\"\/>      <\/p>\n<p>\u0160is tyrimas parod\u0117, kad Baltieji r\u016bmai siek\u0117 kontroliuoti teis\u0117saugos atliekam\u0105 tyrim\u0105. CNN teig\u0117, kad tai reik\u0161mingas nuokrypis nuo istori\u0161kai nepriklausomos Teisingumo departamento veiklos, nors D. Trumpo administracijos metu tokia praktika tapo da\u017enesn\u0117. Anks\u010diau CNN taip pat skelb\u0117, kad D. Trumpas telefonu aptar\u0117 nutekinimo tyrim\u0105 su K. Patelu.<\/p>\n<p>CNN kreip\u0117si \u012f Baltuosius r\u016bmus ir FTB d\u0117l komentaro.<\/p>\n<p>\u017durnalistai ir spaudos laisv\u0117s gyn\u0117jai sukritikavo Teisingumo departamento sprendim\u0105 i\u0161duoti \u0161aukimus \u201eThe New York Times\u201c \u017eurnalistams, teigdami, kad tai pa\u017eeid\u017eia Pirm\u0105j\u0105 JAV Konstitucijos patais\u0105, saugan\u010di\u0105 \u017eod\u017eio ir spaudos laisv\u0119. Pats laikra\u0161tis parei\u0161k\u0117 ketinantis teisme tai gin\u010dyti.<\/p>\n<p>400 mln. doleri\u0173 vert\u0117s l\u0117ktuvas<\/p>\n<p>Diskusijos d\u0117l ma\u017edaug 400 mln. JAV doleri\u0173 (apytiksliai 348,42 mln. eur\u0173) vert\u0117s Kataro dovanoto <a rel=\"noopener nofollow\" target=\"_blank\" href=\"https:\/\/www.delfi.lt\/temos\/lektuvas\" tag-id=\"40778813\">l\u0117ktuvo<\/a> vyko Va\u0161ingtone pra\u0117jusi\u0105 savait\u0119, kai D. Trumpas netik\u0117tai paskelb\u0117, jog prie\u0161 NATO vir\u0161\u016bni\u0173 susitikim\u0105 Turkijoje nauj\u0105j\u012f orlaiv\u012f i\u0161 anksto i\u0161si\u0173s \u012f Mildenhallo Karali\u0161k\u0173j\u0173 oro paj\u0117g\u0173 baz\u0119 Jungtin\u0117je Karalyst\u0117je.<\/p>\n<p>Socialiniuose tinkluose <a rel=\"noopener nofollow\" target=\"_blank\" href=\"https:\/\/www.delfi.lt\/temos\/jav\" tag-id=\"39295467\">JAV<\/a> prezidentas ai\u0161kino, kad taip nuspr\u0119sta tam, jog baz\u0117je tarnaujantys JAV kariai gal\u0117t\u0173 pirmieji ap\u017ei\u016br\u0117ti orlaiv\u012f. Anks\u010diau jis ne kart\u0105 gyr\u0117 \u0161\u012f l\u0117ktuv\u0105, kuris buvo pertvarkytas ir perda\u017eytas remiantis jo pageidavimais.<\/p>\n<p>     <img decoding=\"async\" src=\"https:\/\/static.delfi.lt\/portal\/images\/article\/icon-pullout.svg\" alt=\"\"\/> <\/p>\n<p>\u201eVisi labai d\u017eiaugiasi, tod\u0117l nusprend\u0117me, kad jie tur\u0117t\u0173 b\u016bti pirmieji\u201c, \u2013 ra\u0161\u0117 D. Trumpas.<\/p>\n<p>\u012e Europ\u0105 prezidentas i\u0161skrido senesniu l\u0117ktuvu, o v\u0117liau Jungtin\u0117je Karalyst\u0117je pers\u0117do \u012f kit\u0105 orlaiv\u012f JAV karin\u0117je baz\u0117je.<\/p>\n<p>Vie\u0161ai D. Trumpas neig\u0117, kad sprendimas buvo susij\u0119s su saugumu, nors CNN ir kitos \u017einiasklaidos priemon\u0117s, remdamosi \u0161altiniais, skelb\u0117 prie\u0161ingai.<\/p>\n<p>  <img decoding=\"async\" src=\"https:\/\/static.delfi.lt\/portal\/images\/article\/icon-pullout.svg\" alt=\"\"\/> <\/p>\n<p>\u201eJokios saugumo problemos nebuvo. Tiesiog nusiunt\u0117me l\u0117ktuv\u0105 \u0161iek tiek anks\u010diau, kad \u017emon\u0117s gal\u0117t\u0173 j\u012f pamatyti\u201c, \u2013 sak\u0117 jis.<\/p>\n<p>Ta\u010diau CNN \u0161altiniai teig\u0117, kad po D. Trumpo atvykimo \u012f NATO vir\u0161\u016bni\u0173 susitikim\u0105 Turkijoje saugumo vertinimas pasikeit\u0117. S. Wiles informavo prezident\u0105, jog i\u0161vykti jam teks senesniu l\u0117ktuvu.<\/p>\n<p>Pasak \u0161altini\u0173, Kataro dovanotas orlaivis buvo skubiai apr\u016bpintas dalimi gynybos sistem\u0173, ta\u010diau vis tiek neprilygo senesniajam \u201eAir Force One\u201c, kuris nuo pat prad\u017ei\u0173 buvo kuriamas prezidento kelion\u0117ms \u012f u\u017esien\u012f ir turi gerokai pa\u017eangesn\u0119 apsaug\u0105.<\/p>\n<p>Vienas pareig\u016bnas anks\u010diau CNN sak\u0117, kad Kataro padovanotas \u201eBoeing 747\u201c kariuomen\u0117s ir Slaptosios tarnybos buvo vertinamas kaip pernelyg skubotai prad\u0117tas naudoti.<\/p>\n<p>    <img decoding=\"async\" src=\"https:\/\/www.europesays.com\/lt\/wp-content\/uploads\/2026\/07\/93a29315-58f4-453b-96e0-c81f18255510.jpg\" loading=\"lazy\" alt=\"\u201eBoeing 747\u201c\"\/>      <\/p>\n<p>Palyginti, du nauji prezidento l\u0117ktuvai, \u012fsigyti remiantis D. Trumpo pirmosios kadencijos metu i\u0161 naujo suderinta sutartimi, vis dar v\u0117luoja ir, tik\u0117tina, bus parengti ne anks\u010diau kaip 2028 metais. V\u0117lavim\u0105 lemia b\u016btinyb\u0117 \u012fdiegti slaptas ry\u0161io sistemas, apsaugos priemones nuo raket\u0173, \u012fvykdyti grie\u017etus kariuomen\u0117s reikalavimus ir apmokyti pilotus valdyti \u0161iuos unikalius orlaivius.<\/p>\n<p>Tiksl\u016bs saugumo skirtumai tarp senojo ir naujojo l\u0117ktuvo n\u0117ra visi\u0161kai ai\u0161k\u016bs. Aviacijos ekspertai, i\u0161analizav\u0119 orlaivio nuotraukas, CNN teig\u0117, kad naujasis l\u0117ktuvas, pana\u0161u, neturi i\u0161orini\u0173 modifikacij\u0173 uodegos dalyje, kurios paprastai siejamos su infraraudon\u0173j\u0173 spinduli\u0173 apsaugos nuo raket\u0173 sistema. Ta\u010diau vien plika akimi matom\u0173 element\u0173 nebuvimas neleid\u017eia nustatyti, kokios apsaugos sistemos i\u0161 tikr\u0173j\u0173 yra \u012fdiegtos.<\/p>\n","protected":false},"excerpt":{"rendered":"Pasak j\u0173, D. Trump\u0105 itin supykd\u0117 vie\u0161ai pasirod\u017eiusi informacija apie naujojo l\u0117ktuvo saugumo problemas, tod\u0117l jo administracija skubiai&hellip;\n","protected":false},"author":2,"featured_media":229711,"comment_status":"","ping_status":"","sticky":false,"template":"","format":"standard","meta":{"footnotes":"","_share_on_mastodon":"0"},"categories":[15],"tags":[25,30,31,194,34,35,24,223,32,33,1144,37,39,36,38,40,23,22,44,28,29,26,27,74,75,76],"class_list":["post-229710","post","type-post","status-publish","format-standard","has-post-thumbnail","category-pasaulis","tag-antrastes","tag-breaking-news","tag-breakingnews","tag-donaldas-trumpas","tag-featured-news","tag-featurednews","tag-headlines","tag-jav","tag-latest-news","tag-latestnews","tag-lektuvas","tag-lietuva","tag-lietuviu","tag-lithuania","tag-lithuanian","tag-lt","tag-naujienos","tag-news","tag-pasaulis","tag-populiariausios-naujienos","tag-populiariausiosnaujienos","tag-top-stories","tag-topstories","tag-world","tag-world-news","tag-worldnews"],"share_on_mastodon":{"url":"https:\/\/pubeurope.com\/@lt\/116925963126844728","error":""},"_links":{"self":[{"href":"https:\/\/www.europesays.com\/lt\/wp-json\/wp\/v2\/posts\/229710","targetHints":{"allow":["GET"]}}],"collection":[{"href":"https:\/\/www.europesays.com\/lt\/wp-json\/wp\/v2\/posts"}],"about":[{"href":"https:\/\/www.europesays.com\/lt\/wp-json\/wp\/v2\/types\/post"}],"author":[{"embeddable":true,"href":"https:\/\/www.europesays.com\/lt\/wp-json\/wp\/v2\/users\/2"}],"replies":[{"embeddable":true,"href":"https:\/\/www.europesays.com\/lt\/wp-json\/wp\/v2\/comments?post=229710"}],"version-history":[{"count":0,"href":"https:\/\/www.europesays.com\/lt\/wp-json\/wp\/v2\/posts\/229710\/revisions"}],"wp:featuredmedia":[{"embeddable":true,"href":"https:\/\/www.europesays.com\/lt\/wp-json\/wp\/v2\/media\/229711"}],"wp:attachment":[{"href":"https:\/\/www.europesays.com\/lt\/wp-json\/wp\/v2\/media?parent=229710"}],"wp:term":[{"taxonomy":"category","embeddable":true,"href":"https:\/\/www.europesays.com\/lt\/wp-json\/wp\/v2\/categories?post=229710"},{"taxonomy":"post_tag","embeddable":true,"href":"https:\/\/www.europesays.com\/lt\/wp-json\/wp\/v2\/tags?post=229710"}],"curies":[{"name":"wp","href":"https:\/\/api.w.org\/{rel}","templated":true}]}}