{"id":22974,"date":"2025-10-22T12:05:09","date_gmt":"2025-10-22T12:05:09","guid":{"rendered":"https:\/\/www.europesays.com\/lt\/22974\/"},"modified":"2025-10-22T12:05:09","modified_gmt":"2025-10-22T12:05:09","slug":"isvyke-atostogu-i-turkija-vilnieciai-pakliuvo-i-siaubinga-situacija-viskas-del-vieno-akmens","status":"publish","type":"post","link":"https:\/\/www.europesays.com\/lt\/22974\/","title":{"rendered":"I\u0161vyk\u0119 atostog\u0173 \u012f Turkij\u0105 vilnie\u010diai pakliuvo \u012f siaubing\u0105 situacij\u0105 \u2013 viskas d\u0117l vieno akmens"},"content":{"rendered":"\n<p>A. Romanovskis pristat\u0117, kad A. Urbanavi\u010dius, nepaisydamas i\u0161\u0161\u016bki\u0173, pasirinko sekti savo aistra kavai ir tapo \u017einomu bei gerbiamu savo srities profesionalu. Tiesa, tai, kas nutiko v\u0117liau, jam dabar trukdo i\u0161vykti i\u0161 \u0161alies.<\/p>\n<p>\u201eApie Lietuvos piliet\u012f, kuriam reikia m\u016bs\u0173 pagalbos. Su Arnu Urbanavi\u010diumi\u00a0susipa\u017einau prie\u0161 daugiau nei penkiolik\u0105 met\u0173. Jis tuomet buvo jaunas Caffeine LT\u00a0barista, a\u0161 \u2013 beprecedentinis kavos m\u0117g\u0117jas. Taip prasid\u0117jo m\u016bs\u0173 kavos draugyst\u0117 besit\u0119sianti iki \u0161iol \u2013 nuo kavos degustacij\u0173 kolegoms iki rytin\u0117s filtrin\u0117s kavos su \u0161eima. <\/p>\n<p>Arnas du kartus i\u0161kovojo Lietuvos kavos ragavimo \u010dempiono titul\u0105 ir su draugais u\u017ek\u016br\u0117 daugeliui gerai \u017einom\u0105 \u201eKavos broliai\u201c skrudykl\u0105 bei atidar\u0117 \u017dv\u0117ryno kultin\u0119 viet\u0105 \u2013 Espresin\u0117.\u00a0Jis puikiai \u017einomas mano atstovaujamai Lietuvos verslo konfederacija\u00a0bendruomenei \u2013\u00a0Arno kava m\u016bs\u0173 biure vai\u0161inasi tiek m\u016bs\u0173 nariai, tiek sve\u010diai \u2013 nuo diplomat\u0173 iki ministr\u0173. <\/p>\n<p>Pamenu, kai Arnas, \u012fstoj\u0119s \u012f teis\u0119 Vilniaus universitete d\u0117l mil\u017eini\u0161ko skrudinimo tempo ir baristos darbo prad\u0117jo abejoti, ar jam reikia to diplomo. <\/p>\n<p>Pasakiau, jam: \u201eArnai, po daugelio met\u0173 gail\u0117sis, kad likus tiek ne daug iki fini\u0161o visk\u0105 metei\u201c. Susi\u0117m\u0117, para\u0161\u0117 diplomin\u012f ir gavo teis\u0117 magistro laipsn\u012f. Taip jis tapo bene pirmuoju kavos skrudintoju su teisininko diplomu <a href=\"https:\/\/www.tv3.lt\/rubrika\/naujienos\/lietuva\" target=\"_blank\" class=\"phrase\" rel=\"nofollow noopener\">Lietuvoje<\/a>. Ta\u010diau advokato kelio nepasirinko &#8211; toliau skrudino kav\u0105 ir stov\u0117jo prie baro \u017dveryne\u201c, \u2013 ra\u0161\u0117 apie j\u012f A. Romanovskis.<\/p>\n<p>     Arnui reikia pagalbos: pad\u0117ti sugr\u012f\u017eti namo i\u0161 Turkijos <\/p>\n<p>A. Urbanavi\u010dius atostog\u0173 metu Turkijoje buvo sulaikytas oro uoste, kai muitin\u0117 jo \u0161eimos baga\u017ee rado s\u016bnaus papl\u016bdimyje rast\u0105 akmen\u012f, \u012ftardama, kad tai yra vertingas artefaktas. Prisi\u0117m\u0119s atsakomyb\u0119 sau, Arnas buvo paleistas, ta\u010diau jam paskirtas draudimas i\u0161vykti i\u0161 \u0161alies ir jis liko \u012fstrig\u0119s Antalijoje, tod\u0117l jam dabar skubiai reikalinga draug\u0173, klient\u0173 ir Lietuvos valstyb\u0117s pagalba sprend\u017eiant \u0161i\u0105 teisin\u0119 problem\u0105.<\/p>\n<p>\u201eBet dabar Arnui reikia rimtos pagalbos \u2013 tiek i\u0161 vis\u0173 jo draug\u0173 ir klient\u0173, tiek i\u0161 Lietuvos valstyb\u0117s. <\/p>\n<p>     <a href=\"https:\/\/www.tv3.lt\/Uploads\/UGallery\/photos\/f0\/12\/04\/d3\/f01204d31ed34e0335113b98a7f181ba.jpg\" data-fancybox=\"photos-embed\" data-caption=\"Arnas Urbanavi\u010dius (nuotr. facebook.com)\" target=\"_self\" rel=\"nofollow noopener\"> <img decoding=\"async\" class=\"photo-inside-article\" align=\"center\" alt=\"Arnas Urbanavi\u010dius (nuotr. facebook.com)\" title=\"Arnas Urbanavi\u010dius (nuotr. facebook.com)\" src=\"https:\/\/www.europesays.com\/lt\/wp-content\/uploads\/2025\/10\/f01204d31ed34e0335113b98a7f181ba.jpg\" width=\"684\" height=\"654\" loading=\"lazy\" \/> <\/a>       <\/p>\n<p>Jis b\u016bdamas padorus, s\u0105\u017einingas, darb\u0161tus smulkus verslininkas ir trij\u0173 vaik\u0173 t\u0117vas papuol\u0117 \u012f situacij\u0105, kurioje gali atsidurti bet kas i\u0161 m\u016bs\u0173 ir i\u0161 kurios jis pats negali i\u0161sigelb\u0117ti.<\/p>\n<p>Turkija yra pagrindin\u0117 lietuvi\u0173 kelioni\u0173 \u0161alis. Tai svetinga, draugi\u0161ka ir lietuvius mylintis \u0161alis. Tai \u0161alis, \u012f kuri\u0105 lietuviai keliauja \u0161eimomis. <\/p>\n<p>Ir tai daro nuolat. Mane pat\u012f su \u0161ia \u0161alimi sieja geriausi jausmai ir ne tik tod\u0117l, kad esu Lietuvos karaimas savo prot\u0117vius sekantis i\u0161 Anatolijos. <\/p>\n<p>Taip padar\u0117 ir Arnas, kuris su savo a\u0161tuoniais \u0161eimos nariais \u2013 sutuoktine Inga, trimis s\u016bnumis, uo\u0161viais ir d\u0117de bei d\u0117diene dvi savaites keliavo po Turkij\u0105. Kas turi vaik\u0173, \u017eino, kad did\u017eiausias vaik\u0173 d\u017eiaugsmas rinkti akmenis. <\/p>\n<p>Vaikai j\u0173 renka kilogramais ir be abejo nori visk\u0105 i\u0161sive\u017eti namo. Taip nutiko ir su ma\u017eaisiais Urbanavi\u010diais, kai vie\u0161bu\u010dio kambaryje Antalijoje teko atsisveikinti su did\u017eiuma akmen\u0173, ta\u010diau keli atsid\u016br\u0117 Ingos lagamine. Tarp j\u0173 ir delno dyd\u017eio akmuo, kuris vieno i\u0161 s\u016bn\u0173 buvo rastas papl\u016bdimyje.<\/p>\n<p>Nieko ne\u012ftardami oro uoste jie ruo\u0161\u0117si i\u0161vykti, ta\u010diau atlikus muitin\u0117s proced\u016br\u0105 \u0161eima buvo sulaikyta. Muitin\u0117 \u012ftar\u0117 siek\u012f i\u0161ve\u017eti verting\u0105 artefakt\u0105. Sulaikymas, patikra, stresas, daugyb\u0117 pareig\u016bn\u0173, bendravimas per Google Translate ir sprendimas \u2013 Arnas prisiima sau atsakomyb\u0119 d\u0117l gabento akmens, jis sulaikomas nak\u010diai oro uoste, dviem s\u016bnums pavyksta i\u0161vykti, \u017emona su ma\u017eyliu lieka nak\u010diai Anatalijoje ir laukia vyro. Kitu atveju \u2013 b\u016bt\u0173 sulaikyta ji kaip baga\u017eo savinink\u0117. <\/p>\n<p>Ryte apsilankymas teisme, be akistatos su prokuroru ar teis\u0117ju i\u0161 advokato gaunamas verdiktas \u2013 draudimas i\u0161vykti i\u0161 Turkijos ir pareiga kas savait\u0119 registruotis policijoje. T\u0105 pa\u010di\u0105 dien\u0105 t.y. vakar \u017emona su ma\u017eyliu s\u0117kmingai gr\u012f\u017eo namo ir Arnas lieka vienas. <\/p>\n<p>Tada a\u0161 gaunu SMS \u017einut\u0119 \u201eAndriau, nutiko b\u0117da, reikia pagalbos\u201c. <\/p>\n<p>Ir pradedu mu\u0161ti b\u016bgn\u0105 \u2013 komunikacija su m\u016bs\u0173 ambasada, pasitarimai su mano teta buvusia ambasadore Halina Kobeckaite, skambu\u010diai \u012f URM\u2019\u0105 ir \u012f Vyriausyb\u0119, kontaktai su teisininkais Lietuvoje ir Turkijoje, pagalbos pra\u0161ymas per Turkijos verslininkus Lietuvoje ir j\u0173 \u0161alies ambasad\u0105. <\/p>\n<p>Ir kuo giliau \u012f mi\u0161k\u0105, tuo daugiau med\u017ei\u0173 \u2013 vienas sako, kad jis gali ramiai vykti, nes sprendimas jam nebuvo oficialiai \u012fteiktas, ka\u017ekas sako kad jam gresia kal\u0117jimas nuo 5 met\u0173, jei akmuo bus vertingas, ka\u017ekas sako, kad tuoj i\u0161spr\u0119s problem\u0105, bet tai kainuos. Bet rezultatas kol kas nepakit\u0119s \u2013 Lietuvos pilietis, d\u0117l nesusipratimo yra \u012fstrig\u0119s Antalijoje ir jo i\u0161sigelb\u0117jimas yra tik jo rankose. Dabar manau, kad jam papildomos rankos tikrai pad\u0117t\u0173. Tod\u0117l reikia mu\u0161ti b\u016bgn\u0105 i\u0161 vis\u0173 j\u0117g\u0173. <\/p>\n<p>Tuo pa\u010diu Arno vardu nori pad\u0117koti visiems \u00a0\u2013 tiek <a href=\"https:\/\/www.tv3.lt\/rubrika\/naujienos\/uzsienis\" target=\"_blank\" class=\"phrase\" rel=\"nofollow noopener\">U\u017esienio<\/a> reikal\u0173 ministerijai, tiek Turkiye in Lithuania, diplomatams, tiek Lietuvos teisininkams, tiek verslininkams, kurie padeda jam \u0161ioje nelaim\u0117je\u201c, \u2013 ra\u0161\u0117 apie A. Urbanavi\u010diaus \u012fstrigim\u0105 Turkijoje A. Romanovskis.<\/p>\n","protected":false},"excerpt":{"rendered":"A. Romanovskis pristat\u0117, kad A. Urbanavi\u010dius, nepaisydamas i\u0161\u0161\u016bki\u0173, pasirinko sekti savo aistra kavai ir tapo \u017einomu bei gerbiamu&hellip;\n","protected":false},"author":2,"featured_media":22975,"comment_status":"","ping_status":"","sticky":false,"template":"","format":"standard","meta":{"footnotes":""},"categories":[13],"tags":[7209,25,30,31,57,43,34,35,55,48,24,54,51,49,50,32,33,37,39,36,38,40,45,23,22,44,28,29,53,42,56,47,26,27,41,46,58,52],"class_list":{"0":"post-22974","1":"post","2":"type-post","3":"status-publish","4":"format-standard","5":"has-post-thumbnail","7":"category-lietuva","8":"tag-2025-10-22-122300","9":"tag-antrastes","10":"tag-breaking-news","11":"tag-breakingnews","12":"tag-daiktai","13":"tag-dienos-kronika","14":"tag-featured-news","15":"tag-featurednews","16":"tag-gatves-tekstai","17":"tag-gyvenimas","18":"tag-headlines","19":"tag-interneto-pievos","20":"tag-keliones","21":"tag-kultura","22":"tag-laisvalaikis","23":"tag-latest-news","24":"tag-latestnews","25":"tag-lietuva","26":"tag-lietuviu","27":"tag-lithuania","28":"tag-lithuanian","29":"tag-lt","30":"tag-mokslas-ir-it","31":"tag-naujienos","32":"tag-news","33":"tag-pasaulis","34":"tag-populiariausios-naujienos","35":"tag-populiariausiosnaujienos","36":"tag-projektai","37":"tag-rinktiniai-tekstai","38":"tag-simtmecio-portalas","39":"tag-sportas","40":"tag-top-stories","41":"tag-topstories","42":"tag-tv3-lt","43":"tag-verslas","44":"tag-video","45":"tag-zaidimai"},"share_on_mastodon":{"url":"","error":""},"_links":{"self":[{"href":"https:\/\/www.europesays.com\/lt\/wp-json\/wp\/v2\/posts\/22974","targetHints":{"allow":["GET"]}}],"collection":[{"href":"https:\/\/www.europesays.com\/lt\/wp-json\/wp\/v2\/posts"}],"about":[{"href":"https:\/\/www.europesays.com\/lt\/wp-json\/wp\/v2\/types\/post"}],"author":[{"embeddable":true,"href":"https:\/\/www.europesays.com\/lt\/wp-json\/wp\/v2\/users\/2"}],"replies":[{"embeddable":true,"href":"https:\/\/www.europesays.com\/lt\/wp-json\/wp\/v2\/comments?post=22974"}],"version-history":[{"count":0,"href":"https:\/\/www.europesays.com\/lt\/wp-json\/wp\/v2\/posts\/22974\/revisions"}],"wp:featuredmedia":[{"embeddable":true,"href":"https:\/\/www.europesays.com\/lt\/wp-json\/wp\/v2\/media\/22975"}],"wp:attachment":[{"href":"https:\/\/www.europesays.com\/lt\/wp-json\/wp\/v2\/media?parent=22974"}],"wp:term":[{"taxonomy":"category","embeddable":true,"href":"https:\/\/www.europesays.com\/lt\/wp-json\/wp\/v2\/categories?post=22974"},{"taxonomy":"post_tag","embeddable":true,"href":"https:\/\/www.europesays.com\/lt\/wp-json\/wp\/v2\/tags?post=22974"}],"curies":[{"name":"wp","href":"https:\/\/api.w.org\/{rel}","templated":true}]}}