{"id":229822,"date":"2026-07-16T03:50:10","date_gmt":"2026-07-16T03:50:10","guid":{"rendered":"https:\/\/www.europesays.com\/lt\/229822\/"},"modified":"2026-07-16T03:50:10","modified_gmt":"2026-07-16T03:50:10","slug":"palangos-papludimiai-gelbetojai-ispeja-del-vaiku-saugumo","status":"publish","type":"post","link":"https:\/\/www.europesays.com\/lt\/229822\/","title":{"rendered":"Palangos papl\u016bdimiai: gelb\u0117tojai \u012fsp\u0117ja d\u0117l vaik\u0173 saugumo"},"content":{"rendered":"<p class=\"isSelectedEnd\">\u201eKol kas daug incident\u0173 n\u0117ra buv\u0119, nes dar laukiame tikrosios vasaros. Situacija kontroliuojama, ma\u017eiau matome nuo alkoholio apsvaigusi\u0173 \u017emoni\u0173\u201c, \u2013 sak\u0117 J. Piro\u017enikas.<\/p>\n<p class=\"isSelectedEnd\">Anot jo, viena problema kartojasi kasmet \u2013 vaikai, papl\u016bdimyje palikti vieni. Gelb\u0117tojas pasakojo, kad po vieno patruliavimo vandens motociklu suskai\u010diavo beveik penkias de\u0161imtis vaik\u0173, kurie prie j\u016bros buvo be suaugusi\u0173j\u0173 prie\u017ei\u016bros.<\/p>\n<p class=\"isSelectedEnd\">\u201eKlausiu, kur j\u016bs\u0173 t\u0117vai. Jie rodo \u012f kopas. Sakau \u2013 greitai pas t\u0117vus b\u0117kite, nes i\u0161kviesiu policij\u0105. Ir jie b\u0117ga\u201c, \u2013 pasakojo gelb\u0117toj\u0173 vadovas.<\/p>\n<p class=\"isSelectedEnd\">Jis t\u0117vams primena, kad j\u016bra n\u0117ra vieta, kur ma\u017eus vaikus galima palikti vienus net ir trumpam. Jei vis d\u0117lto vaikas prie vandens b\u016bna be nuolatin\u0117s prie\u017ei\u016bros, gelb\u0117tojas rekomenduoja pasir\u016bpinti bent jau papildomomis saugumo priemon\u0117mis.<\/p>\n<p class=\"isSelectedEnd\">\u201eJeigu jau paliekate vaik\u0105 prie j\u016bros be prie\u017ei\u016bros, bent nupirkite jam gelb\u0117jimosi liemen\u0119, su kuria jis nenusk\u0119s\u201c, \u2013 teig\u0117 J. Piro\u017enikas.<\/p>\n<p>Daugiausia d\u0117mesio \u2013 prevencijai<\/p>\n<p class=\"isSelectedEnd\">Gelb\u0117toj\u0173 vadovas sako, kad \u0161\u012f sezon\u0105 didelis d\u0117mesys skiriamas ne tik gelb\u0117jimui, bet ir prevencijai. Pasak jo, daug nelaimi\u0173 pavyksta i\u0161vengti dar prie\u0161 joms \u012fvykstant.<\/p>\n<p class=\"isSelectedEnd\">Poilsiautojai \u012fsp\u0117jami apie papl\u016bdimio taisykles, v\u0117liav\u0173 reik\u0161mes, pavojingas maudymosi s\u0105lygas. Gelb\u0117tojai taip pat stabdo \u017emones, kurie ketina lipti \u012f j\u016br\u0105 esant draud\u017eiamoms s\u0105lygoms.<\/p>\n<p>    <img decoding=\"async\" src=\"https:\/\/www.europesays.com\/lt\/wp-content\/uploads\/2026\/07\/1eb92cf6-e783-4a84-8242-ba12c465efcb.jpg\" loading=\"lazy\" alt=\"Poilsiautoj\u0173 minios Palangos papl\u016bdimyje\"\/>      <\/p>\n<p class=\"isSelectedEnd\">\u201eVisa tai apsaugo nuo poreikio gelb\u0117ti\u201c, \u2013 sak\u0117 J. Piro\u017enikas.<\/p>\n<p class=\"isSelectedEnd\">Ta\u010diau ne vis\u0173 situacij\u0173 pavyksta i\u0161vengti. Pasak jo, ypa\u010d pavojingi atvejai, kai \u017emon\u0117s po vakar\u0117li\u0173 ar i\u0161gertuvi\u0173 u\u017emiega papl\u016bdimyje.<\/p>\n<p class=\"isSelectedEnd\">\u201eSeptint\u0105 ryto prava\u017eiuoju per vis\u0105 plia\u017e\u0105 ir randu keturis ar penkis miegan\u010dius po diskotekos. B\u016bna ir be kelni\u0173, ir be bat\u0173. A\u0161 juos pa\u017eadinu ir papra\u0161au palikti papl\u016bdim\u012f, nes \u017einau \u2013 kai ateis mas\u0117 \u017emoni\u0173, mes j\u0173 nebepamatysime\u201c, \u2013 pasakojo gelb\u0117tojas.<\/p>\n<p class=\"isSelectedEnd\">Anot jo, problema ta, kad kai kurie \u017emon\u0117s pabud\u0119 i\u0161 karto eina \u012f vanden\u012f.<\/p>\n<p class=\"isSelectedEnd\">\u201ePo to klausi \u2013 ko tu ten lipai? Sako: nor\u0117jau grei\u010diau i\u0161siblaivyti. Tokia j\u0173 logika\u201c, \u2013 kalb\u0117jo J. Piro\u017enikas.<\/p>\n<p>Alkohol\u012f slepia termosuose ir buteliukuose<\/p>\n<p class=\"isSelectedEnd\">Gelb\u0117tojai taip pat pastebi, kad dalis poilsiautoj\u0173 vis dar bando apeiti draudimus vartoti alkohol\u012f papl\u016bdimiuose.<\/p>\n<p class=\"isSelectedEnd\">\u201eMes negalime alkoholio atimti, galime tik \u012fsp\u0117ti, kad tai draud\u017eiama. \u017dmon\u0117s prisipila \u012f termosus, \u012f kolos buteliukus ir geria. Paklausi \u2013 sako, kad kola. Sakau, kvap\u0105 ir i\u0161 \u010dia jau\u010diu\u201c, \u2013 pasakojo J. Piro\u017enikas.<\/p>\n<p class=\"isSelectedEnd\">Jo teigimu, svarbiausia tokiems \u017emon\u0117ms priminti, kad apsvaigus eiti \u012f j\u016br\u0105 pavojinga, o u\u017emigimas saul\u0117je gali baigtis sveikatos problemomis.<\/p>\n<p class=\"isSelectedEnd\">\u0160i\u0105 vasar\u0105 gelb\u0117tojams jau teko pad\u0117ti ir nuo kar\u0161\u010dio nukent\u0117jusiems \u017emon\u0117ms \u2013 fiksuoti trys perkaitimo atvejai.<\/p>\n<p class=\"isSelectedEnd\">\u201eAtva\u017eiuoja balti, ne\u012fdeg\u0119 \u017emon\u0117s ir atsigula saul\u0117je. Teko purk\u0161ti kremu, suteikti pagalb\u0105\u201c, \u2013 sak\u0117 gelb\u0117toj\u0173 vadovas.<\/p>\n<p>    <img decoding=\"async\" src=\"https:\/\/www.europesays.com\/lt\/wp-content\/uploads\/2026\/07\/e8f36a87-7668-403d-b85b-eb75d3265d91.jpg\" loading=\"lazy\" alt=\"Poilsiautoj\u0173 minios Palangos papl\u016bdimyje\"\/>      <\/p>\n<p>Gelb\u0117tojai padeda ne tik vandenyje<\/p>\n<p class=\"isSelectedEnd\">Pasak J. Piro\u017eniko, \u017emon\u0117s da\u017enai pamir\u0161ta, kad gelb\u0117toj\u0173 darbas vyksta ne tik j\u016broje.<\/p>\n<p class=\"isSelectedEnd\">\u012e juos kreipiamasi ir d\u0117l traum\u0173 papl\u016bdimyje \u2013 i\u0161nirim\u0173, l\u016b\u017ei\u0173 ar kit\u0173 nelaimi\u0173.<\/p>\n<p class=\"isSelectedEnd\">\u201eMedikai ne visada gali patys atva\u017eiuoti iki papl\u016bdimio, tod\u0117l bendradarbiaujame. B\u016bna i\u0161nirusi ranka, l\u016b\u017e\u0119s raktikaulis, koja \u2013 \u017emon\u0117s kreipiasi \u012f mus, kad pave\u017etume. Mes visada suteikiame pagalb\u0105\u201c, \u2013 sak\u0117 J. Piro\u017enikas.<\/p>\n<p>Gelb\u0117toj\u0173 vadovas pabr\u0117\u017eia, kad pagrindinis tikslas \u2013 ne tik i\u0161gelb\u0117ti \u017emog\u0173 nelaim\u0117s metu, bet ir padaryti taip, kad pavojingos situacijos apskritai neatsirast\u0173.<\/p>\n","protected":false},"excerpt":{"rendered":"\u201eKol kas daug incident\u0173 n\u0117ra buv\u0119, nes dar laukiame tikrosios vasaros. Situacija kontroliuojama, ma\u017eiau matome nuo alkoholio apsvaigusi\u0173&hellip;\n","protected":false},"author":2,"featured_media":229823,"comment_status":"","ping_status":"","sticky":false,"template":"","format":"standard","meta":{"footnotes":"","_share_on_mastodon":"0"},"categories":[13],"tags":[25,30,31,34,35,24,32,33,37,39,36,38,40,23,22,2801,28,29,26,27],"class_list":["post-229822","post","type-post","status-publish","format-standard","has-post-thumbnail","category-lietuva","tag-antrastes","tag-breaking-news","tag-breakingnews","tag-featured-news","tag-featurednews","tag-headlines","tag-latest-news","tag-latestnews","tag-lietuva","tag-lietuviu","tag-lithuania","tag-lithuanian","tag-lt","tag-naujienos","tag-news","tag-palanga","tag-populiariausios-naujienos","tag-populiariausiosnaujienos","tag-top-stories","tag-topstories"],"share_on_mastodon":{"url":"https:\/\/pubeurope.com\/@lt\/116927622355342963","error":""},"_links":{"self":[{"href":"https:\/\/www.europesays.com\/lt\/wp-json\/wp\/v2\/posts\/229822","targetHints":{"allow":["GET"]}}],"collection":[{"href":"https:\/\/www.europesays.com\/lt\/wp-json\/wp\/v2\/posts"}],"about":[{"href":"https:\/\/www.europesays.com\/lt\/wp-json\/wp\/v2\/types\/post"}],"author":[{"embeddable":true,"href":"https:\/\/www.europesays.com\/lt\/wp-json\/wp\/v2\/users\/2"}],"replies":[{"embeddable":true,"href":"https:\/\/www.europesays.com\/lt\/wp-json\/wp\/v2\/comments?post=229822"}],"version-history":[{"count":0,"href":"https:\/\/www.europesays.com\/lt\/wp-json\/wp\/v2\/posts\/229822\/revisions"}],"wp:featuredmedia":[{"embeddable":true,"href":"https:\/\/www.europesays.com\/lt\/wp-json\/wp\/v2\/media\/229823"}],"wp:attachment":[{"href":"https:\/\/www.europesays.com\/lt\/wp-json\/wp\/v2\/media?parent=229822"}],"wp:term":[{"taxonomy":"category","embeddable":true,"href":"https:\/\/www.europesays.com\/lt\/wp-json\/wp\/v2\/categories?post=229822"},{"taxonomy":"post_tag","embeddable":true,"href":"https:\/\/www.europesays.com\/lt\/wp-json\/wp\/v2\/tags?post=229822"}],"curies":[{"name":"wp","href":"https:\/\/api.w.org\/{rel}","templated":true}]}}