{"id":230111,"date":"2026-07-16T10:40:37","date_gmt":"2026-07-16T10:40:37","guid":{"rendered":"https:\/\/www.europesays.com\/lt\/230111\/"},"modified":"2026-07-16T10:40:37","modified_gmt":"2026-07-16T10:40:37","slug":"aplink-dariu-razauska-isisuko-audra-pateike-stebinancia-versija","status":"publish","type":"post","link":"https:\/\/www.europesays.com\/lt\/230111\/","title":{"rendered":"Aplink Dari\u0173 Ra\u017eausk\u0105 \u012fsisuko audra: pateik\u0117 stebinan\u010di\u0105 versij\u0105"},"content":{"rendered":"<p>Kritikos str\u0117l\u0117s \u2013 d\u0117l kompetencijos ir vie\u0161\u0173 pasisakym\u0173<\/p>\n<p>Tinklara\u0161tininkas <a rel=\"noopener nofollow\" target=\"_blank\" href=\"https:\/\/www.delfi.lt\/temos\/dovydas-skarolskis\" tag-id=\"60856535\">Lukas Ramonas<\/a> savo \u201eFacebook\u201c paskyroje komentavo D. Ra\u017eausko i\u0161silavinim\u0105 bei vie\u0161us pasisakymus apie santykius.<\/p>\n<p>    <img decoding=\"async\" src=\"https:\/\/www.europesays.com\/lt\/wp-content\/uploads\/2026\/07\/1b9f9176-2061-4b68-ad57-0c755e83f8d9.jpg\" loading=\"lazy\" alt=\"Lukas Ramonas\"\/>      <\/p>\n<p>\u201eDarius Ra\u017eauskas \u2013 Krasnodaro kou\u010deris ir \u017einomiausias Lietuvos psichologas.<\/p>\n<p>Darius Ra\u017eauskas sako, kad yra vienas \u017einomiausi\u0173 psicholog\u0173 Lietuvoje.<\/p>\n<p>\u012esp\u016bdinga meteorin\u0117 s\u0117km\u0117, mat jis tik 2024 metais baig\u0117 VU psichologijos magistr\u0105. Iki tol jis buvo ka\u017ekokios Krasnodaro auk\u0161tosios psichologijos mokyklos absolventas ir kou\u010deris. Ai, dar Majapuro bhakti \u0161astri orientalistikos bi\u010diukas \u2013 ne, a\u0161 ir ne\u017einau, kas tas yr.<\/p>\n<p>Kas, kad tik magistras, bet va konsultuoja \u017emones, virina \u0161aibas, vaik\u0161to po laidas ir kalba kaip profesorius ir Majapuro guru viename.<\/p>\n<p>\u2022\t\u0160oki\u0173 klubuose lankosi \u017eemesnio rango moterys.<\/p>\n<p>\u2022\tVyras ir moteris negali b\u016bti draugai, nes vis tiek pasipis.<\/p>\n<p>\u2022\tJei tavo antra pus\u0117 draugauja su prie\u0161inga lytimi, reikia sistemi\u0161kai t\u0105 draugyst\u0119 naikinti. Sk\u0173skis, kad jautiesi nesaugiai, ir reikalauk susitikim\u0173 tik tryse ir susira\u0161ym\u0173 tik bendruose \u010detukuose.<\/p>\n<p>Ir tai tik ma\u017eyt\u0117 jo i\u0161min\u010di\u0173 degustacija.<\/p>\n<p>Ra\u017eauskas sako, kad dirba ne kaip psichoterapeutas, o kaip treneris. Labai gerai, nes jis ir n\u0117ra psichoterapeutas.<\/p>\n<p>Jis kou\u010deris. Jis turi ne pacientus, o klientus, kuriems pisa prot\u0105, kaip gyventi. Tuomet nueina \u012f telik\u0105 ir ten pisa prot\u0105, kaip mums gyventi. Kartais jis remiasi rimtais tyrimais, bet daug da\u017eniau \u2013 savo magistrine Krasnodaro Majapuro bhakti \u0161astri patirtimi.<\/p>\n<p>Nors paties Ra\u017eausko \u017emona su juo santykius ai\u0161kinasi per \u201eInstagram\u201c reels&#8217;us, jis geriau problemas \u012f\u017evelgs moteryse, kurios darosi plastines operacijas\u201c, \u2013 ra\u0161\u0117 jis.<\/p>\n<p>Prie diskusijos prisid\u0117jo ir politikas<\/p>\n<p>Prie kritikos prisid\u0117jo ir Vilniaus miesto tarybos narys, politikas <a rel=\"noopener nofollow\" target=\"_blank\" href=\"https:\/\/www.delfi.lt\/temos\/dovydas-skarolskis\" tag-id=\"60856535\">Dovydas Skarolskis<\/a>. Jo teigimu, LRT eteryje tur\u0117t\u0173 atsirasti daugiau akademin\u0117s psichologijos atstov\u0173.<\/p>\n<p>    <img decoding=\"async\" src=\"https:\/\/www.europesays.com\/lt\/wp-content\/uploads\/2026\/07\/b3818f18-f2f7-4ea0-8ddd-f0f2ab2848e6.jpg\" loading=\"lazy\" alt=\"D. Skarolskis\"\/>    <\/p>\n<p>\u201e\u0160iaip, papra\u0161ysiu publikos paprasto dalyko \u2013 \u0161itas durnius LRT atsid\u016br\u0117 vien d\u0117l to, kad laim\u0117jo konkurs\u0105, nes nebuvo konkurencijos.<\/p>\n<p>LRT laidas turi auk\u0161to lygio istorikai, antropologai, filosofai, architektai, o nuo psicholog\u0173 gildijos ka\u017ekaip gavosi nes\u0105mones giedantis homunkulas i\u0161 samagono aparato.<\/p>\n<p>Luko komentaruose psichologai d\u0117koja u\u017e \u0161it\u0105 post\u0105 apie bi\u010d\u0105, kuris u\u017esiima psichologijos butchering and bastardization, tai pasi\u016blymas yra paprastas \u2013 dalyvaukit konkurse ir tur\u0117kit LRT laid\u0105, kurioje kalb\u0117sit apie normali\u0105 psichologij\u0105, o ne postmodern\u0173 sovietizm\u0105 ar mano giliai neken\u010diam\u0105 populiari\u0105j\u0105 psichologij\u0105\u201c, \u2013 ra\u0161\u0117 jis.<\/p>\n<p>Komentaruose \u2013 skirtingos nuomon\u0117s<\/p>\n<p>Vis d\u0117lto internaut\u0173 nuomon\u0117s i\u0161siskyr\u0117. Vieni pritar\u0117 kritikai, o kiti palaik\u0117 D. Ra\u017eausk\u0105.<\/p>\n<p>\u201ePagaliau ka\u017ekas pajudino \u0161i\u0105 tem\u0105\u201c, \u2013 komentavo vienas socialinio tinklo vartotojas.<\/p>\n<p>\u201eKaip gerai, kad pagaliau ka\u017ekas prad\u0117jo apie j\u012f kalb\u0117ti, nes kaskart apimdavo svetima g\u0117da\u201c, \u2013 ra\u0161\u0117 kitas.<\/p>\n<p>Ta\u010diau netr\u016bko ir palaikan\u010di\u0173j\u0173. Dalis komentatori\u0173 tikino, kad D. Ra\u017eausko konsultacijos jiems buvo naudingos.<\/p>\n<p>\u201eEsu buvusi keliose Dariaus Ra\u017eausko konsultacijose \u2013 dav\u0117 verting\u0173 patarim\u0173 ir pad\u0117jo sustiprinti savus santykius\u201c, \u2013 dalijosi viena moteris.<\/p>\n<p>Kiti pabr\u0117\u017e\u0117, kad jiems priimtinos psichologo i\u0161sakomos mintys.<\/p>\n<p>\u201eMan patinka, k\u0105 jis kalba. O jei dar ka\u017ekam padeda, tai puiku\u201c, \u2013 ra\u0161\u0117 vienas komentatorius.<\/p>\n<p>       <img decoding=\"async\" src=\"https:\/\/www.europesays.com\/lt\/wp-content\/uploads\/2026\/07\/64dfbec7-5492-400f-9baf-f9e7081c866e.jpg\" loading=\"lazy\" alt=\"Darius Ra\u017eauskas\"\/>      <\/p>\n<p>D. Ra\u017eauskas: negaliu visiems patikti<\/p>\n<p>Su D. Ra\u017eausku susisiek\u0117 \u201eDelfi\u201c. Psichologas teig\u0117 \u012f vie\u0161ojoje erdv\u0117je kilusi\u0105 kritik\u0105 reaguojantis ramiai ir pabr\u0117\u017e\u0117, kad neketina vie\u0161ai \u012f j\u0105 atsakin\u0117ti.<\/p>\n<p>\u201eKritik\u0105 visada priimu ramiai. Tai \u2013 ne pirmas ir ne paskutinis kartas, kai ka\u017ekas ka\u017ek\u0105 kritikuoja. Negaliu visiems patikti ir mano tikslas n\u0117ra patikti ar \u012ftikti visiems\u201c, \u2013 \u201eDelfi\u201c sak\u0117 D. Ra\u017eauskas.<\/p>\n<p>Anot jo, \u012f vie\u0161as diskusijas \u012fsitraukti neketina, nes nemato tam prasm\u0117s.<\/p>\n<p>\u201e\u017dmon\u0117s, kurie mane pa\u017e\u012fsta, \u017eino, koks a\u0161 esu. O tiems, kuriems nepatinku, n\u0117ra jokio tikslo ka\u017ek\u0105 \u012frodin\u0117ti. Turiu begal\u0119 darbo, tod\u0117l nematau nei prasm\u0117s, nei laiko vargti su tokiais komentarais\u201c, \u2013 kalb\u0117jo jis.<\/p>\n<p>Psichologas taip pat teig\u0117 nemanantis, kad kritika pakenks jo profesinei veiklai.<\/p>\n<p>\u201eMano \u012fvaizdis visuomen\u0117je yra geras, pas mane visada yra klient\u0173 eil\u0117. Jeigu teiki kokybi\u0161kas paslaugas, klientai gr\u012f\u017eta ir rekomenduoja tave kitiems\u201c, \u2013 sak\u0117 D. Ra\u017eauskas.<\/p>\n<p>Jis prid\u016br\u0117 neatmetantis, kad kritika gali b\u016bti susijusi ir su politin\u0117mis aplinkyb\u0117mis.<\/p>\n<p>\u201e\u012etariu, kad \u010dia gali b\u016bti ir politiniai motyvai, nes mano \u017emona yra aktyvi Nacionalinio susivienijimo nar\u0117 ir palaiko Vytaut\u0105 Sinic\u0105. Galb\u016bt tai bandymas \u012fk\u0105sti politiniams oponentams, ta\u010diau tikr\u0173j\u0173 motyv\u0173 ne\u017einau ir man j\u0173 \u017einoti nereikia\u201c, \u2013 teig\u0117 D. Ra\u017eauskas.<\/p>\n<p>\u201eDelfi\u201c taip pat susisiek\u0117 su <a rel=\"noopener nofollow\" target=\"_blank\" href=\"https:\/\/www.delfi.lt\/temos\/lrt\" tag-id=\"58026236\">LRT<\/a> \u2013 gavus j\u0173 komentat\u0105, straipsnis bus skubiai papildytas.<\/p>\n","protected":false},"excerpt":{"rendered":"Kritikos str\u0117l\u0117s \u2013 d\u0117l kompetencijos ir vie\u0161\u0173 pasisakym\u0173 Tinklara\u0161tininkas Lukas Ramonas savo \u201eFacebook\u201c paskyroje komentavo D. Ra\u017eausko i\u0161silavinim\u0105&hellip;\n","protected":false},"author":2,"featured_media":230112,"comment_status":"","ping_status":"","sticky":false,"template":"","format":"standard","meta":{"footnotes":"","_share_on_mastodon":"0"},"categories":[13],"tags":[25,30,31,34364,34363,34,35,24,32,33,37,39,36,38,519,40,34365,23,22,28,29,26,27],"class_list":["post-230111","post","type-post","status-publish","format-standard","has-post-thumbnail","category-lietuva","tag-antrastes","tag-breaking-news","tag-breakingnews","tag-darius-razauskas","tag-dovydas-skarolskis","tag-featured-news","tag-featurednews","tag-headlines","tag-latest-news","tag-latestnews","tag-lietuva","tag-lietuviu","tag-lithuania","tag-lithuanian","tag-lrt","tag-lt","tag-lukas-ramonas","tag-naujienos","tag-news","tag-populiariausios-naujienos","tag-populiariausiosnaujienos","tag-top-stories","tag-topstories"],"share_on_mastodon":{"url":"https:\/\/pubeurope.com\/@lt\/116929234949199995","error":""},"_links":{"self":[{"href":"https:\/\/www.europesays.com\/lt\/wp-json\/wp\/v2\/posts\/230111","targetHints":{"allow":["GET"]}}],"collection":[{"href":"https:\/\/www.europesays.com\/lt\/wp-json\/wp\/v2\/posts"}],"about":[{"href":"https:\/\/www.europesays.com\/lt\/wp-json\/wp\/v2\/types\/post"}],"author":[{"embeddable":true,"href":"https:\/\/www.europesays.com\/lt\/wp-json\/wp\/v2\/users\/2"}],"replies":[{"embeddable":true,"href":"https:\/\/www.europesays.com\/lt\/wp-json\/wp\/v2\/comments?post=230111"}],"version-history":[{"count":0,"href":"https:\/\/www.europesays.com\/lt\/wp-json\/wp\/v2\/posts\/230111\/revisions"}],"wp:featuredmedia":[{"embeddable":true,"href":"https:\/\/www.europesays.com\/lt\/wp-json\/wp\/v2\/media\/230112"}],"wp:attachment":[{"href":"https:\/\/www.europesays.com\/lt\/wp-json\/wp\/v2\/media?parent=230111"}],"wp:term":[{"taxonomy":"category","embeddable":true,"href":"https:\/\/www.europesays.com\/lt\/wp-json\/wp\/v2\/categories?post=230111"},{"taxonomy":"post_tag","embeddable":true,"href":"https:\/\/www.europesays.com\/lt\/wp-json\/wp\/v2\/tags?post=230111"}],"curies":[{"name":"wp","href":"https:\/\/api.w.org\/{rel}","templated":true}]}}