{"id":230352,"date":"2026-07-16T16:00:47","date_gmt":"2026-07-16T16:00:47","guid":{"rendered":"https:\/\/www.europesays.com\/lt\/230352\/"},"modified":"2026-07-16T16:00:47","modified_gmt":"2026-07-16T16:00:47","slug":"lazdiju-rajone-parduodamas-zinomas-restoranas","status":"publish","type":"post","link":"https:\/\/www.europesays.com\/lt\/230352\/","title":{"rendered":"Lazdij\u0173 rajone parduodamas \u017einomas restoranas"},"content":{"rendered":"<p>\u0160i\u0105 \u017eini\u0105 prane\u0161\u0117 portalas 15min, o su juo kalb\u0117j\u0119s, bet vardo ir pareig\u0173 vie\u0161inti nepanor\u0119s objekto atstovas sak\u0117, jog restoranas veiklos nenutrauk\u0117, toliau dirba. <\/p>\n<p>I\u0161 jo atsakymo galima suprasti, kad ypating\u0173 prie\u017eas\u010di\u0173, kod\u0117l restoran\u0105 prireik\u0117 parduoti, n\u0117ra, tiesiog kompleksas nuomojamas ir nutarta j\u012f parduoti. \u201eNesinori, kad toks pastatas stov\u0117t\u0173 be paskirties\u201c, \u2013 sak\u0117 jis. <\/p>\n<p>Skelbim\u0173 portale Skelbiu.lt i\u0161 ties\u0173 nurodoma, kad \u201eparduodamas i\u0161skirtinis <a rel=\"noopener nofollow\" target=\"_blank\" href=\"https:\/\/www.delfi.lt\/temos\/restoranas\" tag-id=\"42569559\">restorano<\/a> verslas strategi\u0161kai tobuloje <a rel=\"noopener nofollow\" target=\"_blank\" href=\"https:\/\/www.delfi.lt\/temos\/lazdiju-rajonas\" tag-id=\"60495667\">Lazdij\u0173 rajone<\/a> vietoje\u201c. Teigiama, jog tai veikiantis, gerai \u017einomas restoranas su ilgamete veiklos istorija.<\/p>\n<p>Skelbime pa\u017eymima, kad restoranas 2019 met\u0173 statybos, bendras sklypo plotas 1,2 ha. Ant stogo sumontuota 29 kW <a rel=\"noopener nofollow\" target=\"_blank\" href=\"https:\/\/www.delfi.lt\/temos\/saules-elektrine\" tag-id=\"77404831\">saul\u0117s elektrin\u0117,<\/a> kuri \u0161iltuoju met\u0173 sezonu visi\u0161kai patenkina elektros energijos poreik\u012f.<\/p>\n<p>Nurodoma komplekso kaina \u2013 430 t\u016bkst. eur\u0173.<\/p>\n","protected":false},"excerpt":{"rendered":"\u0160i\u0105 \u017eini\u0105 prane\u0161\u0117 portalas 15min, o su juo kalb\u0117j\u0119s, bet vardo ir pareig\u0173 vie\u0161inti nepanor\u0119s objekto atstovas sak\u0117,&hellip;\n","protected":false},"author":2,"featured_media":230353,"comment_status":"","ping_status":"","sticky":false,"template":"","format":"standard","meta":{"footnotes":"","_share_on_mastodon":"0"},"categories":[6],"tags":[25,30,31,34,35,24,32,33,6535,37,39,36,38,40,23,22,28,29,3839,11525,26,27],"class_list":["post-230352","post","type-post","status-publish","format-standard","has-post-thumbnail","category-antrastes","tag-antrastes","tag-breaking-news","tag-breakingnews","tag-featured-news","tag-featurednews","tag-headlines","tag-latest-news","tag-latestnews","tag-lazdiju-rajonas","tag-lietuva","tag-lietuviu","tag-lithuania","tag-lithuanian","tag-lt","tag-naujienos","tag-news","tag-populiariausios-naujienos","tag-populiariausiosnaujienos","tag-restoranas","tag-saules-elektrine","tag-top-stories","tag-topstories"],"share_on_mastodon":{"url":"https:\/\/pubeurope.com\/@lt\/116930496847761897","error":""},"_links":{"self":[{"href":"https:\/\/www.europesays.com\/lt\/wp-json\/wp\/v2\/posts\/230352","targetHints":{"allow":["GET"]}}],"collection":[{"href":"https:\/\/www.europesays.com\/lt\/wp-json\/wp\/v2\/posts"}],"about":[{"href":"https:\/\/www.europesays.com\/lt\/wp-json\/wp\/v2\/types\/post"}],"author":[{"embeddable":true,"href":"https:\/\/www.europesays.com\/lt\/wp-json\/wp\/v2\/users\/2"}],"replies":[{"embeddable":true,"href":"https:\/\/www.europesays.com\/lt\/wp-json\/wp\/v2\/comments?post=230352"}],"version-history":[{"count":0,"href":"https:\/\/www.europesays.com\/lt\/wp-json\/wp\/v2\/posts\/230352\/revisions"}],"wp:featuredmedia":[{"embeddable":true,"href":"https:\/\/www.europesays.com\/lt\/wp-json\/wp\/v2\/media\/230353"}],"wp:attachment":[{"href":"https:\/\/www.europesays.com\/lt\/wp-json\/wp\/v2\/media?parent=230352"}],"wp:term":[{"taxonomy":"category","embeddable":true,"href":"https:\/\/www.europesays.com\/lt\/wp-json\/wp\/v2\/categories?post=230352"},{"taxonomy":"post_tag","embeddable":true,"href":"https:\/\/www.europesays.com\/lt\/wp-json\/wp\/v2\/tags?post=230352"}],"curies":[{"name":"wp","href":"https:\/\/api.w.org\/{rel}","templated":true}]}}