{"id":230372,"date":"2026-07-16T16:20:14","date_gmt":"2026-07-16T16:20:14","guid":{"rendered":"https:\/\/www.europesays.com\/lt\/230372\/"},"modified":"2026-07-16T16:20:14","modified_gmt":"2026-07-16T16:20:14","slug":"po-bmw-vairuotojo-manevru-latvijoje-zmones-kreipesi-i-psichiatrine-jusu-pacientas","status":"publish","type":"post","link":"https:\/\/www.europesays.com\/lt\/230372\/","title":{"rendered":"Po BMW vairuotojo manevr\u0173 Latvijoje \u017emon\u0117s kreip\u0117si \u012f psichiatrin\u0119: j\u016bs\u0173 pacientas"},"content":{"rendered":"<p>Vairuotojai Latvijoje u\u017efiksavo itin keistus BMW vairuotojo vira\u017eus Rygos Kengarago mikrorajone \u2013 jis dideliu grei\u010diu skriejo dvira\u010di\u0173 taku ir galiausiai nusuko \u012f piev\u0105, kur savo kelion\u0119 t\u0119s\u0117 per parko teritorij\u0105, skelbia \u201e<a rel=\"noopener nofollow\" href=\"http:\/\/Sadursme.lv\" target=\"_blank\">Sadursme.lv<\/a>\u201c.<\/p>\n<p>Priduriama, kad incidento metu, laimei, nei dviratininkai, nei p\u0117stieji nenukent\u0117jo. O vairuotojo manevrai sulauk\u0117 daug kriti\u0161k\u0173 vertinim\u0173, nors ir buvo juokaujan\u010di\u0173, kad jei dvira\u010diai gali va\u017eiuoti keliu, tai kod\u0117l automobiliai negali va\u017eiuoti dvira\u010di\u0173 taku? Arba apie tai, kad visureigis tam ir skirtas \u2013 va\u017eiuoti bekele, ta\u010diau daugiausiai klausim\u0173 kelta d\u0117l visureigio vairuotojo psichin\u0117s b\u016bkl\u0117s.<\/p>\n<p>    <img decoding=\"async\" src=\"https:\/\/www.europesays.com\/lt\/wp-content\/uploads\/2026\/07\/fb757af3-6e21-468a-8c2d-fe86607e3ec1.jpg\" loading=\"lazy\" alt=\"BMW vairuotojas, va\u017eiuojantis dvira\u010di\u0173 taku\"\/>    <\/p>\n<p>\u201e\u010cia jau beprotyb\u0117, o ne dr\u0105sa\u201c, \u2013 ra\u0161\u0117 vyras.<\/p>\n<p>\u201eTokius reikia nusi\u0173sti pas psichiatr\u0105 ir atimti teises\u201c, \u2013 pritar\u0117 kitas.<\/p>\n<p>\u201eKokia tryda turi b\u016bti galvoje, kad \u017emogus taip elgt\u0173si ir kad tai apskritai atrodyt\u0173 normalu\u201c, \u2013 steb\u0117josi moteris.<\/p>\n<p>\u201eNamie paliko \u201eXanax\u201c, \u2013 komentavo dar vienas \u201eFacebook\u201c vartotojas.<\/p>\n<p>Galiausiai kai kurie \u0117m\u0117 komentaruose \u017eym\u0117ti Latvijos policij\u0105 ir Rygos psichiatrin\u0119 ligonine su prane\u0161imu: \u201ePacientas Jums\u201c.<\/p>\n","protected":false},"excerpt":{"rendered":"Vairuotojai Latvijoje u\u017efiksavo itin keistus BMW vairuotojo vira\u017eus Rygos Kengarago mikrorajone \u2013 jis dideliu grei\u010diu skriejo dvira\u010di\u0173 taku&hellip;\n","protected":false},"author":2,"featured_media":230373,"comment_status":"","ping_status":"","sticky":false,"template":"","format":"standard","meta":{"footnotes":"","_share_on_mastodon":"0"},"categories":[15],"tags":[25,2130,30,31,34,35,24,32,33,32293,37,39,36,38,40,23,22,44,33404,28,29,4526,26,27,74,75,76],"class_list":["post-230372","post","type-post","status-publish","format-standard","has-post-thumbnail","category-pasaulis","tag-antrastes","tag-bmw","tag-breaking-news","tag-breakingnews","tag-featured-news","tag-featurednews","tag-headlines","tag-latest-news","tag-latestnews","tag-latvijos-policija","tag-lietuva","tag-lietuviu","tag-lithuania","tag-lithuanian","tag-lt","tag-naujienos","tag-news","tag-pasaulis","tag-pavojingas-vairavimas","tag-populiariausios-naujienos","tag-populiariausiosnaujienos","tag-ryga","tag-top-stories","tag-topstories","tag-world","tag-world-news","tag-worldnews"],"share_on_mastodon":{"url":"https:\/\/pubeurope.com\/@lt\/116930571712994949","error":""},"_links":{"self":[{"href":"https:\/\/www.europesays.com\/lt\/wp-json\/wp\/v2\/posts\/230372","targetHints":{"allow":["GET"]}}],"collection":[{"href":"https:\/\/www.europesays.com\/lt\/wp-json\/wp\/v2\/posts"}],"about":[{"href":"https:\/\/www.europesays.com\/lt\/wp-json\/wp\/v2\/types\/post"}],"author":[{"embeddable":true,"href":"https:\/\/www.europesays.com\/lt\/wp-json\/wp\/v2\/users\/2"}],"replies":[{"embeddable":true,"href":"https:\/\/www.europesays.com\/lt\/wp-json\/wp\/v2\/comments?post=230372"}],"version-history":[{"count":0,"href":"https:\/\/www.europesays.com\/lt\/wp-json\/wp\/v2\/posts\/230372\/revisions"}],"wp:featuredmedia":[{"embeddable":true,"href":"https:\/\/www.europesays.com\/lt\/wp-json\/wp\/v2\/media\/230373"}],"wp:attachment":[{"href":"https:\/\/www.europesays.com\/lt\/wp-json\/wp\/v2\/media?parent=230372"}],"wp:term":[{"taxonomy":"category","embeddable":true,"href":"https:\/\/www.europesays.com\/lt\/wp-json\/wp\/v2\/categories?post=230372"},{"taxonomy":"post_tag","embeddable":true,"href":"https:\/\/www.europesays.com\/lt\/wp-json\/wp\/v2\/tags?post=230372"}],"curies":[{"name":"wp","href":"https:\/\/api.w.org\/{rel}","templated":true}]}}