{"id":230685,"date":"2026-07-17T06:48:39","date_gmt":"2026-07-17T06:48:39","guid":{"rendered":"https:\/\/www.europesays.com\/lt\/230685\/"},"modified":"2026-07-17T06:48:39","modified_gmt":"2026-07-17T06:48:39","slug":"nesekme-istiko-isskirtiniu-patiekalu-restorana-valdziusia-bendrove","status":"publish","type":"post","link":"https:\/\/www.europesays.com\/lt\/230685\/","title":{"rendered":"Nes\u0117km\u0117 i\u0161tiko i\u0161skirtini\u0173 patiekal\u0173 restoran\u0105 vald\u017eiusi\u0105 bendrov\u0119"},"content":{"rendered":"<p>Pra\u0117jusi\u0105 savait\u0119 \u012fsiteis\u0117jo <a rel=\"noopener nofollow\" target=\"_blank\" href=\"https:\/\/www.delfi.lt\/temos\/klaipeda\" tag-id=\"39307167\">Klaip\u0117dos<\/a> apygardos teismo nutartis d\u0117l nemokumo bylos i\u0161k\u0117limo uostamiestyje registruotai ma\u017eajai bendrijai \u201eDu gurmanai\u201c.<\/p>\n<p>\u201e\u012evertin\u0119s byloje nustatytas aplinkybes, teismas daro i\u0161vad\u0105, jog atsakovas (ma\u017eoji bendrija \u2013 aut. past.) yra nemokus, jis laiku negali vykdyti turtini\u0173 prievoli\u0173 bei n\u0117ra pagrindo i\u0161vadai padaryti, jog atsakovas yra gyvybinga \u2013 duomen\u0173 apie vykdom\u0105 \u016bkin\u0119 komercin\u0119 veikl\u0105, leid\u017eian\u010di\u0105 \u012fvykdyti prievoles ateityje, nenustatyta\u201c, \u2013 bir\u017eelio 30-\u0105j\u0105 konstatavo teismas.<\/p>\n<p>\u012e j\u012f su pra\u0161ymu kelti <a rel=\"noopener nofollow\" target=\"_blank\" href=\"https:\/\/www.delfi.lt\/temos\/bankrotas\" tag-id=\"54755863\">bankroto<\/a> byl\u0105 kreip\u0117si \u201eSodros\u201c Klaip\u0117dos skyrius, kuriam baland\u012f \u201eDu gurmanai\u201c buvo skolinga per 10 t\u016bkst. \u012fmok\u0173. \u012estaiga versl\u0105 kov\u0105 buvo \u012fsp\u0117jusi, kad gali kreiptis \u012f teism\u0105 tuo atveju, jeigu skola nebus padengta.<\/p>\n<p>Ma\u017eoji bendrija teismui paai\u0161kinimo nepateik\u0117.<\/p>\n<p>S. \u0160imkaus gatv\u0117je veikus\u012f <a rel=\"noopener nofollow\" target=\"_blank\" href=\"https:\/\/www.delfi.lt\/temos\/restoranas\" tag-id=\"42569559\">restoran\u0105<\/a> \u201eGurmanai\u201c vald\u017eiusi ma\u017eoji bendrija \u201eDu gurmanai\u201c Klaip\u0117doje \u012fsteigta 2020 met\u0173 spal\u012f, savininkai visuomenei prane\u0161\u0117, kad \u0161ioje vietoje galima paragauti \u012fvairi\u0173 pasaulio virtuvi\u0173 patiekal\u0173, paruo\u0161t\u0173 klaip\u0117die\u010dio \u0161efo Dainiaus \u0160pakausko.<\/p>\n<p>Ma\u017eoji bendrija \u201eDu gurmanai\u201c pernai gavo 307,7 t\u016bkst. eur\u0173 pajam\u0173 ir patyr\u0117 beveik 58 t\u016bkst. eur\u0173 nuostol\u012f, 2024-aisiais ji dar dirbo pelningai &#8211; u\u017edirbo 12 t\u016bkst. eur\u0173, o apyvarta vir\u0161ijo 350 t\u016bkst. eur\u0173. <\/p>\n","protected":false},"excerpt":{"rendered":"Pra\u0117jusi\u0105 savait\u0119 \u012fsiteis\u0117jo Klaip\u0117dos apygardos teismo nutartis d\u0117l nemokumo bylos i\u0161k\u0117limo uostamiestyje registruotai ma\u017eajai bendrijai \u201eDu gurmanai\u201c. \u201e\u012evertin\u0119s&hellip;\n","protected":false},"author":2,"featured_media":230686,"comment_status":"","ping_status":"","sticky":false,"template":"","format":"standard","meta":{"footnotes":"","_share_on_mastodon":"0"},"categories":[13],"tags":[25,822,30,31,34,35,24,511,32,33,37,39,36,38,40,23,22,28,29,3839,26,27],"class_list":["post-230685","post","type-post","status-publish","format-standard","has-post-thumbnail","category-lietuva","tag-antrastes","tag-bankrotas","tag-breaking-news","tag-breakingnews","tag-featured-news","tag-featurednews","tag-headlines","tag-klaipeda","tag-latest-news","tag-latestnews","tag-lietuva","tag-lietuviu","tag-lithuania","tag-lithuanian","tag-lt","tag-naujienos","tag-news","tag-populiariausios-naujienos","tag-populiariausiosnaujienos","tag-restoranas","tag-top-stories","tag-topstories"],"share_on_mastodon":{"url":"https:\/\/pubeurope.com\/@lt\/116933984672772491","error":""},"_links":{"self":[{"href":"https:\/\/www.europesays.com\/lt\/wp-json\/wp\/v2\/posts\/230685","targetHints":{"allow":["GET"]}}],"collection":[{"href":"https:\/\/www.europesays.com\/lt\/wp-json\/wp\/v2\/posts"}],"about":[{"href":"https:\/\/www.europesays.com\/lt\/wp-json\/wp\/v2\/types\/post"}],"author":[{"embeddable":true,"href":"https:\/\/www.europesays.com\/lt\/wp-json\/wp\/v2\/users\/2"}],"replies":[{"embeddable":true,"href":"https:\/\/www.europesays.com\/lt\/wp-json\/wp\/v2\/comments?post=230685"}],"version-history":[{"count":0,"href":"https:\/\/www.europesays.com\/lt\/wp-json\/wp\/v2\/posts\/230685\/revisions"}],"wp:featuredmedia":[{"embeddable":true,"href":"https:\/\/www.europesays.com\/lt\/wp-json\/wp\/v2\/media\/230686"}],"wp:attachment":[{"href":"https:\/\/www.europesays.com\/lt\/wp-json\/wp\/v2\/media?parent=230685"}],"wp:term":[{"taxonomy":"category","embeddable":true,"href":"https:\/\/www.europesays.com\/lt\/wp-json\/wp\/v2\/categories?post=230685"},{"taxonomy":"post_tag","embeddable":true,"href":"https:\/\/www.europesays.com\/lt\/wp-json\/wp\/v2\/tags?post=230685"}],"curies":[{"name":"wp","href":"https:\/\/api.w.org\/{rel}","templated":true}]}}