{"id":230757,"date":"2026-07-17T08:28:12","date_gmt":"2026-07-17T08:28:12","guid":{"rendered":"https:\/\/www.europesays.com\/lt\/230757\/"},"modified":"2026-07-17T08:28:12","modified_gmt":"2026-07-17T08:28:12","slug":"kanadoje-siauciant-misku-gaisrams-jav-dusta-zmones","status":"publish","type":"post","link":"https:\/\/www.europesays.com\/lt\/230757\/","title":{"rendered":"Kanadoje siau\u010diant mi\u0161k\u0173 gaisrams, JAV d\u016bsta \u017emon\u0117s"},"content":{"rendered":"<p>Kanadoje vyksta evakuacijos<\/p>\n<p>D\u0117l pavojingos oro kokyb\u0117s ken\u010dia ir Torontas, o naujausi Kanados duomenys parod\u0117, kad \u0161iaur\u0117s vakar\u0173 Ontarijo provincijoje siaut\u0117jo daugiau nei 130 gaisr\u0173, i\u0161 kuri\u0173 ma\u017eiausiai 60 buvo nebekontroliuojami.<\/p>\n<p>Ten veikian\u010dios vald\u017eios institucijos oficialiai papra\u0161\u0117 federalin\u0117s vyriausyb\u0117s papildomos pagalbos, vis\u0173 pirma pra\u0161ydamos oro paramos, kad b\u016bt\u0173 galima evakuoti atokias bendruomenes.<\/p>\n<p>Ontarijo provincijos policija prane\u0161\u0117, kad iki \u0161iol evakuotos 15 gyvenvie\u010di\u0173 jas supantys rajonai.<\/p>\n<p>\u201eDaugiau nei 150 gaisrinink\u0173 brigad\u0173 ir beveik 50 gaisro gesinimo orlaivi\u0173 vis\u0105 par\u0105 dirba, siekdami apsaugoti bendruomenes nuo gaisr\u0173 \u0161iaur\u0117s Ontarijo regione\u201c, \u2013 platformoje \u201eX\u201c ra\u0161\u0117 Ontarijo premjeras Dougas Fordas \u201eX\u201c tinkle.<\/p>\n<p>Gyventojai Kanadoje priversti palikti savo namus, socialiniuose tinkluose jie dalijasi apokaliptiniais vaizdais.<\/p>\n<p>\u201eTarsi pasaulio pabaiga\u201c, \u2013 komentuoja gyventojai.<\/p>\n<p>Dramati\u0161kame vaizdo \u012fra\u0161e matyti, kaip Kanadoje krovinin\u012f traukin\u012f apsupa mi\u0161ko gaisro liepsnos, o darbuotojai pra\u0161o skubios pagalbos ir prane\u0161a, kad yra \u201eapsupti\u201c ugnies.<\/p>\n<p>    <img decoding=\"async\" src=\"https:\/\/www.europesays.com\/lt\/wp-content\/uploads\/2026\/07\/e40de0e9-3d74-4c1f-a20d-ceafe7857e5f.jpg\" loading=\"lazy\" alt=\"Gaisrai Kanadoje\"\/>      <\/p>\n<p>\u201eUgnis gali mus netrukus pasiekti. Pad\u0117tis darosi i\u0161ties bauginanti\u201c, \u2013 sako vienas i\u0161 \u012fgulos nari\u0173. Vaizdo \u012fra\u0161as u\u017efiksuotas Ontarijo provincijoje.<\/p>\n<p>Kanados nacionalin\u0117 gele\u017einkeli\u0173 bendrov\u0117 prane\u0161\u0117, kad visi darbuotojai, pirmadien\u012f netoli Armstrongo buv\u0119 liepsn\u0173 apsuptoje traukinio kabinoje, yra saug\u016bs, jie evakuoti.<\/p>\n<p>    <img decoding=\"async\" src=\"https:\/\/www.europesays.com\/lt\/wp-content\/uploads\/2026\/07\/a5e7783a-2c31-4fd6-9560-b34324f34a53.jpg\" loading=\"lazy\" alt=\"Gaisrai Kanadoje\"\/>    <\/p>\n<p>\u0160iais metais Kanados mi\u0161k\u0173 gaisrai jau nuniokojo ma\u017eiausiai 1,9 milijono hektar\u0173 plot\u0105 \u2013 tai beveik Slov\u0117nijos dyd\u017eio teritorija.<\/p>\n<p>Padaryta \u017eala vis dar yra gerokai ma\u017eesn\u0117 nei 2023 m., kai Kanadoje buvo u\u017efiksuotas blogiausias mi\u0161k\u0173 gaisr\u0173 sezonas per vis\u0105 istorij\u0105, o jo metu \u0161alyje i\u0161deg\u0117 beveik 18 milijon\u0173 hektar\u0173 plotas.<\/p>\n<p>Oro kokyb\u0117 ypa\u010d prasta<\/p>\n<p>Netoli Kanados sienos esan\u010diose JAV valstijose, \u012fskaitant Minesot\u0105, Viskonsin\u0105, Mi\u010digan\u0105 ir Ilinoj\u0173, oro kokyb\u0117 buvo ypa\u010d prasta; oro kokyb\u0117s pablog\u0117jimas buvo pastebimas ir \u0160iaur\u0117s Rytuose, \u012fskaitant Niujork\u0105.<\/p>\n<p>Ketvirtadien\u012f vakare oro kokyb\u0117s steb\u0117jimo tarnyba \u201eIQAir\u201c prane\u0161\u0117, kad \u010cikaga ir Detroitas yra labiausiai u\u017eter\u0161ti miestai pasaulyje, o nuo j\u0173 nedaug atsilieka ir Niujorkas.<\/p>\n<p>Daugiausia gyventoj\u0173 turint\u012f JAV miest\u0105 gaub\u0117 d\u016bmai, o valstijos vald\u017eios institucijos \u012fsp\u0117jo, kad juose esan\u010dios smulkios kietosios dalel\u0117s kelia pavoj\u0173 vis\u0173 Niujorko didmies\u010dio zonos ir Long Ailando gyventoj\u0173 sveikatai.<\/p>\n<p>Dar blogesn\u0117 oro kokyb\u0117 buvo centrin\u0117se ir vakarin\u0117se valstijos srityse.<\/p>\n<p>    <img decoding=\"async\" src=\"https:\/\/www.europesays.com\/lt\/wp-content\/uploads\/2026\/07\/44162203-651b-48b8-b3fa-1061380962d2.jpg\" loading=\"lazy\" alt=\"Torontas\"\/>    <\/p>\n<p>Vald\u017eios institucijos ragino niujorkie\u010dius kuo ma\u017eiau laiko praleisti lauke, o meras Zohranas Mamdani \u012fsp\u0117jo apie \u201erimt\u0105 gr\u0117sm\u0119\u201c, kuri\u0105 kelia didelis kar\u0161tis ir nesaugus oras.<\/p>\n<p>Bibliotekos ir gele\u017einkelio stotys nemokamai dalijo apsaugines kaukes, visame mieste buvo atidaryti \u0161imtai v\u0117sinimo centr\u0173 tiems, kurie neturi oro kondicionieriaus.<\/p>\n<p>\u201eTai gali tapti did\u017eiausiu su d\u016bmais susijusiu incidentu Niujorke nuo 2023 met\u0173, tod\u0117l situacija bus atid\u017eiai stebima, siekiant laiku pasteb\u0117ti bet kok\u012f pablog\u0117jim\u0105\u201c, \u2013 teig\u0117 miesto Avarini\u0173 situacij\u0173 valdymo departamentas.<\/p>\n<p>Tais metais miesto dangus nusida\u017e\u0117 bauginan\u010dia oran\u017eine spalva, o oro kokyb\u0117s rodiklis pasiek\u0117 pavojing\u0105 lyg\u012f \u2013 465 punktus.<\/p>\n<p>Spaud\u017eia kr\u016btin\u0119<\/p>\n<p>JAV Aplinkos apsaugos agent\u016bros duomenimis, ketvirtadien\u012f Vidurio Vakar\u0173 regione dabartiniai indekso rodikliai smarkiai vir\u0161ijo \u0161\u012f skai\u010di\u0173.<\/p>\n<p>\u010cikagoje, taip pat Ohajo valstijos Toledo mieste ir kai kuriose Minesotos valstijos vietov\u0117se, esan\u010diose palyginti netoli gaisr\u0173 viet\u0173, popiet\u0119 oro kokyb\u0117s indeksas gerokai vir\u0161ijo 700 punkt\u0173 rib\u0105. Did\u017eiojoje likusioje \u0160iaur\u0117s Vidurio Vakar\u0173 dalyje jis taip pat pasiek\u0117 blogiausi\u0105 kategorij\u0105 \u2013 oras joje tapo \u201epavojingas\u201c.<\/p>\n<p>Viso regiono savivaldyb\u0117ms at\u0161aukus lauke vykstan\u010dius renginius, \u010cikagoje buvo atid\u0117tos ir did\u017eiosios futbolo lygos rungtyn\u0117s.<\/p>\n<p>38-met\u0117 Erin Lucey savo \u0161eimos ekologi\u0161k\u0173 dar\u017eovi\u0173 \u016bkyje piet\u0173-centrin\u0117je Viskonsino dalyje vis\u0105 ryt\u0105 rinko cukinijas, pupeles bei agurkus. Ji bei jai tvankiame kar\u0161tyje talkinantys darbininkai d\u0117v\u0117jo kaukes, tur\u0117jusias pad\u0117ti jiems apsisaugoti nuo \u0161i\u0105 vietov\u0119 apgaubusios d\u016bm\u0173 miglos.<\/p>\n<p>\u201eMums spaud\u017eia kr\u016btin\u0119\u201c, \u2013 naujien\u0173 agent\u016brai AFP sak\u0117 ji, pridurdama, kad d\u0117l d\u016bm\u0173 bei neseniai tvyrojusi\u0173 dideli\u0173 kar\u0161\u010di\u0173 ir i\u0161d\u017ei\u016bvusi\u0173 lauk\u0173 atmosfera tapo \u201eklaiki\u201c.<\/p>\n<p>\u201eVisi m\u0105stome apie trapi\u0105 pusiausvyr\u0105, susijusi\u0105 su maisto auginimu ateityje, ir pastebime, kad negalime \u012fsivaizduoti, kaip \u010dia viskas atrodys po 100 met\u0173\u201c, \u2013 sak\u0117 ji.<\/p>\n<p>\u201eJei \u017emon\u0117s, kaip ir mes, dirbt\u0173 lauke ir matyt\u0173, kaip viskas atrodo, jei jie netur\u0117t\u0173 oro kondicionavimo teikiamo patogumo, mes daug grei\u010diau imtum\u0117m\u0117s poky\u010di\u0173, siekdami i\u0161spr\u0119sti klimato kriz\u0119\u201c, \u2013 prid\u016br\u0117 \u016bkinink\u0117.<\/p>\n<p>Mi\u010digano aplinkos, Did\u017ei\u0173j\u0173 e\u017eer\u0173 ir energetikos departamentas prane\u0161\u0117, kad prognozuojama, jog pavojingos s\u0105lygos t\u0119sis iki penktadienio, o \u201egeriausias m\u016bs\u0173 d\u016bm\u0173 modelis suteikia galimyb\u0119 sudaryti tik ateinan\u010di\u0173 48 valand\u0173 prognozes\u201c.<\/p>\n<p>\u201e\u0160is modelis \u0161iuo metu rodo, kad pad\u0117tis \u0161e\u0161tadien\u012f tur\u0117t\u0173 pager\u0117ti, ta\u010diau tik\u0117tina, kad d\u016bmai dar kur\u012f laik\u0105 i\u0161liks ir v\u0117l plis\u201c, \u2013 teig\u0117 agent\u016bra.<\/p>\n","protected":false},"excerpt":{"rendered":"Kanadoje vyksta evakuacijos D\u0117l pavojingos oro kokyb\u0117s ken\u010dia ir Torontas, o naujausi Kanados duomenys parod\u0117, kad \u0161iaur\u0117s vakar\u0173&hellip;\n","protected":false},"author":2,"featured_media":230758,"comment_status":"","ping_status":"","sticky":false,"template":"","format":"standard","meta":{"footnotes":"","_share_on_mastodon":"0"},"categories":[15],"tags":[25,30,31,34,35,24,223,350,32,33,37,39,36,38,40,23,22,44,28,29,26,27,74,75,76],"class_list":["post-230757","post","type-post","status-publish","format-standard","has-post-thumbnail","category-pasaulis","tag-antrastes","tag-breaking-news","tag-breakingnews","tag-featured-news","tag-featurednews","tag-headlines","tag-jav","tag-kanada","tag-latest-news","tag-latestnews","tag-lietuva","tag-lietuviu","tag-lithuania","tag-lithuanian","tag-lt","tag-naujienos","tag-news","tag-pasaulis","tag-populiariausios-naujienos","tag-populiariausiosnaujienos","tag-top-stories","tag-topstories","tag-world","tag-world-news","tag-worldnews"],"share_on_mastodon":{"url":"https:\/\/pubeurope.com\/@lt\/116934378004861208","error":""},"_links":{"self":[{"href":"https:\/\/www.europesays.com\/lt\/wp-json\/wp\/v2\/posts\/230757","targetHints":{"allow":["GET"]}}],"collection":[{"href":"https:\/\/www.europesays.com\/lt\/wp-json\/wp\/v2\/posts"}],"about":[{"href":"https:\/\/www.europesays.com\/lt\/wp-json\/wp\/v2\/types\/post"}],"author":[{"embeddable":true,"href":"https:\/\/www.europesays.com\/lt\/wp-json\/wp\/v2\/users\/2"}],"replies":[{"embeddable":true,"href":"https:\/\/www.europesays.com\/lt\/wp-json\/wp\/v2\/comments?post=230757"}],"version-history":[{"count":0,"href":"https:\/\/www.europesays.com\/lt\/wp-json\/wp\/v2\/posts\/230757\/revisions"}],"wp:featuredmedia":[{"embeddable":true,"href":"https:\/\/www.europesays.com\/lt\/wp-json\/wp\/v2\/media\/230758"}],"wp:attachment":[{"href":"https:\/\/www.europesays.com\/lt\/wp-json\/wp\/v2\/media?parent=230757"}],"wp:term":[{"taxonomy":"category","embeddable":true,"href":"https:\/\/www.europesays.com\/lt\/wp-json\/wp\/v2\/categories?post=230757"},{"taxonomy":"post_tag","embeddable":true,"href":"https:\/\/www.europesays.com\/lt\/wp-json\/wp\/v2\/tags?post=230757"}],"curies":[{"name":"wp","href":"https:\/\/api.w.org\/{rel}","templated":true}]}}