{"id":231052,"date":"2026-07-17T14:48:54","date_gmt":"2026-07-17T14:48:54","guid":{"rendered":"https:\/\/www.europesays.com\/lt\/231052\/"},"modified":"2026-07-17T14:48:54","modified_gmt":"2026-07-17T14:48:54","slug":"vairuotojai-penktadieni-dusta-magistrale-i-pajuri-stovi-vietoje","status":"publish","type":"post","link":"https:\/\/www.europesays.com\/lt\/231052\/","title":{"rendered":"Vairuotojai penktadien\u012f d\u016bsta \u2013 magistral\u0117 \u012f paj\u016br\u012f stovi vietoje"},"content":{"rendered":"<p>Vairuotojai socialinio tinklo \u201eFacebook\u201c grup\u0117je \u201eKur stovi policija Kaune\u201c prane\u0161a, kad Klaip\u0117dos link formuojasi nemenkas kam\u0161tis. Sul\u0117t\u0117jus\u012f eism\u0105 rodo ir navigacijos program\u0117l\u0117s.<\/p>\n<p>\u201eNuo Babt\u0173 kam\u0161tis 15 km iki Vincentavos\u201c, \u2013 ra\u0161o vienas vartotoj\u0173.<\/p>\n<p>\u201eVos vos judam nuo Babt\u0173\u201c, \u2013 priduria kita.<\/p>\n<p>Tiesa, min\u0117toje atkarpoje vykdomi kelio remonto darbai. Kaip rodo \u201eGoogle Maps\u201c, sud\u0117tingiausia situacija yra iki Cinki\u0161ki\u0173 viaduko, nusukimo K\u0117daini\u0173 link<\/p>\n<p>Vairuotojai komentaruose irgi patvirtina, kad u\u017e i\u0161si\u0161akojimo eismas ima jud\u0117ti grei\u010diau.<\/p>\n<p>    <img decoding=\"async\" src=\"https:\/\/www.europesays.com\/lt\/wp-content\/uploads\/2026\/07\/a175f2a1-5867-4f00-b39e-106c13a7331d.jpg\" loading=\"lazy\" alt=\"Asociatyvi nuotr. Sp\u016bstis kelyje A1 ties Babtais\"\/>      <\/p>\n<p>\u201eGoogle Maps\u201c rodo, kad pasibaigus \u0161iai sp\u016bs\u010diai netoliese formuojasi ir kita \u2013 ties Paaluonio viaduku.<\/p>\n<p>\u201e<a rel=\"noopener nofollow\" href=\"http:\/\/Eismoinfo.lt\" target=\"_blank\">Eismoinfo.lt<\/a>\u201c duomenimis, kelyje A1 (Vilnius\u2013Kaunas\u2013Klaip\u0117da) 124.905 &#8211; 134.694km (ma\u017edaug nuo Babt\u0173 iki Vincentavos) vykdomi kelio remonto darbai, tod\u0117l \u0161ioje vietoje ribojamas greitis, susiaurinta va\u017eiuojamoji dalis.<\/p>\n<p>Ties nusukimu \u012f K\u0117dainius remontuojama kelio Aristava\u2013K\u0117dainiai\u2013Cinki\u0161kiai dalis, kur eismas reguliuojamas \u0161viesoforu.<\/p>\n","protected":false},"excerpt":{"rendered":"Vairuotojai socialinio tinklo \u201eFacebook\u201c grup\u0117je \u201eKur stovi policija Kaune\u201c prane\u0161a, kad Klaip\u0117dos link formuojasi nemenkas kam\u0161tis. Sul\u0117t\u0117jus\u012f eism\u0105&hellip;\n","protected":false},"author":2,"featured_media":231053,"comment_status":"","ping_status":"","sticky":false,"template":"","format":"standard","meta":{"footnotes":"","_share_on_mastodon":"0"},"categories":[13],"tags":[25,20500,30,31,34,35,24,1061,13063,511,32,33,37,39,36,38,40,23,22,28,29,26,27],"class_list":["post-231052","post","type-post","status-publish","format-standard","has-post-thumbnail","category-lietuva","tag-antrastes","tag-automobiliu-spustys","tag-breaking-news","tag-breakingnews","tag-featured-news","tag-featurednews","tag-headlines","tag-kaunas","tag-kelio-remontas","tag-klaipeda","tag-latest-news","tag-latestnews","tag-lietuva","tag-lietuviu","tag-lithuania","tag-lithuanian","tag-lt","tag-naujienos","tag-news","tag-populiariausios-naujienos","tag-populiariausiosnaujienos","tag-top-stories","tag-topstories"],"share_on_mastodon":{"url":"https:\/\/pubeurope.com\/@lt\/116935876306403437","error":""},"_links":{"self":[{"href":"https:\/\/www.europesays.com\/lt\/wp-json\/wp\/v2\/posts\/231052","targetHints":{"allow":["GET"]}}],"collection":[{"href":"https:\/\/www.europesays.com\/lt\/wp-json\/wp\/v2\/posts"}],"about":[{"href":"https:\/\/www.europesays.com\/lt\/wp-json\/wp\/v2\/types\/post"}],"author":[{"embeddable":true,"href":"https:\/\/www.europesays.com\/lt\/wp-json\/wp\/v2\/users\/2"}],"replies":[{"embeddable":true,"href":"https:\/\/www.europesays.com\/lt\/wp-json\/wp\/v2\/comments?post=231052"}],"version-history":[{"count":0,"href":"https:\/\/www.europesays.com\/lt\/wp-json\/wp\/v2\/posts\/231052\/revisions"}],"wp:featuredmedia":[{"embeddable":true,"href":"https:\/\/www.europesays.com\/lt\/wp-json\/wp\/v2\/media\/231053"}],"wp:attachment":[{"href":"https:\/\/www.europesays.com\/lt\/wp-json\/wp\/v2\/media?parent=231052"}],"wp:term":[{"taxonomy":"category","embeddable":true,"href":"https:\/\/www.europesays.com\/lt\/wp-json\/wp\/v2\/categories?post=231052"},{"taxonomy":"post_tag","embeddable":true,"href":"https:\/\/www.europesays.com\/lt\/wp-json\/wp\/v2\/tags?post=231052"}],"curies":[{"name":"wp","href":"https:\/\/api.w.org\/{rel}","templated":true}]}}