{"id":231058,"date":"2026-07-17T14:53:34","date_gmt":"2026-07-17T14:53:34","guid":{"rendered":"https:\/\/www.europesays.com\/lt\/231058\/"},"modified":"2026-07-17T14:53:34","modified_gmt":"2026-07-17T14:53:34","slug":"bendrovei-grigeo-klaipeda-vadovaus-sersnioviene","status":"publish","type":"post","link":"https:\/\/www.europesays.com\/lt\/231058\/","title":{"rendered":"Bendrovei \u201eGrigeo Klaip\u0117da\u201c vadovaus \u0160er\u0161niovien\u0117"},"content":{"rendered":"<p>G. \u0160er\u0161niovien\u0117 pakeit\u0117 Tom\u0105 Eikin\u0105, kuris \u012fmonei vadovavo nuo 2019 m. <\/p>\n<p>\u201e<a rel=\"noopener nofollow\" target=\"_blank\" href=\"https:\/\/www.delfi.lt\/temos\/grigeo-group\" tag-id=\"96616914\">Grigeo Klaip\u0117da<\/a>\u201c valdybos pirmininko Roberto Krutikovo teigimu, \u0161iuo metu kardinaliai kei\u010diasi situacija tarptautin\u0117se popieriaus pakuot\u0117s rinkose, tod\u0117l bus stiprinamos pastangos i\u0161naudoti <a rel=\"noopener nofollow\" target=\"_blank\" href=\"https:\/\/www.delfi.lt\/temos\/fabrikas\" tag-id=\"66152622\">fabriko<\/a> potencial\u0105 naujoms galimyb\u0117ms.<\/p>\n<p>\u201eNeabejojame, kad \u0161iuo i\u0161\u0161\u016bki\u0173 laikotarpiu naujai vadovei itin pravers ne tik i\u0161ugdytos lyderio savyb\u0117s, bet ir per daugiau kaip 20 met\u0173 sukaupta patirtis su \u012fmon\u0117s veikla, klientais ir komanda\u201c, \u2013 teigia R. Krutikovas.<\/p>\n<p>G. \u0160er\u0161niovien\u0117 iki \u0161iol dirbo \u012fmon\u0117s pardavim\u0173 vadove.<\/p>\n<p>Pernai \u201eGrigeo Klaip\u0117da\u201c apyvarta i\u0161liko stabili ir siek\u0117 49,52 mln. eur\u0173, ta\u010diau d\u0117l i\u0161augusi\u0173 gamybos ka\u0161t\u0173 ir pasikeitusios produkcijos paklausos bendrov\u0117 pernai patyr\u0117 2,4 mln. eur\u0173 gryn\u0105j\u012f nuostol\u012f, kai 2024 m. fiksavo 1,76 mln. eur\u0173 gryn\u0105j\u012f peln\u0105.<\/p>\n","protected":false},"excerpt":{"rendered":"G. \u0160er\u0161niovien\u0117 pakeit\u0117 Tom\u0105 Eikin\u0105, kuris \u012fmonei vadovavo nuo 2019 m. \u201eGrigeo Klaip\u0117da\u201c valdybos pirmininko Roberto Krutikovo teigimu,&hellip;\n","protected":false},"author":2,"featured_media":231059,"comment_status":"","ping_status":"","sticky":false,"template":"","format":"standard","meta":{"footnotes":"","_share_on_mastodon":"0"},"categories":[17],"tags":[81,4210,31051,37,39,36,38,40,46],"class_list":["post-231058","post","type-post","status-publish","format-standard","has-post-thumbnail","category-verslas","tag-business","tag-fabrikas","tag-grigeo-group","tag-lietuva","tag-lietuviu","tag-lithuania","tag-lithuanian","tag-lt","tag-verslas"],"share_on_mastodon":{"url":"https:\/\/pubeurope.com\/@lt\/116935891712463550","error":""},"_links":{"self":[{"href":"https:\/\/www.europesays.com\/lt\/wp-json\/wp\/v2\/posts\/231058","targetHints":{"allow":["GET"]}}],"collection":[{"href":"https:\/\/www.europesays.com\/lt\/wp-json\/wp\/v2\/posts"}],"about":[{"href":"https:\/\/www.europesays.com\/lt\/wp-json\/wp\/v2\/types\/post"}],"author":[{"embeddable":true,"href":"https:\/\/www.europesays.com\/lt\/wp-json\/wp\/v2\/users\/2"}],"replies":[{"embeddable":true,"href":"https:\/\/www.europesays.com\/lt\/wp-json\/wp\/v2\/comments?post=231058"}],"version-history":[{"count":0,"href":"https:\/\/www.europesays.com\/lt\/wp-json\/wp\/v2\/posts\/231058\/revisions"}],"wp:featuredmedia":[{"embeddable":true,"href":"https:\/\/www.europesays.com\/lt\/wp-json\/wp\/v2\/media\/231059"}],"wp:attachment":[{"href":"https:\/\/www.europesays.com\/lt\/wp-json\/wp\/v2\/media?parent=231058"}],"wp:term":[{"taxonomy":"category","embeddable":true,"href":"https:\/\/www.europesays.com\/lt\/wp-json\/wp\/v2\/categories?post=231058"},{"taxonomy":"post_tag","embeddable":true,"href":"https:\/\/www.europesays.com\/lt\/wp-json\/wp\/v2\/tags?post=231058"}],"curies":[{"name":"wp","href":"https:\/\/api.w.org\/{rel}","templated":true}]}}